{"id":16618,"date":"2024-04-02T11:54:30","date_gmt":"2024-04-02T09:54:30","guid":{"rendered":"https:\/\/www.pr-neu.de\/newsroom\/?p=16618"},"modified":"2025-02-17T15:33:07","modified_gmt":"2025-02-17T14:33:07","slug":"jannik-masjoshusmann-neu-im-aussendienst-von-ts-aluminium","status":"publish","type":"post","link":"https:\/\/www.pr-neu.de\/newsroom\/jannik-masjoshusmann-neu-im-aussendienst-von-ts-aluminium\/","title":{"rendered":"Jannik Masjoshusmann neu im Au\u00dfendienst von TS-Aluminium"},"content":{"rendered":"<p>&nbsp;<\/p>\n<p><u>TS-Aluminium: Vertrieb in Mitteldeutschland verst\u00e4rkt<\/u><\/p>\n<p>Jannik Masjoshusmann (27) startet als neuer Au\u00dfendienstmitarbeiter bei TS-Aluminium. Der gelernte Kaufmann im Gro\u00df- und Au\u00dfenhandel verf\u00fcgt bereits \u00fcber Berufserfahrung im Vertrieb von Metallbauteilen. Damit ist er ein kompetenter Ansprechpartner f\u00fcr Fachbetriebe im n\u00f6rdlichen Hessen bis in das Ruhrgebiet (PLZ Gebiete 34-35, 40-48, 52, 57-59). Dar\u00fcber hinaus betreut er ebenfalls TS-Aluminiums Partner im Ausland \u2013 er ist der Ansprechpartner f\u00fcr Anfragen aus den Niederlanden.<\/p>\n<p>\u201eTS-Aluminium \u00fcberzeugte mich mit ihrem abwechslungsreichen Arbeitsumfeld und einer professionellen und famili\u00e4ren Unternehmenskultur als in zweiter Generation familiengef\u00fchrter Betrieb. Als Fundament werden Ehrlichkeit und Wertsch\u00e4tzung hier in allen Bereichen gelebt,\u201c erkl\u00e4rt Masjoshusmann seine Entscheidung, sich dem Vertriebs-Team anzuschlie\u00dfen.<\/p>\n<p>&nbsp;<\/p>\n<hr \/>\n<p>&nbsp;<\/p>\n<p><a href=\"http:\/\/www.pr-neu.de\/newsroom\/wordpress\/wp-content\/uploads\/2024\/04\/24-07_Jannik_Masjoshusmann_K.jpg\" target=\"_blank\" rel=\"noopener\"><img loading=\"lazy\" decoding=\"async\" class=\"aligncenter wp-image-16619 size-medium\" src=\"http:\/\/www.pr-neu.de\/newsroom\/wordpress\/wp-content\/uploads\/2024\/04\/24-07_Jannik_Masjoshusmann_K-217x300.jpg\" alt=\"Jannik Masjoshusmann verst\u00e4rkt bei TS-Aluminium den Vertrieb in Mitteldeutschland und den Niederlanden.\" width=\"217\" height=\"300\" srcset=\"https:\/\/www.pr-neu.de\/newsroom\/wordpress\/wp-content\/uploads\/2024\/04\/24-07_Jannik_Masjoshusmann_K-217x300.jpg 217w, https:\/\/www.pr-neu.de\/newsroom\/wordpress\/wp-content\/uploads\/2024\/04\/24-07_Jannik_Masjoshusmann_K-739x1024.jpg 739w, https:\/\/www.pr-neu.de\/newsroom\/wordpress\/wp-content\/uploads\/2024\/04\/24-07_Jannik_Masjoshusmann_K-768x1064.jpg 768w, https:\/\/www.pr-neu.de\/newsroom\/wordpress\/wp-content\/uploads\/2024\/04\/24-07_Jannik_Masjoshusmann_K-1109x1536.jpg 1109w, https:\/\/www.pr-neu.de\/newsroom\/wordpress\/wp-content\/uploads\/2024\/04\/24-07_Jannik_Masjoshusmann_K-1479x2048.jpg 1479w, https:\/\/www.pr-neu.de\/newsroom\/wordpress\/wp-content\/uploads\/2024\/04\/24-07_Jannik_Masjoshusmann_K-79x110.jpg 79w, https:\/\/www.pr-neu.de\/newsroom\/wordpress\/wp-content\/uploads\/2024\/04\/24-07_Jannik_Masjoshusmann_K-303x420.jpg 303w, https:\/\/www.pr-neu.de\/newsroom\/wordpress\/wp-content\/uploads\/2024\/04\/24-07_Jannik_Masjoshusmann_K-310x430.jpg 310w, https:\/\/www.pr-neu.de\/newsroom\/wordpress\/wp-content\/uploads\/2024\/04\/24-07_Jannik_Masjoshusmann_K.jpg 1733w\" sizes=\"auto, (max-width: 217px) 100vw, 217px\" \/><\/a><\/p>\n<p style=\"text-align: center;\">Jannik Masjoshusmann verst\u00e4rkt bei TS-Aluminium den Vertrieb in Mitteldeutschland und den Niederlanden.<br \/>\nBild: TS-Aluminium-Profilsysteme GmbH &amp; Co. KG<\/p>\n<p>&nbsp;<\/p>\n<hr \/>\n<p>&nbsp;<\/p>\n<p><strong>Die Nummer Eins unter den Dachprofilsystemen<\/strong><\/p>\n<p>TS-Aluminium ist der f\u00fchrende Anbieter von hochwertigen Aluminium-Profilsystemen \u201eMade in Germany\u201c. Das Familienunternehmen entwickelt, produziert und liefert ma\u00dfgeschneiderte Systeml\u00f6sungen f\u00fcr Winterg\u00e4rten, Sommerg\u00e4rten und Terrassend\u00e4cher in Premium-Qualit\u00e4t. Zus\u00e4tzlich geh\u00f6ren Faltanlagen, \u00d6ffnungselemente, L\u00fcftungs- und Steuerungssysteme zum Portfolio des \u201eHidden Champions\u201c. Gemeinsam mit einem Netz aus Verarbeitern und Fachh\u00e4ndlern setzt TS-Aluminium auch im europ\u00e4ischen Ausland Standards und steht f\u00fcr h\u00f6chste Qualit\u00e4t und Kundenorientierung. Mit mehr als 40 Jahren Expertise entwickelt der Systemgeber seine Produkte kontinuierlich weiter und bietet umfassende Beratungs- und Serviceleistungen auf Augenh\u00f6he.<\/p>\n<p>Vom Zwei-Mann-Betrieb zum Marktf\u00fchrer in Deutschland: TS-Aluminium besch\u00e4ftigt in Gro\u00dfefehn \u00fcber 130 Arbeitnehmer.<\/p>\n<p>&nbsp;<\/p>\n<hr \/>\n<p>&nbsp;<\/p>\n<p>Abdruck honorarfrei, Belegexemplar erbeten<\/p>\n","protected":false},"excerpt":{"rendered":"<p>Jannik Masjoshusmann (27) startet als neuer Au\u00dfendienstmitarbeiter bei TS-Aluminium.<\/p>\n","protected":false},"author":10,"featured_media":16620,"comment_status":"closed","ping_status":"open","sticky":false,"template":"","format":"standard","meta":{"footnotes":""},"categories":[1761],"tags":[2890,392,393,1751,1793,611],"class_list":["post-16618","post","type-post","status-publish","format-standard","has-post-thumbnail","hentry","category-ts-aluminium","tag-hr","tag-personal","tag-personalia","tag-personalie","tag-ts-aluminium","tag-vertrieb"],"_links":{"self":[{"href":"https:\/\/www.pr-neu.de\/newsroom\/wp-json\/wp\/v2\/posts\/16618","targetHints":{"allow":["GET"]}}],"collection":[{"href":"https:\/\/www.pr-neu.de\/newsroom\/wp-json\/wp\/v2\/posts"}],"about":[{"href":"https:\/\/www.pr-neu.de\/newsroom\/wp-json\/wp\/v2\/types\/post"}],"author":[{"embeddable":true,"href":"https:\/\/www.pr-neu.de\/newsroom\/wp-json\/wp\/v2\/users\/10"}],"replies":[{"embeddable":true,"href":"https:\/\/www.pr-neu.de\/newsroom\/wp-json\/wp\/v2\/comments?post=16618"}],"version-history":[{"count":3,"href":"https:\/\/www.pr-neu.de\/newsroom\/wp-json\/wp\/v2\/posts\/16618\/revisions"}],"predecessor-version":[{"id":17457,"href":"https:\/\/www.pr-neu.de\/newsroom\/wp-json\/wp\/v2\/posts\/16618\/revisions\/17457"}],"wp:featuredmedia":[{"embeddable":true,"href":"https:\/\/www.pr-neu.de\/newsroom\/wp-json\/wp\/v2\/media\/16620"}],"wp:attachment":[{"href":"https:\/\/www.pr-neu.de\/newsroom\/wp-json\/wp\/v2\/media?parent=16618"}],"wp:term":[{"taxonomy":"category","embeddable":true,"href":"https:\/\/www.pr-neu.de\/newsroom\/wp-json\/wp\/v2\/categories?post=16618"},{"taxonomy":"post_tag","embeddable":true,"href":"https:\/\/www.pr-neu.de\/newsroom\/wp-json\/wp\/v2\/tags?post=16618"}],"curies":[{"name":"wp","href":"https:\/\/api.w.org\/{rel}","templated":true}]}}