{"id":16614,"date":"2024-03-26T14:07:42","date_gmt":"2024-03-26T13:07:42","guid":{"rendered":"https:\/\/www.pr-neu.de\/newsroom\/?p=16614"},"modified":"2024-03-26T14:07:42","modified_gmt":"2024-03-26T13:07:42","slug":"nach-dem-hochwasser-wege-um-den-oelper-see-sind-wieder-frei","status":"publish","type":"post","link":"https:\/\/www.pr-neu.de\/newsroom\/nach-dem-hochwasser-wege-um-den-oelper-see-sind-wieder-frei\/","title":{"rendered":"Nach dem Hochwasser: Wege um den \u00d6lper See sind wieder frei"},"content":{"rendered":"<p>&nbsp;<\/p>\n<p><u>Braunschweig, 26. M\u00e4rz 2024<\/u>. Der \u00d6lper See ist \u2013 inklusive des Ufergel\u00e4ndes \u2013 nicht nur ein beliebtes Naherholungsgebiet, sondern auch \u00dcberlauf- und Retentionsfl\u00e4che bei Hochwasser. Gemeint ist damit, dass bei hohen Pegeln der Oker Wasser aus der Innenstadt hierhin geleitet wird, um das Stadtgebiet vor \u00dcberflutung zu sch\u00fctzen. Seit Anfang Dezember und \u00fcber das Weihnachtshochwasser 2023 bis weit ins neue Jahr stand die Fl\u00e4che rund um den \u00d6lper See unter Wasser. Der See war nicht mehr zug\u00e4nglich, selbst Spazierg\u00e4nge waren unm\u00f6glich. Mittlerweile sind die Wege und auch der Hochsteg wieder frei. Durch die lange Standzeit des Hochwassers hat sich allerdings mehr Treib- und Schwemmgut angesammelt als gew\u00f6hnlich. Der Gew\u00e4sserdienst der Stadtentw\u00e4sserung Braunschweig GmbH (SEBS) ist seitdem damit besch\u00e4ftigt, die Folgen des Hochwassers wieder in Ordnung zu bringen. Aufr\u00e4umarbeiten laufen bereits, abgestimmt mit der Stadt Braunschweig. Ein sonniger Osterspaziergang rund um den See ist aber jetzt schon wieder m\u00f6glich \u2013 wenn das Wetter mitspielt!<\/p>\n<p>&nbsp;<\/p>\n<hr \/>\n<p>&nbsp;<\/p>\n<p><a href=\"http:\/\/www.pr-neu.de\/newsroom\/wordpress\/wp-content\/uploads\/2024\/03\/24_05_OelperSee_K.jpg\" target=\"_blank\" rel=\"noopener\"><img loading=\"lazy\" decoding=\"async\" class=\"aligncenter wp-image-16615 size-medium\" src=\"http:\/\/www.pr-neu.de\/newsroom\/wordpress\/wp-content\/uploads\/2024\/03\/24_05_OelperSee_K-300x225.jpg\" alt=\"Braunschweig: W\u00e4hrend des Hochwassers 2023 diente das Gel\u00e4nde um den \u00d6lper See als \u201eAuffanggebiet\u201c f\u00fcr die Wassermassen. \" width=\"300\" height=\"225\" srcset=\"https:\/\/www.pr-neu.de\/newsroom\/wordpress\/wp-content\/uploads\/2024\/03\/24_05_OelperSee_K-300x225.jpg 300w, https:\/\/www.pr-neu.de\/newsroom\/wordpress\/wp-content\/uploads\/2024\/03\/24_05_OelperSee_K-1024x768.jpg 1024w, https:\/\/www.pr-neu.de\/newsroom\/wordpress\/wp-content\/uploads\/2024\/03\/24_05_OelperSee_K-768x576.jpg 768w, https:\/\/www.pr-neu.de\/newsroom\/wordpress\/wp-content\/uploads\/2024\/03\/24_05_OelperSee_K-1536x1152.jpg 1536w, https:\/\/www.pr-neu.de\/newsroom\/wordpress\/wp-content\/uploads\/2024\/03\/24_05_OelperSee_K-2048x1536.jpg 2048w, https:\/\/www.pr-neu.de\/newsroom\/wordpress\/wp-content\/uploads\/2024\/03\/24_05_OelperSee_K-110x83.jpg 110w, https:\/\/www.pr-neu.de\/newsroom\/wordpress\/wp-content\/uploads\/2024\/03\/24_05_OelperSee_K-420x315.jpg 420w, https:\/\/www.pr-neu.de\/newsroom\/wordpress\/wp-content\/uploads\/2024\/03\/24_05_OelperSee_K-573x430.jpg 573w\" sizes=\"auto, (max-width: 300px) 100vw, 300px\" \/><\/a><\/p>\n<p style=\"text-align: center;\"><!--MBNHE--><span style=\"font-size: medium;\"><span style=\"font-family: Arial;\"><span>W\u00e4hrend des Hochwassers 2023 diente das Gel\u00e4nde um den \u00d6lper See als \u201eAuffanggebiet\u201c f\u00fcr die Wassermassen. Der Gew\u00e4sserdienst der Stadtentw\u00e4sserung Braunschweig GmbH (SEBS) richtet das Naherholungsgebiet derzeit wieder her. Wege und Hochsteg sind schon frei, die Fl\u00e4chen werden noch umweltgerecht aufgearbeitet.<br \/>\nFoto: SEBS<\/span><\/span><\/span><\/p>\n<p>&nbsp;<\/p>\n<hr \/>\n<p>&nbsp;<\/p>\n<p>Abdruck honorarfrei, Belegexemplar erbeten<\/p>\n","protected":false},"excerpt":{"rendered":"<p>W\u00e4hrend des Hochwassers 2023 diente das Gel\u00e4nde um den \u00d6lper See als \u201eAuffanggebiet\u201c f\u00fcr die Wassermassen. Der Gew\u00e4sserdienst der Stadtentw\u00e4sserung Braunschweig GmbH (SEBS) richtet das Naherholungsgebiet derzeit wieder her.<\/p>\n","protected":false},"author":9,"featured_media":16615,"comment_status":"closed","ping_status":"open","sticky":false,"template":"","format":"standard","meta":{"footnotes":""},"categories":[1517],"tags":[1557,1609,2888,2882,2886,2884,1611],"class_list":["post-16614","post","type-post","status-publish","format-standard","has-post-thumbnail","hentry","category-sebs","tag-braunschweig","tag-flut","tag-oelper-see","tag-sebs","tag-see","tag-stadtentwaesseung","tag-ueberflutung"],"_links":{"self":[{"href":"https:\/\/www.pr-neu.de\/newsroom\/wp-json\/wp\/v2\/posts\/16614","targetHints":{"allow":["GET"]}}],"collection":[{"href":"https:\/\/www.pr-neu.de\/newsroom\/wp-json\/wp\/v2\/posts"}],"about":[{"href":"https:\/\/www.pr-neu.de\/newsroom\/wp-json\/wp\/v2\/types\/post"}],"author":[{"embeddable":true,"href":"https:\/\/www.pr-neu.de\/newsroom\/wp-json\/wp\/v2\/users\/9"}],"replies":[{"embeddable":true,"href":"https:\/\/www.pr-neu.de\/newsroom\/wp-json\/wp\/v2\/comments?post=16614"}],"version-history":[{"count":1,"href":"https:\/\/www.pr-neu.de\/newsroom\/wp-json\/wp\/v2\/posts\/16614\/revisions"}],"predecessor-version":[{"id":16616,"href":"https:\/\/www.pr-neu.de\/newsroom\/wp-json\/wp\/v2\/posts\/16614\/revisions\/16616"}],"wp:featuredmedia":[{"embeddable":true,"href":"https:\/\/www.pr-neu.de\/newsroom\/wp-json\/wp\/v2\/media\/16615"}],"wp:attachment":[{"href":"https:\/\/www.pr-neu.de\/newsroom\/wp-json\/wp\/v2\/media?parent=16614"}],"wp:term":[{"taxonomy":"category","embeddable":true,"href":"https:\/\/www.pr-neu.de\/newsroom\/wp-json\/wp\/v2\/categories?post=16614"},{"taxonomy":"post_tag","embeddable":true,"href":"https:\/\/www.pr-neu.de\/newsroom\/wp-json\/wp\/v2\/tags?post=16614"}],"curies":[{"name":"wp","href":"https:\/\/api.w.org\/{rel}","templated":true}]}}