{"id":16604,"date":"2024-03-26T11:47:42","date_gmt":"2024-03-26T10:47:42","guid":{"rendered":"https:\/\/www.pr-neu.de\/newsroom\/?p=16604"},"modified":"2024-03-26T11:47:55","modified_gmt":"2024-03-26T10:47:55","slug":"weiss-klar-pur","status":"publish","type":"post","link":"https:\/\/www.pr-neu.de\/newsroom\/weiss-klar-pur\/","title":{"rendered":"Wei\u00df, klar, pur"},"content":{"rendered":"<p><u>Neues Verwaltungsgeb\u00e4ude der Molkerei A. M\u00fcller: Ganzglasfassade mit sedak gsp<\/u><\/p>\n<p><strong>In klarem Wei\u00df \u2013 passend zum Grundwerkstoff Milch \u2013 zeigt sich der neue Verwaltungsbau der Molkerei A. M\u00fcller in Aretsried. Die puristische Wirkung verdankt die Fassade aber vor allem dem Werkstoff Glas. 430 sedak gsp-Fassadenelemente geben der modernen Architektur Ausdruck. In Kombination mit fl\u00e4chenversetzen Fensterb\u00e4ndern entstand eine elegante und wirtschaftliche Ganzglasfassade f\u00fcr das Geb\u00e4ude, das als \u201eKfW-Effizienzhaus 40\u201c umgesetzt wurde und einen besonders energiesparenden Bau- und Sanierungsstandard erf\u00fcllt. Der Neubau schlie\u00dft als Querriegel an den Bestandsbau an. Im viergeschossigen Geb\u00e4ude liegen moderne B\u00fcros, eine variable Konferenzzone und das neue Betriebsrestaurant.<\/strong><\/p>\n<p>Die klare Architektur der Fassade entsteht durch die wei\u00dfe Glasoberfl\u00e4che und Elementl\u00e4ngen von bis zu 12\u200a Metern. Um die harmonische Ganzglasoptik \u00fcber die gesamte Fl\u00e4che zu erhalten, sind einige sedak gsp als Stufenelemente ausgef\u00fchrt \u2013 sie verdecken die Raffstore-Pakete der au\u00dfenliegenden Sonnenschutzanlage. D\u00e4mmung liefert das Sandwichpaneel (Variante PUR\u200a\/\u200a100\u200a\u200amm\u200a\/\u200aU-Wert 0,25 W\/m\u00b2K). Einige Elemente sind als Brandschutzachse entsprechend der Brandschutzvorgaben mit Mineralwollkern gefertigt.<\/p>\n<p><strong>Das Besondere realisieren<\/strong><br \/>\n\u201eMit sedak gsp ist eine energieeffiziente und elegante Glasfassade wirtschaftlich umsetzbar. Wand und D\u00e4mmung liefert ein herk\u00f6mmliches Sandwich-Paneel. Mit der gestaltbaren Glasoberfl\u00e4che l\u00e4sst sich dann das Besondere realisieren und Akzente im puncto Corporate Architecture setzen. Das neue Geb\u00e4ude der Molkerei ist daf\u00fcr ein Paradebeispiel: Nachhaltigkeit und Design sind smart kombiniert\u201c, erkl\u00e4rt sedak-Produktmanager Bernd R\u00f6sch.<\/p>\n<p><strong>Schnelle Montage<\/strong><br \/>\nEffizient ist auch die Bauweise. Das Montageprinzip von sedak gsp mittels Nut\/Federverbindung verk\u00fcrzt die Bauzeit, da das Fassadenelement als komplettes Bauteil in einem Montageschritt installiert wird. Insbesondere f\u00fcr Bauherren ein wirtschaftlicher Aspekt. Es erm\u00f6glicht einen schnellen Baufortschritt und eine schnellere Inbetriebnahme des Geb\u00e4udes Montiert wurde die Fassade vom Metallbau-Unternehmen F\u00fcrst aus Aichach.<\/p>\n<p>&nbsp;<\/p>\n<hr \/>\n<p>&nbsp;<\/p>\n<p><strong>Bautafel: Hauptverwaltung Molkerei A. M\u00fcller, Aretsried<\/strong><\/p>\n<ul>\n<li>sedak gsp<\/li>\n<li>420 Elemente mit PUR-D\u00e4mmkern (100\u200amm)<br \/>\n\u00ad<\/li>\n<li>10 Elemente Mineralwoll-D\u00e4mmkern (100\u200amm)<\/li>\n<li>Max. Paneel-L\u00e4nge: 12 Meter<\/li>\n<li>Keramischer Walzendruck: Wei\u00df (RAL 9010) \/<\/li>\n<li>U-Wert 0,25 W\/m\u00b2K (sedak gsp PUR-D\u00e4mmern)<\/li>\n<\/ul>\n<p>&nbsp;<\/p>\n<hr \/>\n<p>&nbsp;<\/p>\n<p><a href=\"http:\/\/www.pr-neu.de\/newsroom\/wordpress\/wp-content\/uploads\/2024\/03\/24-01_01_K.jpg\" target=\"_blank\" rel=\"noopener\"><img loading=\"lazy\" decoding=\"async\" class=\"wp-image-16606 size-medium aligncenter\" src=\"http:\/\/www.pr-neu.de\/newsroom\/wordpress\/wp-content\/uploads\/2024\/03\/24-01_01_K-300x200.jpg\" alt=\"Die Fassade des Verwaltungsgeb\u00e4udes der Molkerei A. M\u00fcller aus wei\u00dfen sedak gsp-Elementen.\" width=\"300\" height=\"200\" srcset=\"https:\/\/www.pr-neu.de\/newsroom\/wordpress\/wp-content\/uploads\/2024\/03\/24-01_01_K-300x200.jpg 300w, https:\/\/www.pr-neu.de\/newsroom\/wordpress\/wp-content\/uploads\/2024\/03\/24-01_01_K-1024x684.jpg 1024w, https:\/\/www.pr-neu.de\/newsroom\/wordpress\/wp-content\/uploads\/2024\/03\/24-01_01_K-768x513.jpg 768w, https:\/\/www.pr-neu.de\/newsroom\/wordpress\/wp-content\/uploads\/2024\/03\/24-01_01_K-1536x1026.jpg 1536w, https:\/\/www.pr-neu.de\/newsroom\/wordpress\/wp-content\/uploads\/2024\/03\/24-01_01_K-2048x1368.jpg 2048w, https:\/\/www.pr-neu.de\/newsroom\/wordpress\/wp-content\/uploads\/2024\/03\/24-01_01_K-110x73.jpg 110w, https:\/\/www.pr-neu.de\/newsroom\/wordpress\/wp-content\/uploads\/2024\/03\/24-01_01_K-420x281.jpg 420w, https:\/\/www.pr-neu.de\/newsroom\/wordpress\/wp-content\/uploads\/2024\/03\/24-01_01_K-644x430.jpg 644w\" sizes=\"auto, (max-width: 300px) 100vw, 300px\" \/><\/a><\/p>\n<p style=\"text-align: center;\">Die Fassade des Verwaltungsgeb\u00e4udes der Molkerei A. M\u00fcller aus wei\u00dfen sedak gsp-Elementen.<br \/>\nBild: \u00a9sedak GmbH &amp; Co. KG<\/p>\n<p>&nbsp;<\/p>\n<p style=\"text-align: center;\"><a href=\"http:\/\/www.pr-neu.de\/newsroom\/wordpress\/wp-content\/uploads\/2024\/03\/24-01_02_K.jpg\" target=\"_blank\" rel=\"noopener\"><img loading=\"lazy\" decoding=\"async\" class=\"aligncenter wp-image-16607 size-medium\" src=\"http:\/\/www.pr-neu.de\/newsroom\/wordpress\/wp-content\/uploads\/2024\/03\/24-01_02_K-300x200.jpg\" alt=\"\" width=\"300\" height=\"200\" srcset=\"https:\/\/www.pr-neu.de\/newsroom\/wordpress\/wp-content\/uploads\/2024\/03\/24-01_02_K-300x200.jpg 300w, https:\/\/www.pr-neu.de\/newsroom\/wordpress\/wp-content\/uploads\/2024\/03\/24-01_02_K-1024x684.jpg 1024w, https:\/\/www.pr-neu.de\/newsroom\/wordpress\/wp-content\/uploads\/2024\/03\/24-01_02_K-768x513.jpg 768w, https:\/\/www.pr-neu.de\/newsroom\/wordpress\/wp-content\/uploads\/2024\/03\/24-01_02_K-1536x1026.jpg 1536w, https:\/\/www.pr-neu.de\/newsroom\/wordpress\/wp-content\/uploads\/2024\/03\/24-01_02_K-2048x1368.jpg 2048w, https:\/\/www.pr-neu.de\/newsroom\/wordpress\/wp-content\/uploads\/2024\/03\/24-01_02_K-110x73.jpg 110w, https:\/\/www.pr-neu.de\/newsroom\/wordpress\/wp-content\/uploads\/2024\/03\/24-01_02_K-420x281.jpg 420w, https:\/\/www.pr-neu.de\/newsroom\/wordpress\/wp-content\/uploads\/2024\/03\/24-01_02_K-644x430.jpg 644w\" sizes=\"auto, (max-width: 300px) 100vw, 300px\" \/><\/a><\/p>\n<p style=\"text-align: center;\">Der Wechsel zwischen vertikal verlegten sedak gsp-Paneelen und Fensterb\u00e4ndern erzeugt eine architektonisch-spannende \u00c4sthetik.<br \/>\nBild: \u00a9sedak GmbH &amp; Co. KG<\/p>\n<p>&nbsp;<\/p>\n<p style=\"text-align: center;\"><a href=\"http:\/\/www.pr-neu.de\/newsroom\/wordpress\/wp-content\/uploads\/2024\/03\/24-01_03_K.jpg\" target=\"_blank\" rel=\"noopener\"><img loading=\"lazy\" decoding=\"async\" class=\"aligncenter wp-image-16608 size-medium\" src=\"http:\/\/www.pr-neu.de\/newsroom\/wordpress\/wp-content\/uploads\/2024\/03\/24-01_03_K-200x300.jpg\" alt=\"Eine \u00fcberstehende Glasscheibe verdeckt das Raffstore-Paket.\" width=\"200\" height=\"300\" srcset=\"https:\/\/www.pr-neu.de\/newsroom\/wordpress\/wp-content\/uploads\/2024\/03\/24-01_03_K-200x300.jpg 200w, https:\/\/www.pr-neu.de\/newsroom\/wordpress\/wp-content\/uploads\/2024\/03\/24-01_03_K-684x1024.jpg 684w, https:\/\/www.pr-neu.de\/newsroom\/wordpress\/wp-content\/uploads\/2024\/03\/24-01_03_K-768x1150.jpg 768w, https:\/\/www.pr-neu.de\/newsroom\/wordpress\/wp-content\/uploads\/2024\/03\/24-01_03_K-1026x1536.jpg 1026w, https:\/\/www.pr-neu.de\/newsroom\/wordpress\/wp-content\/uploads\/2024\/03\/24-01_03_K-1368x2048.jpg 1368w, https:\/\/www.pr-neu.de\/newsroom\/wordpress\/wp-content\/uploads\/2024\/03\/24-01_03_K-73x110.jpg 73w, https:\/\/www.pr-neu.de\/newsroom\/wordpress\/wp-content\/uploads\/2024\/03\/24-01_03_K-281x420.jpg 281w, https:\/\/www.pr-neu.de\/newsroom\/wordpress\/wp-content\/uploads\/2024\/03\/24-01_03_K-287x430.jpg 287w, https:\/\/www.pr-neu.de\/newsroom\/wordpress\/wp-content\/uploads\/2024\/03\/24-01_03_K.jpg 1603w\" sizes=\"auto, (max-width: 200px) 100vw, 200px\" \/><\/a><\/p>\n<p style=\"text-align: center;\">Eine \u00fcberstehende Glasscheibe verdeckt das Raffstore-Paket.<br \/>\nBild: \u00a9sedak GmbH &amp; Co. KG<\/p>\n<p>&nbsp;<\/p>\n<p style=\"text-align: center;\"><a href=\"http:\/\/www.pr-neu.de\/newsroom\/wordpress\/wp-content\/uploads\/2024\/03\/24-01_04_K.jpg\" target=\"_blank\" rel=\"noopener\"><img loading=\"lazy\" decoding=\"async\" class=\"aligncenter wp-image-16605 size-medium\" src=\"http:\/\/www.pr-neu.de\/newsroom\/wordpress\/wp-content\/uploads\/2024\/03\/24-01_04_K-200x300.jpg\" alt=\"\" width=\"200\" height=\"300\" srcset=\"https:\/\/www.pr-neu.de\/newsroom\/wordpress\/wp-content\/uploads\/2024\/03\/24-01_04_K-200x300.jpg 200w, https:\/\/www.pr-neu.de\/newsroom\/wordpress\/wp-content\/uploads\/2024\/03\/24-01_04_K-684x1024.jpg 684w, https:\/\/www.pr-neu.de\/newsroom\/wordpress\/wp-content\/uploads\/2024\/03\/24-01_04_K-768x1150.jpg 768w, https:\/\/www.pr-neu.de\/newsroom\/wordpress\/wp-content\/uploads\/2024\/03\/24-01_04_K-1026x1536.jpg 1026w, https:\/\/www.pr-neu.de\/newsroom\/wordpress\/wp-content\/uploads\/2024\/03\/24-01_04_K-1368x2048.jpg 1368w, https:\/\/www.pr-neu.de\/newsroom\/wordpress\/wp-content\/uploads\/2024\/03\/24-01_04_K-73x110.jpg 73w, https:\/\/www.pr-neu.de\/newsroom\/wordpress\/wp-content\/uploads\/2024\/03\/24-01_04_K-281x420.jpg 281w, https:\/\/www.pr-neu.de\/newsroom\/wordpress\/wp-content\/uploads\/2024\/03\/24-01_04_K-287x430.jpg 287w, https:\/\/www.pr-neu.de\/newsroom\/wordpress\/wp-content\/uploads\/2024\/03\/24-01_04_K.jpg 1603w\" sizes=\"auto, (max-width: 200px) 100vw, 200px\" \/><\/a><\/p>\n<p style=\"text-align: center;\">Um dem Geb\u00e4ude einen besonderen gestalterischen Akzents Augenmerk zu verleihen, wurden an den Geb\u00e4udeecken sedak gsp-Elemente mit 12\u200a Meterm L\u00e4nge installiert.<br \/>\nBild: \u00a9sedak GmbH &amp; Co. KG<\/p>\n<p>&nbsp;<\/p>\n<hr \/>\n<p>&nbsp;<\/p>\n<p><strong>\u00dcber sedak gsp<\/strong><\/p>\n<p>sedak gsp ist konzipiert f\u00fcr nachhaltige Geb\u00e4udekonzepte und zukunftsorientierte Architektur. Das opake Fassadenglas besteht aus einem konventionellem Sand-wichpanel und einer individuell gestaltbaren Glasoberfl\u00e4che, die strukturell mit dem Panel verklebt ist. Dadurch entsteht ein individualisierbares und langlebiges Fassaden-Bauteil, das einfach und wirtschaftlich zu installieren ist. Das Bauteil hat eine \u201eAllgemeine bauaufsichtliche Zulassung (ABZ) (Z.10-4.674) vom Deutschen Institut f\u00fcr Bautechnik. In Kombination mit g\u00e4ngigen Fenster- und Fassadensystemen entstehen so durchgehende Glas-Sandwich-Fassaden \u2013 optimal f\u00fcr B\u00fcro-, Retail- und Gewerbegeb\u00e4ude sowie \u00f6ffentliche Geb\u00e4ude. Im opaken Bereich liefert sedak gsp U-Werte bis zu 0,13 W\/(m\u00b2K) (PUR-D\u00e4mmkern, 200mm) ohne zus\u00e4tzliche D\u00e4mmung.<\/p>\n<p>&nbsp;<\/p>\n<p><!--MBNHE--><\/p>\n<p><strong>sedak \u2013 leading glass<\/strong><\/p>\n<p align=\"left\">Mit Pioniergeist hat sich der Glasveredler sedak (Gersthofen) seit der Gr\u00fcndung 2007 zum Premiumhersteller f\u00fcr gro\u00dfformatige Isolier- und Sicherheitsgl\u00e4ser entwickelt und Glas als Baustoff f\u00fcr Ganzglasfassaden und -d\u00e4cher weitergedacht. Dank innovativer Produkte in h\u00f6chster Qualit\u00e4t werden ikonische Fassaden und Bauwerke mit einer bislang unerreichten Transparenz realisiert.<br \/>\n2018 baute Technologief\u00fchrer sedak seinen Kompetenzvorsprung weiter aus und \u00fcbernahm sunglass industry s.r.l., der Spezialist f\u00fcr thermisch gebogenes Glas. Im Unternehmensverbund stehen die beiden Glasspezialisten f\u00fcr kompromisslose Leidenschaft in der Verarbeitung von gebogenem und flachem Glas in h\u00f6chster Qualit\u00e4tsausf\u00fchrung.<\/p>\n<p align=\"left\">Auf einer Fertigungsfl\u00e4che von 47.000qm wird Rohglas bearbeitet, vorgespannt, laminiert, bedruckt, gebogen und zu Isolier- und Sicherheitsglas verarbeitet. Der hohe Automatisierungsgrad in der Fertigung garantiert Kunden die gr\u00f6\u00dftm\u00f6gliche Zuverl\u00e4ssigkeit, Kalkulierbarkeit und Termintreue. Forschergeist, die Expertise von 300 Mitarbeitenden sowie die Ideen und Vorstellungen unserer Kunden sind der Antrieb f\u00fcr stetige Weiterentwicklung in der Glasveredelung. Der Kunde bekommt die gesamte Glasexpertise aus einer Hand: sedak ber\u00e4t, steuert und fertigt. sunglass industry ist Fertigungsstandort und betreut Kunden und Projekte in Italien.<\/p>\n<p align=\"left\">Herausragende Referenzen belegen die eindrucksvolle Kompetenz. Dazu geh\u00f6ren u.a.: Laktha Center, St. Petersburg \/ Haus der Europ\u00e4ischen Geschichte, Br\u00fcssel \/ medizinische Fakult\u00e4t, Montpellier \/ Torre Europa, Madrid \/ Iconsiam, Bangkok \/ Apple Park, Cupertino \/ Apple-Cube, New York \/ Experimenta, Heilbronn \/ zahlreiche Premium-Flagship-Stores.<\/p>\n<p><span style=\"font-family: 'Arial','sans-serif';\"><strong>Anwendungsgebiete <\/strong><\/span><\/p>\n<ul>\n<li><span style=\"font-family: 'Arial','sans-serif';\">Glasfassaden<\/span><\/li>\n<li><span style=\"font-family: 'Arial','sans-serif';\">Glasd\u00e4cher<\/span><\/li>\n<li><span style=\"font-family: 'Arial','sans-serif';\">Glastreppen<\/span><\/li>\n<li><span style=\"font-family: 'Arial','sans-serif';\">Glasbr\u00fcstungen<\/span><\/li>\n<li><span style=\"font-family: 'Arial','sans-serif';\">Jachtverglasungen<\/span><\/li>\n<li><span style=\"font-family: 'Arial','sans-serif';\">Poolverglasungen<\/span><\/li>\n<li><span style=\"font-family: 'Arial','sans-serif';\">Sicherheitsverglasungen<\/span><\/li>\n<li><span style=\"font-family: 'Arial','sans-serif';\">Ganzglaskonstruktionen<\/span><\/li>\n<li><span style=\"font-family: 'Arial','sans-serif';\">Innenarchitektur<\/span><\/li>\n<li><span style=\"font-family: 'Arial','sans-serif';\">Sonderanfertigung<\/span><\/li>\n<\/ul>\n<p>&nbsp;<\/p>\n<hr \/>\n<p>&nbsp;<\/p>\n<p>Abdruck honorarfrei, Belegexemplar erbeten<\/p>\n","protected":false},"excerpt":{"rendered":"<p>Neues Verwaltungsgeb\u00e4ude der Molkerei A. M\u00fcller: Ganzglasfassade mit sedak gsp<\/p>\n","protected":false},"author":9,"featured_media":16607,"comment_status":"closed","ping_status":"open","sticky":false,"template":"","format":"standard","meta":{"footnotes":""},"categories":[12],"tags":[187,230,2880,2257],"class_list":["post-16604","post","type-post","status-publish","format-standard","has-post-thumbnail","hentry","category-sedak","tag-fassade","tag-glas","tag-muellermilch","tag-sedak"],"_links":{"self":[{"href":"https:\/\/www.pr-neu.de\/newsroom\/wp-json\/wp\/v2\/posts\/16604","targetHints":{"allow":["GET"]}}],"collection":[{"href":"https:\/\/www.pr-neu.de\/newsroom\/wp-json\/wp\/v2\/posts"}],"about":[{"href":"https:\/\/www.pr-neu.de\/newsroom\/wp-json\/wp\/v2\/types\/post"}],"author":[{"embeddable":true,"href":"https:\/\/www.pr-neu.de\/newsroom\/wp-json\/wp\/v2\/users\/9"}],"replies":[{"embeddable":true,"href":"https:\/\/www.pr-neu.de\/newsroom\/wp-json\/wp\/v2\/comments?post=16604"}],"version-history":[{"count":2,"href":"https:\/\/www.pr-neu.de\/newsroom\/wp-json\/wp\/v2\/posts\/16604\/revisions"}],"predecessor-version":[{"id":16610,"href":"https:\/\/www.pr-neu.de\/newsroom\/wp-json\/wp\/v2\/posts\/16604\/revisions\/16610"}],"wp:featuredmedia":[{"embeddable":true,"href":"https:\/\/www.pr-neu.de\/newsroom\/wp-json\/wp\/v2\/media\/16607"}],"wp:attachment":[{"href":"https:\/\/www.pr-neu.de\/newsroom\/wp-json\/wp\/v2\/media?parent=16604"}],"wp:term":[{"taxonomy":"category","embeddable":true,"href":"https:\/\/www.pr-neu.de\/newsroom\/wp-json\/wp\/v2\/categories?post=16604"},{"taxonomy":"post_tag","embeddable":true,"href":"https:\/\/www.pr-neu.de\/newsroom\/wp-json\/wp\/v2\/tags?post=16604"}],"curies":[{"name":"wp","href":"https:\/\/api.w.org\/{rel}","templated":true}]}}