{"id":16600,"date":"2024-04-23T08:01:33","date_gmt":"2024-04-23T06:01:33","guid":{"rendered":"https:\/\/www.pr-neu.de\/newsroom\/?p=16600"},"modified":"2024-06-12T08:49:18","modified_gmt":"2024-06-12T06:49:18","slug":"umweltfreundliche-holzlasur","status":"publish","type":"post","link":"https:\/\/www.pr-neu.de\/newsroom\/umweltfreundliche-holzlasur\/","title":{"rendered":"Umweltfreundliche Holzlasur"},"content":{"rendered":"<p><u><br \/>\nS\u00fcdwest zur FAF: Lasur mit wenig(er) L\u00f6semitteln<\/u><\/p>\n<p>Zuverl\u00e4ssiger und dauerhafter Witterungsschutz f\u00fcr Holz, umweltfreundlich durch sehr niedrigen L\u00f6semittelanteil, zudem einfach und sicher zu verarbeiten: Die \u201eHybrid Holz-Lasur\u201c bietet dies in einer einzigen Beschichtung. Zur Messe \u201eFarbe\u201c stellte S\u00fcdwest nun die j\u00fcngste Generation der Profi-Lasur vor \u2013 mit einem nochmals gesenkten L\u00f6semittelanteil unter Beibehaltung der Schutz- und Verarbeitungseigenschaften. Damit eignet sie sich auch f\u00fcr Innenr\u00e4ume. Also als Universallasur f\u00fcr alle Anwendungsf\u00e4lle. Die D\u00fcnnschichtlasur ist f\u00fcr die Arbeit von Profis entwickelt: Sie dringt tief ins Holz ein und bietet mit langer Offenzeit viel Zeit f\u00fcr das Streichen, bildet keinen Film und schafft eine nat\u00fcrliche, matte Optik, was das Holz noch mehr zur Geltung bringt.<\/p>\n<p><strong>Umweltfreundlicher hei\u00dft nachhaltiger<\/strong><br \/>\nUmweltvertr\u00e4glichere Produkte \u2013 das ist ein elementares Forschungsziel bei S\u00fcdwest und mit der neuen Lasur wird dieses Bestreben um ein weiteres Beispiel erg\u00e4nzt. Mit einer neu entwickelten Bindemittel-Wasser-Emulsion sinkt der L\u00f6semittel-Anteil deutlich, die gewohnten Produkteigenschaften bleiben aber erhalten. Auf bioziden Filmschutz verzichtet die Lasur g\u00e4nzlich. Mit der neuen Rezeptur steigt zugleich der Anteil erneuerbarer Rohstoffe auf mehr als 60 Prozent. So wird der Schutz des nat\u00fcrlichen Baustoffs Holz noch nachhaltiger.<\/p>\n<p>&nbsp;<\/p>\n<hr \/>\n<p>&nbsp;<\/p>\n<p><a href=\"http:\/\/www.pr-neu.de\/newsroom\/wordpress\/wp-content\/uploads\/2024\/03\/24_04_HybridHolz_K.jpg\" target=\"_blank\" rel=\"noopener\"><img loading=\"lazy\" decoding=\"async\" class=\"aligncenter wp-image-16601 size-medium\" src=\"http:\/\/www.pr-neu.de\/newsroom\/wordpress\/wp-content\/uploads\/2024\/03\/24_04_HybridHolz_K-300x200.jpg\" alt=\"\" width=\"300\" height=\"200\" srcset=\"https:\/\/www.pr-neu.de\/newsroom\/wordpress\/wp-content\/uploads\/2024\/03\/24_04_HybridHolz_K-300x200.jpg 300w, https:\/\/www.pr-neu.de\/newsroom\/wordpress\/wp-content\/uploads\/2024\/03\/24_04_HybridHolz_K-1024x683.jpg 1024w, https:\/\/www.pr-neu.de\/newsroom\/wordpress\/wp-content\/uploads\/2024\/03\/24_04_HybridHolz_K-768x512.jpg 768w, https:\/\/www.pr-neu.de\/newsroom\/wordpress\/wp-content\/uploads\/2024\/03\/24_04_HybridHolz_K-1536x1025.jpg 1536w, https:\/\/www.pr-neu.de\/newsroom\/wordpress\/wp-content\/uploads\/2024\/03\/24_04_HybridHolz_K-2048x1366.jpg 2048w, https:\/\/www.pr-neu.de\/newsroom\/wordpress\/wp-content\/uploads\/2024\/03\/24_04_HybridHolz_K-110x73.jpg 110w, https:\/\/www.pr-neu.de\/newsroom\/wordpress\/wp-content\/uploads\/2024\/03\/24_04_HybridHolz_K-420x280.jpg 420w, https:\/\/www.pr-neu.de\/newsroom\/wordpress\/wp-content\/uploads\/2024\/03\/24_04_HybridHolz_K-645x430.jpg 645w\" sizes=\"auto, (max-width: 300px) 100vw, 300px\" \/><\/a><\/p>\n<p style=\"text-align: center;\">Weniger L\u00f6semittel, keine Biozide, perfekter Schutz: Die neue Hybrid-Holz-Lasur (S\u00fcdwest) sch\u00fctzt Holz innen und au\u00dfen, zuverl\u00e4ssig, langfristig und umweltfreundlich \u2013 und sie ist t\u00f6nbar: Damit sind auch der Gestaltung kaum Grenzen gesetzt.<br \/>\nFoto: S\u00fcdwest \/ iStock<\/p>\n<p>&nbsp;<\/p>\n<hr \/>\n<p>&nbsp;<\/p>\n<p>Abdruck honorarfrei, Belegexemplar erbeten<\/p>\n","protected":false},"excerpt":{"rendered":"<p>Zuverl\u00e4ssiger und dauerhafter Witterungsschutz f\u00fcr Holz, umweltfreundlich durch sehr niedrigen L\u00f6semittelanteil, zudem einfach und sicher zu verarbeiten: Die \u201eHybrid Holz-Lasur\u201c bietet dies in einer einzigen Beschichtung.<\/p>\n","protected":false},"author":9,"featured_media":16601,"comment_status":"closed","ping_status":"open","sticky":false,"template":"","format":"standard","meta":{"footnotes":""},"categories":[17],"tags":[180,2878,330,2824,354,554],"class_list":["post-16600","post","type-post","status-publish","format-standard","has-post-thumbnail","hentry","category-sudwest","tag-farbe","tag-holz","tag-lack","tag-lasur","tag-messe","tag-sudwest"],"_links":{"self":[{"href":"https:\/\/www.pr-neu.de\/newsroom\/wp-json\/wp\/v2\/posts\/16600","targetHints":{"allow":["GET"]}}],"collection":[{"href":"https:\/\/www.pr-neu.de\/newsroom\/wp-json\/wp\/v2\/posts"}],"about":[{"href":"https:\/\/www.pr-neu.de\/newsroom\/wp-json\/wp\/v2\/types\/post"}],"author":[{"embeddable":true,"href":"https:\/\/www.pr-neu.de\/newsroom\/wp-json\/wp\/v2\/users\/9"}],"replies":[{"embeddable":true,"href":"https:\/\/www.pr-neu.de\/newsroom\/wp-json\/wp\/v2\/comments?post=16600"}],"version-history":[{"count":3,"href":"https:\/\/www.pr-neu.de\/newsroom\/wp-json\/wp\/v2\/posts\/16600\/revisions"}],"predecessor-version":[{"id":16877,"href":"https:\/\/www.pr-neu.de\/newsroom\/wp-json\/wp\/v2\/posts\/16600\/revisions\/16877"}],"wp:featuredmedia":[{"embeddable":true,"href":"https:\/\/www.pr-neu.de\/newsroom\/wp-json\/wp\/v2\/media\/16601"}],"wp:attachment":[{"href":"https:\/\/www.pr-neu.de\/newsroom\/wp-json\/wp\/v2\/media?parent=16600"}],"wp:term":[{"taxonomy":"category","embeddable":true,"href":"https:\/\/www.pr-neu.de\/newsroom\/wp-json\/wp\/v2\/categories?post=16600"},{"taxonomy":"post_tag","embeddable":true,"href":"https:\/\/www.pr-neu.de\/newsroom\/wp-json\/wp\/v2\/tags?post=16600"}],"curies":[{"name":"wp","href":"https:\/\/api.w.org\/{rel}","templated":true}]}}