{"id":16588,"date":"2024-03-20T08:10:21","date_gmt":"2024-03-20T07:10:21","guid":{"rendered":"https:\/\/www.pr-neu.de\/newsroom\/?p=16588"},"modified":"2024-06-12T08:45:02","modified_gmt":"2024-06-12T06:45:02","slug":"ral-zertifizierung-am-laufenden-band","status":"publish","type":"post","link":"https:\/\/www.pr-neu.de\/newsroom\/ral-zertifizierung-am-laufenden-band\/","title":{"rendered":"RAL-Zertifizierung am laufenden Band"},"content":{"rendered":"<p><u><br \/>\nHannoband-3E Easy und Hannoband-THERM zertifiziert<\/u><\/p>\n<p><strong>Hannoband-3E Easy und Hannoband-THERM sind jetzt mit dem RAL G\u00fctezeichen f\u00fcr Fugendichtungskomponenten und -systeme ausgezeichnet. Damit erhalten zwei weitere Fugendichtb\u00e4nder von Hanno diese Kennzeichnung.<\/strong><\/p>\n<p>Das RAL G\u00fctezeichen f\u00fcr Fugendichtungskomponenten und -systeme kennzeichnet qualitativ hochwertige Abdichtungsprodukte mit einem neutralen Qualit\u00e4tssiegel. Jetzt erhielten das Hannoband-3E Easy und das Hannoband-THERM des Dicht- und D\u00e4mmspezialisten Hanno (Laatzen) diese Zertifizierung.<\/p>\n<p><strong>Hannoband-3E Easy \u2013 die \u201eAll-in-One\u201c-Abdichtung<\/strong><br \/>\nMit dem Multifunktionsband Hannoband-3E Easy lassen sich Fugen rund ums Fenster schnell, einfach und normgerecht abdichten. Es ist je nach Fugenma\u00df MF1\/MF2 zertifiziert und l\u00e4sst sich sowohl freibewittert als auch verdeckt anwenden. Die \u201eAll-in-One\u201c-Abdichtung deckt nahezu alle Fugenbreiten ab, erf\u00fcllt die DIN-Anforderungen und ist vielseitig einsetzbar. Durch den Aufbau in drei Abdichtungsebenen erh\u00e4lt das Hannoband-3E Easy seine vielf\u00e4ltigen Funktionen.<\/p>\n<p><strong>Hannoband-THERM \u2013 f\u00fcr die W\u00e4rme- und Schalld\u00e4mmung<\/strong><br \/>\nDas Hannoband-THERM eignet sich zur W\u00e4rme- und Schalld\u00e4mmung \u2013 bei einer W\u00e4rmeleitf\u00e4higkeit von \u03bb = 0,0396 W\/(m\u2022K). Gro\u00dfe Fugen bis 40 mm Breite dichtet es zuverl\u00e4ssig ab. Hannoband-THERM l\u00e4sst sich unter Putz anwenden und sch\u00fctzt vor Zugluft, Staub, Flugschnee und Feuchtigkeit. Die Schlagregendichtheit von &gt; 300 Pa und die Luftdichtheit von an &lt; 1,0 h\u00e4ngen von der Kompressionsrate des Schaumstoffs ab. Die \u00e4u\u00dferst geringen VOC-Emissionen des Bandes best\u00e4tigt EMICODE EC1PLUS. Erh\u00e4ltlich ab einer Schnittbreite von 30 mm steht f\u00fcr jede Bausituation das richtige Band zur Verf\u00fcgung.<\/p>\n<p>&nbsp;<\/p>\n<hr \/>\n<p>&nbsp;<\/p>\n<p><a href=\"http:\/\/www.pr-neu.de\/newsroom\/wordpress\/wp-content\/uploads\/2024\/03\/24-08_RAL_Guetezeichen_K.jpg\" target=\"_blank\" rel=\"noopener\"><img loading=\"lazy\" decoding=\"async\" class=\"aligncenter wp-image-16592 size-medium\" src=\"http:\/\/www.pr-neu.de\/newsroom\/wordpress\/wp-content\/uploads\/2024\/03\/24-08_RAL_Guetezeichen_K-237x300.jpg\" alt=\"Auf der Fensterbau Frontale nahm Markus Fehrmann, Vertriebsleiter bei Hanno, die Urkunden f\u00fcr die neu mit dem RAL G\u00fctezeichen ausgezeichneten Fugendichtb\u00e4nder Hannoband-3E Easy und Hannoband-THERM entgegen.\" width=\"237\" height=\"300\" srcset=\"https:\/\/www.pr-neu.de\/newsroom\/wordpress\/wp-content\/uploads\/2024\/03\/24-08_RAL_Guetezeichen_K-237x300.jpg 237w, https:\/\/www.pr-neu.de\/newsroom\/wordpress\/wp-content\/uploads\/2024\/03\/24-08_RAL_Guetezeichen_K-807x1024.jpg 807w, https:\/\/www.pr-neu.de\/newsroom\/wordpress\/wp-content\/uploads\/2024\/03\/24-08_RAL_Guetezeichen_K-768x974.jpg 768w, https:\/\/www.pr-neu.de\/newsroom\/wordpress\/wp-content\/uploads\/2024\/03\/24-08_RAL_Guetezeichen_K-1211x1536.jpg 1211w, https:\/\/www.pr-neu.de\/newsroom\/wordpress\/wp-content\/uploads\/2024\/03\/24-08_RAL_Guetezeichen_K-1615x2048.jpg 1615w, https:\/\/www.pr-neu.de\/newsroom\/wordpress\/wp-content\/uploads\/2024\/03\/24-08_RAL_Guetezeichen_K-87x110.jpg 87w, https:\/\/www.pr-neu.de\/newsroom\/wordpress\/wp-content\/uploads\/2024\/03\/24-08_RAL_Guetezeichen_K-331x420.jpg 331w, https:\/\/www.pr-neu.de\/newsroom\/wordpress\/wp-content\/uploads\/2024\/03\/24-08_RAL_Guetezeichen_K-339x430.jpg 339w, https:\/\/www.pr-neu.de\/newsroom\/wordpress\/wp-content\/uploads\/2024\/03\/24-08_RAL_Guetezeichen_K.jpg 1892w\" sizes=\"auto, (max-width: 237px) 100vw, 237px\" \/><\/a><\/p>\n<p style=\"text-align: center;\">Auf der Fensterbau Frontale pr\u00e4sentiert Markus Fehrmann, Vertriebsleiter bei Hanno, die Urkunden f\u00fcr die neu mit dem RAL G\u00fctezeichen ausgezeichneten Fugendichtb\u00e4nder Hannoband-3E Easy und Hannoband-THERM.<\/p>\n<p>&nbsp;<\/p>\n<p>&nbsp;<\/p>\n<p><a href=\"http:\/\/www.pr-neu.de\/newsroom\/wordpress\/wp-content\/uploads\/2024\/03\/24-08_Hannoband-3E-Easy_K.jpg\" target=\"_blank\" rel=\"noopener\"><img loading=\"lazy\" decoding=\"async\" class=\"wp-image-16589 size-medium aligncenter\" src=\"http:\/\/www.pr-neu.de\/newsroom\/wordpress\/wp-content\/uploads\/2024\/03\/24-08_Hannoband-3E-Easy_K-258x300.jpg\" alt=\"Multifunktionsband Hannoband-3E Easy \" width=\"258\" height=\"300\" srcset=\"https:\/\/www.pr-neu.de\/newsroom\/wordpress\/wp-content\/uploads\/2024\/03\/24-08_Hannoband-3E-Easy_K-258x300.jpg 258w, https:\/\/www.pr-neu.de\/newsroom\/wordpress\/wp-content\/uploads\/2024\/03\/24-08_Hannoband-3E-Easy_K-879x1024.jpg 879w, https:\/\/www.pr-neu.de\/newsroom\/wordpress\/wp-content\/uploads\/2024\/03\/24-08_Hannoband-3E-Easy_K-768x895.jpg 768w, https:\/\/www.pr-neu.de\/newsroom\/wordpress\/wp-content\/uploads\/2024\/03\/24-08_Hannoband-3E-Easy_K-1318x1536.jpg 1318w, https:\/\/www.pr-neu.de\/newsroom\/wordpress\/wp-content\/uploads\/2024\/03\/24-08_Hannoband-3E-Easy_K-1758x2048.jpg 1758w, https:\/\/www.pr-neu.de\/newsroom\/wordpress\/wp-content\/uploads\/2024\/03\/24-08_Hannoband-3E-Easy_K-94x110.jpg 94w, https:\/\/www.pr-neu.de\/newsroom\/wordpress\/wp-content\/uploads\/2024\/03\/24-08_Hannoband-3E-Easy_K-361x420.jpg 361w, https:\/\/www.pr-neu.de\/newsroom\/wordpress\/wp-content\/uploads\/2024\/03\/24-08_Hannoband-3E-Easy_K-369x430.jpg 369w\" sizes=\"auto, (max-width: 258px) 100vw, 258px\" \/><\/a><\/p>\n<p style=\"text-align: center;\">Das Multifunktionsband Hannoband-3E Easy ist jetzt mit dem RAL G\u00fctezeichen f\u00fcr Fugendichtungskomponenten und<br \/>\n-systeme ausgezeichnet. Je nach Fugenma\u00df ist es MF1\/MF2 zertifiziert, deckt nahezu alle Fugenbreiten ab und ist vielseitig einsetzbar.<\/p>\n<p>&nbsp;<\/p>\n<p><a href=\"http:\/\/www.pr-neu.de\/newsroom\/wordpress\/wp-content\/uploads\/2024\/03\/24-08_Hannoband_THERM_K.jpg\" target=\"_blank\" rel=\"noopener\"><img loading=\"lazy\" decoding=\"async\" class=\"wp-image-16590 size-medium aligncenter\" src=\"http:\/\/www.pr-neu.de\/newsroom\/wordpress\/wp-content\/uploads\/2024\/03\/24-08_Hannoband_THERM_K-258x300.jpg\" alt=\"Hannoband-THERM ist jetzt mit dem RAL G\u00fctezeichen zertifiziert\" width=\"258\" height=\"300\" srcset=\"https:\/\/www.pr-neu.de\/newsroom\/wordpress\/wp-content\/uploads\/2024\/03\/24-08_Hannoband_THERM_K-258x300.jpg 258w, https:\/\/www.pr-neu.de\/newsroom\/wordpress\/wp-content\/uploads\/2024\/03\/24-08_Hannoband_THERM_K-879x1024.jpg 879w, https:\/\/www.pr-neu.de\/newsroom\/wordpress\/wp-content\/uploads\/2024\/03\/24-08_Hannoband_THERM_K-768x895.jpg 768w, https:\/\/www.pr-neu.de\/newsroom\/wordpress\/wp-content\/uploads\/2024\/03\/24-08_Hannoband_THERM_K-1318x1536.jpg 1318w, https:\/\/www.pr-neu.de\/newsroom\/wordpress\/wp-content\/uploads\/2024\/03\/24-08_Hannoband_THERM_K-1758x2048.jpg 1758w, https:\/\/www.pr-neu.de\/newsroom\/wordpress\/wp-content\/uploads\/2024\/03\/24-08_Hannoband_THERM_K-94x110.jpg 94w, https:\/\/www.pr-neu.de\/newsroom\/wordpress\/wp-content\/uploads\/2024\/03\/24-08_Hannoband_THERM_K-361x420.jpg 361w, https:\/\/www.pr-neu.de\/newsroom\/wordpress\/wp-content\/uploads\/2024\/03\/24-08_Hannoband_THERM_K-369x430.jpg 369w\" sizes=\"auto, (max-width: 258px) 100vw, 258px\" \/><\/a><\/p>\n<p style=\"text-align: center;\">Das Hannoband-THERM ist jetzt mit dem RAL G\u00fctezeichen zertifiziert. Es eignet sich zur W\u00e4rme- und Schalld\u00e4mmung und sch\u00fctzt vor Zugluft, Staub, Flugschnee und Feuchtigkeit.<\/p>\n<p style=\"text-align: center;\">Bilder: Hanno Werk GmbH &amp; Co. KG<\/p>\n<p>&nbsp;<\/p>\n<hr \/>\n<p>&nbsp;<\/p>\n<p>Abdruck honorarfrei, Belegexemplar erbeten<\/p>\n","protected":false},"excerpt":{"rendered":"<p>Hannoband-3E Easy und Hannoband-THERM sind jetzt mit dem RAL G\u00fctezeichen f\u00fcr Fugendichtungskomponenten und -systeme ausgezeichnet. Damit erhalten zwei weitere Fugendichtb\u00e4nder von Hanno diese Kennzeichnung.<\/p>\n","protected":false},"author":10,"featured_media":16594,"comment_status":"closed","ping_status":"open","sticky":false,"template":"","format":"standard","meta":{"footnotes":""},"categories":[655],"tags":[1759,1997,1749,2133,2874,2876,1743,1745,2239,2430,2434,2243,469],"class_list":["post-16588","post","type-post","status-publish","format-standard","has-post-thumbnail","hentry","category-hanno","tag-auszeichnung","tag-band","tag-fugen","tag-fugenabdichtung","tag-fugendichtbaender","tag-fugendichtsysteme","tag-hanno","tag-hannoband","tag-qualitaet","tag-ral","tag-ralguetegemeinschaft","tag-rolle","tag-siegel"],"_links":{"self":[{"href":"https:\/\/www.pr-neu.de\/newsroom\/wp-json\/wp\/v2\/posts\/16588","targetHints":{"allow":["GET"]}}],"collection":[{"href":"https:\/\/www.pr-neu.de\/newsroom\/wp-json\/wp\/v2\/posts"}],"about":[{"href":"https:\/\/www.pr-neu.de\/newsroom\/wp-json\/wp\/v2\/types\/post"}],"author":[{"embeddable":true,"href":"https:\/\/www.pr-neu.de\/newsroom\/wp-json\/wp\/v2\/users\/10"}],"replies":[{"embeddable":true,"href":"https:\/\/www.pr-neu.de\/newsroom\/wp-json\/wp\/v2\/comments?post=16588"}],"version-history":[{"count":8,"href":"https:\/\/www.pr-neu.de\/newsroom\/wp-json\/wp\/v2\/posts\/16588\/revisions"}],"predecessor-version":[{"id":16856,"href":"https:\/\/www.pr-neu.de\/newsroom\/wp-json\/wp\/v2\/posts\/16588\/revisions\/16856"}],"wp:featuredmedia":[{"embeddable":true,"href":"https:\/\/www.pr-neu.de\/newsroom\/wp-json\/wp\/v2\/media\/16594"}],"wp:attachment":[{"href":"https:\/\/www.pr-neu.de\/newsroom\/wp-json\/wp\/v2\/media?parent=16588"}],"wp:term":[{"taxonomy":"category","embeddable":true,"href":"https:\/\/www.pr-neu.de\/newsroom\/wp-json\/wp\/v2\/categories?post=16588"},{"taxonomy":"post_tag","embeddable":true,"href":"https:\/\/www.pr-neu.de\/newsroom\/wp-json\/wp\/v2\/tags?post=16588"}],"curies":[{"name":"wp","href":"https:\/\/api.w.org\/{rel}","templated":true}]}}