{"id":16583,"date":"2024-03-20T08:00:48","date_gmt":"2024-03-20T07:00:48","guid":{"rendered":"https:\/\/www.pr-neu.de\/newsroom\/?p=16583"},"modified":"2024-06-12T08:45:45","modified_gmt":"2024-06-12T06:45:45","slug":"johannes-kremin-neuer-produktmanager-technische-akustik-bei-hanno","status":"publish","type":"post","link":"https:\/\/www.pr-neu.de\/newsroom\/johannes-kremin-neuer-produktmanager-technische-akustik-bei-hanno\/","title":{"rendered":"Johannes Kremin: Neuer Produktmanager Technische Akustik bei Hanno"},"content":{"rendered":"<p><u><br \/>\nVerst\u00e4rkung im Produktmanagement<\/u><\/p>\n<p><strong>Johannes Kremin ist neuer Produktmanager f\u00fcr technische Akustik bei Hanno. Mit seiner Erfahrung und Leidenschaft f\u00fcr akustische Fragestellungen m\u00f6chte er Hannos Partnern den gr\u00f6\u00dftm\u00f6glichen Nutzen bieten.<\/strong><\/p>\n<p>\u201eIch sehe mich selbst als eine Art \u201aVertreter der Kunden im Unternehmen\u2018, der die Produktanforderungen unserer Partner ins Unternehmen tr\u00e4gt\u201c, erkl\u00e4rt Kremin die Ziele in seiner neuen Funktion als Produktmanager f\u00fcr technische Akustik. Ihn reize es besonders, Produkte zu entwickeln, die einen h\u00f6rbaren Beitrag zu einer angenehmen Ger\u00e4uschkulisse leisten. &#8222;Hanno erm\u00f6glicht mir Handlungsspielraum, sowohl operativ als auch strategisch. Hier kann ich meine eigenen Visionen und Vorstellungen verwirklichen&#8220;, erkl\u00e4rt er. Die Abwechslung und die st\u00e4ndig neuen gestalterischen M\u00f6glichkeiten in seiner Position als Produktmanager begeistern ihn.<\/p>\n<p>&#8222;Ich wurde herzlich willkommen gehei\u00dfen und hatte einen schnellen Einstieg dank einer durchdachten Einarbeitung&#8220;, erkl\u00e4rt Kremin seinen Start bei Hanno. Seine Leidenschaft f\u00fcr akustische Innovationen tr\u00e4gt dazu bei, Hannos Engagement f\u00fcr qualitativ hochwertige und kundenorientierte Produkte weiter voranzutreiben.<\/p>\n<p>&nbsp;<\/p>\n<hr \/>\n<p>&nbsp;<\/p>\n<p><a href=\"http:\/\/www.pr-neu.de\/newsroom\/wordpress\/wp-content\/uploads\/2024\/03\/24-09_Johannes_Kremin_K.jpg\" target=\"_blank\" rel=\"noopener\"><img loading=\"lazy\" decoding=\"async\" class=\"wp-image-16584 size-medium aligncenter\" src=\"http:\/\/www.pr-neu.de\/newsroom\/wordpress\/wp-content\/uploads\/2024\/03\/24-09_Johannes_Kremin_K-208x300.jpg\" alt=\"Portrait Johannes Kremin, Produktmanager Technische Akustik bei Hanno.\" width=\"208\" height=\"300\" srcset=\"https:\/\/www.pr-neu.de\/newsroom\/wordpress\/wp-content\/uploads\/2024\/03\/24-09_Johannes_Kremin_K-208x300.jpg 208w, https:\/\/www.pr-neu.de\/newsroom\/wordpress\/wp-content\/uploads\/2024\/03\/24-09_Johannes_Kremin_K-708x1024.jpg 708w, https:\/\/www.pr-neu.de\/newsroom\/wordpress\/wp-content\/uploads\/2024\/03\/24-09_Johannes_Kremin_K-768x1110.jpg 768w, https:\/\/www.pr-neu.de\/newsroom\/wordpress\/wp-content\/uploads\/2024\/03\/24-09_Johannes_Kremin_K-1062x1536.jpg 1062w, https:\/\/www.pr-neu.de\/newsroom\/wordpress\/wp-content\/uploads\/2024\/03\/24-09_Johannes_Kremin_K-1417x2048.jpg 1417w, https:\/\/www.pr-neu.de\/newsroom\/wordpress\/wp-content\/uploads\/2024\/03\/24-09_Johannes_Kremin_K-76x110.jpg 76w, https:\/\/www.pr-neu.de\/newsroom\/wordpress\/wp-content\/uploads\/2024\/03\/24-09_Johannes_Kremin_K-291x420.jpg 291w, https:\/\/www.pr-neu.de\/newsroom\/wordpress\/wp-content\/uploads\/2024\/03\/24-09_Johannes_Kremin_K-297x430.jpg 297w, https:\/\/www.pr-neu.de\/newsroom\/wordpress\/wp-content\/uploads\/2024\/03\/24-09_Johannes_Kremin_K.jpg 1660w\" sizes=\"auto, (max-width: 208px) 100vw, 208px\" \/><\/a><\/p>\n<p style=\"text-align: center;\">Johannes Kremin, Produktmanager Technische Akustik bei Hanno.<br \/>\nBild: Hanno Werk GmbH &amp; Co. KG<\/p>\n<p>&nbsp;<\/p>\n<hr \/>\n<p>&nbsp;<\/p>\n<p>Abdruck honorarfrei, Belegexemplar erbeten<\/p>\n","protected":false},"excerpt":{"rendered":"<p>Johannes Kremin ist neuer Produktmanager f\u00fcr technische Akustik bei Hanno.<\/p>\n","protected":false},"author":10,"featured_media":16585,"comment_status":"closed","ping_status":"open","sticky":false,"template":"","format":"standard","meta":{"footnotes":""},"categories":[655],"tags":[1719,1743,393,1751,2872,1757],"class_list":["post-16583","post","type-post","status-publish","format-standard","has-post-thumbnail","hentry","category-hanno","tag-akustik","tag-hanno","tag-personalia","tag-personalie","tag-produktmanager","tag-unternehmen"],"_links":{"self":[{"href":"https:\/\/www.pr-neu.de\/newsroom\/wp-json\/wp\/v2\/posts\/16583","targetHints":{"allow":["GET"]}}],"collection":[{"href":"https:\/\/www.pr-neu.de\/newsroom\/wp-json\/wp\/v2\/posts"}],"about":[{"href":"https:\/\/www.pr-neu.de\/newsroom\/wp-json\/wp\/v2\/types\/post"}],"author":[{"embeddable":true,"href":"https:\/\/www.pr-neu.de\/newsroom\/wp-json\/wp\/v2\/users\/10"}],"replies":[{"embeddable":true,"href":"https:\/\/www.pr-neu.de\/newsroom\/wp-json\/wp\/v2\/comments?post=16583"}],"version-history":[{"count":3,"href":"https:\/\/www.pr-neu.de\/newsroom\/wp-json\/wp\/v2\/posts\/16583\/revisions"}],"predecessor-version":[{"id":16857,"href":"https:\/\/www.pr-neu.de\/newsroom\/wp-json\/wp\/v2\/posts\/16583\/revisions\/16857"}],"wp:featuredmedia":[{"embeddable":true,"href":"https:\/\/www.pr-neu.de\/newsroom\/wp-json\/wp\/v2\/media\/16585"}],"wp:attachment":[{"href":"https:\/\/www.pr-neu.de\/newsroom\/wp-json\/wp\/v2\/media?parent=16583"}],"wp:term":[{"taxonomy":"category","embeddable":true,"href":"https:\/\/www.pr-neu.de\/newsroom\/wp-json\/wp\/v2\/categories?post=16583"},{"taxonomy":"post_tag","embeddable":true,"href":"https:\/\/www.pr-neu.de\/newsroom\/wp-json\/wp\/v2\/tags?post=16583"}],"curies":[{"name":"wp","href":"https:\/\/api.w.org\/{rel}","templated":true}]}}