{"id":16580,"date":"2024-03-20T08:00:33","date_gmt":"2024-03-20T07:00:33","guid":{"rendered":"https:\/\/www.pr-neu.de\/newsroom\/?p=16580"},"modified":"2024-03-19T15:19:33","modified_gmt":"2024-03-19T14:19:33","slug":"oliver-wulf-neu-im-hanno-vertriebsteam","status":"publish","type":"post","link":"https:\/\/www.pr-neu.de\/newsroom\/oliver-wulf-neu-im-hanno-vertriebsteam\/","title":{"rendered":"Oliver Wulf neu im Hanno-Vertriebsteam"},"content":{"rendered":"<p>Der Hanno-Vertrieb hat Verst\u00e4rkung: Oliver Wulf ist der neue Gebietsleiter S\u00fcdwest. Beruflich ist Wulf bereits l\u00e4nger in der Baubranche unterwegs: Unter anderem hat er beim Umbau des Reichstagsgeb\u00e4udes als Leichtmetallbauer an den Unterkonstruktionen f\u00fcr die Plenarsaal-Trib\u00fcnen mitgewirkt. Nach einer Umschulung zum Bauzeichner und \u00fcber Umwege ist er im Vertrieb gelandet. Zuletzt war er f\u00fcr einen Fensterhersteller t\u00e4tig und unterst\u00fctzt jetzt Hannos Partner im S\u00fcdwesten bei der Umsetzung ihrer Projekte. Wulf ist zufrieden mit seinem Start bei Hanno: \u201eSuper! So ein freundliches und offenes Arbeitsklima habe ich so noch nicht erlebt.\u201c<\/p>\n<p>&nbsp;<\/p>\n<hr \/>\n<p>&nbsp;<\/p>\n<p><a href=\"http:\/\/www.pr-neu.de\/newsroom\/wordpress\/wp-content\/uploads\/2024\/03\/24-06_Oliver_Wulf-scaled.jpg\" target=\"_blank\" rel=\"noopener\"><img loading=\"lazy\" decoding=\"async\" class=\"aligncenter wp-image-16581 size-medium\" src=\"http:\/\/www.pr-neu.de\/newsroom\/wordpress\/wp-content\/uploads\/2024\/03\/24-06_Oliver_Wulf-300x225.jpg\" alt=\"Portrait Oliver Wulf, Hanno\" width=\"300\" height=\"225\" srcset=\"https:\/\/www.pr-neu.de\/newsroom\/wordpress\/wp-content\/uploads\/2024\/03\/24-06_Oliver_Wulf-300x225.jpg 300w, https:\/\/www.pr-neu.de\/newsroom\/wordpress\/wp-content\/uploads\/2024\/03\/24-06_Oliver_Wulf-1024x768.jpg 1024w, https:\/\/www.pr-neu.de\/newsroom\/wordpress\/wp-content\/uploads\/2024\/03\/24-06_Oliver_Wulf-768x576.jpg 768w, https:\/\/www.pr-neu.de\/newsroom\/wordpress\/wp-content\/uploads\/2024\/03\/24-06_Oliver_Wulf-1536x1152.jpg 1536w, https:\/\/www.pr-neu.de\/newsroom\/wordpress\/wp-content\/uploads\/2024\/03\/24-06_Oliver_Wulf-2048x1536.jpg 2048w, https:\/\/www.pr-neu.de\/newsroom\/wordpress\/wp-content\/uploads\/2024\/03\/24-06_Oliver_Wulf-110x83.jpg 110w, https:\/\/www.pr-neu.de\/newsroom\/wordpress\/wp-content\/uploads\/2024\/03\/24-06_Oliver_Wulf-420x315.jpg 420w, https:\/\/www.pr-neu.de\/newsroom\/wordpress\/wp-content\/uploads\/2024\/03\/24-06_Oliver_Wulf-573x430.jpg 573w\" sizes=\"auto, (max-width: 300px) 100vw, 300px\" \/><\/a><\/p>\n<p style=\"text-align: center;\">Oliver Wulf ist Hannos neuer Gebietsleiter im S\u00fcdwesten.<br \/>\nBild: Hanno Werk GmbH &amp; Co. KG<\/p>\n<p>&nbsp;<\/p>\n<hr \/>\n<p>&nbsp;<\/p>\n<p>Abdruck honorarfrei, belegexemplar erbeten<\/p>\n","protected":false},"excerpt":{"rendered":"<p>Der Hanno-Vertrieb hat Verst\u00e4rkung: Oliver Wulf ist der neue Gebietsleiter S\u00fcdwest<\/p>\n","protected":false},"author":10,"featured_media":16581,"comment_status":"closed","ping_status":"open","sticky":false,"template":"","format":"standard","meta":{"footnotes":""},"categories":[655],"tags":[1743,393,1751,1757,611],"class_list":["post-16580","post","type-post","status-publish","format-standard","has-post-thumbnail","hentry","category-hanno","tag-hanno","tag-personalia","tag-personalie","tag-unternehmen","tag-vertrieb"],"_links":{"self":[{"href":"https:\/\/www.pr-neu.de\/newsroom\/wp-json\/wp\/v2\/posts\/16580","targetHints":{"allow":["GET"]}}],"collection":[{"href":"https:\/\/www.pr-neu.de\/newsroom\/wp-json\/wp\/v2\/posts"}],"about":[{"href":"https:\/\/www.pr-neu.de\/newsroom\/wp-json\/wp\/v2\/types\/post"}],"author":[{"embeddable":true,"href":"https:\/\/www.pr-neu.de\/newsroom\/wp-json\/wp\/v2\/users\/10"}],"replies":[{"embeddable":true,"href":"https:\/\/www.pr-neu.de\/newsroom\/wp-json\/wp\/v2\/comments?post=16580"}],"version-history":[{"count":1,"href":"https:\/\/www.pr-neu.de\/newsroom\/wp-json\/wp\/v2\/posts\/16580\/revisions"}],"predecessor-version":[{"id":16582,"href":"https:\/\/www.pr-neu.de\/newsroom\/wp-json\/wp\/v2\/posts\/16580\/revisions\/16582"}],"wp:featuredmedia":[{"embeddable":true,"href":"https:\/\/www.pr-neu.de\/newsroom\/wp-json\/wp\/v2\/media\/16581"}],"wp:attachment":[{"href":"https:\/\/www.pr-neu.de\/newsroom\/wp-json\/wp\/v2\/media?parent=16580"}],"wp:term":[{"taxonomy":"category","embeddable":true,"href":"https:\/\/www.pr-neu.de\/newsroom\/wp-json\/wp\/v2\/categories?post=16580"},{"taxonomy":"post_tag","embeddable":true,"href":"https:\/\/www.pr-neu.de\/newsroom\/wp-json\/wp\/v2\/tags?post=16580"}],"curies":[{"name":"wp","href":"https:\/\/api.w.org\/{rel}","templated":true}]}}