{"id":16572,"date":"2024-03-12T11:32:13","date_gmt":"2024-03-12T10:32:13","guid":{"rendered":"https:\/\/www.pr-neu.de\/newsroom\/?p=16572"},"modified":"2024-03-12T11:32:26","modified_gmt":"2024-03-12T10:32:26","slug":"leben-am-hohentorsplatz","status":"publish","type":"post","link":"https:\/\/www.pr-neu.de\/newsroom\/leben-am-hohentorsplatz\/","title":{"rendered":"Leben am Hohentorsplatz"},"content":{"rendered":"<p><u><br \/>\n\u201eGr\u00fcnes Haus\u201c von Hild und K, Bremen<\/u><\/p>\n<p><strong>Das \u201eGr\u00fcne Haus\u201c in Bremen setzt mit markanter Kubatur und einer Fassade aus glasierten Klinkerriemchen einen st\u00e4dtebaulichen Akzent auf einem keilf\u00f6rmigen Grundst\u00fcck am Quartiers-Eingang \u201eHohentorsplatz\u201c. Der Bau kombiniert frei finanzierte und gef\u00f6rderte Wohnungen mit Gastronomie. Das moderne Energiekonzept \u2013 hoch ged\u00e4mmte Fassade und extensiv begr\u00fcntes Flachdach mit PV-Anlage \u2013 sorgen f\u00fcr einen niedrigen Energiebedarf.<\/strong><\/p>\n<p>Hier, am Eingang zu Bremens S\u00fcden, wurde lange Zeit nur geparkt. Daf\u00fcr war der Platz viel zu schade. Die GEWOBA lobte einen Architekturpreis aus, der Siegerentwurf von Hild und K wurde realisiert. Der Achtgeschosser f\u00fcgt sich in den st\u00e4dtebaulichen Kontext ein, \u00fcberragt die Nachbarbebauung, ohne sie zu erdr\u00fccken. Dazu tragen die gerundeten Ecken und die horizontale Gliederung bei, die dem Bau seine Wucht nehmen. Harmonisch wirkt zudem die Orientierung der Fassaden in Richtung der Verkehrswege.<\/p>\n<p>52 Ein- bis Drei-Zimmer-Wohnungen von 30 bis 74 Quadratmeter Fl\u00e4che gruppieren sich um das zentrale Treppenhaus, im Erdgeschoss ist Gastronomie untergebracht. Weil \u00fcber das Glasdach \u00fcber dem Treppenhaus Sonne in das Geb\u00e4ude kommt, ist der innere Teil des Geb\u00e4udes mit nat\u00fcrlichem Licht versorgt.<\/p>\n<p>Blickfang des Geb\u00e4udes ist seine Fassade: Die graugr\u00fcn glasierten Klinkerriemchen schimmern changierend im Sonnenlicht, der Kontrast zu den ockerfarbenen Fensterprofilen schafft dabei eine eigenst\u00e4ndige Harmonie. Dieser Fassadenaufbau ist zudem besonders langlebig, was die \u00d6kobilanz verbessert. Mit mineralischer D\u00e4mmung und PV-Anlage erreicht das Gr\u00fcne Haus unter dem Strich den Niedrigst-Energie-Standard.<\/p>\n<p>&nbsp;<\/p>\n<hr \/>\n<p>&nbsp;<\/p>\n<p><strong>Bautafel<\/strong>: Gr\u00fcnes Haus, Bremen<\/p>\n<p>Standort: Hohentorsplatz, Bremen<br \/>\nBauherr : GEWOBA , Bremen<br \/>\nArchitekten: Hild und K, M\u00fcnchen<\/p>\n<p>D\u00e4mmung<br \/>\nWDVS: StoTherm Mineral mit keramischer Bekleidung (Klinkerriemchen)<\/p>\n<p>&nbsp;<\/p>\n<hr \/>\n<p>&nbsp;<\/p>\n<p style=\"text-align: center;\"><a href=\"http:\/\/www.pr-neu.de\/newsroom\/wordpress\/wp-content\/uploads\/2024\/03\/24_02_HUK_1_K.jpg\" target=\"_blank\" rel=\"noopener\"><img loading=\"lazy\" decoding=\"async\" class=\"wp-image-16577 size-medium\" src=\"http:\/\/www.pr-neu.de\/newsroom\/wordpress\/wp-content\/uploads\/2024\/03\/24_02_HUK_1_K-300x225.jpg\" alt=\"\" width=\"300\" height=\"225\" srcset=\"https:\/\/www.pr-neu.de\/newsroom\/wordpress\/wp-content\/uploads\/2024\/03\/24_02_HUK_1_K-300x225.jpg 300w, https:\/\/www.pr-neu.de\/newsroom\/wordpress\/wp-content\/uploads\/2024\/03\/24_02_HUK_1_K-1024x768.jpg 1024w, https:\/\/www.pr-neu.de\/newsroom\/wordpress\/wp-content\/uploads\/2024\/03\/24_02_HUK_1_K-768x576.jpg 768w, https:\/\/www.pr-neu.de\/newsroom\/wordpress\/wp-content\/uploads\/2024\/03\/24_02_HUK_1_K-1536x1152.jpg 1536w, https:\/\/www.pr-neu.de\/newsroom\/wordpress\/wp-content\/uploads\/2024\/03\/24_02_HUK_1_K-2048x1536.jpg 2048w, https:\/\/www.pr-neu.de\/newsroom\/wordpress\/wp-content\/uploads\/2024\/03\/24_02_HUK_1_K-110x83.jpg 110w, https:\/\/www.pr-neu.de\/newsroom\/wordpress\/wp-content\/uploads\/2024\/03\/24_02_HUK_1_K-420x315.jpg 420w, https:\/\/www.pr-neu.de\/newsroom\/wordpress\/wp-content\/uploads\/2024\/03\/24_02_HUK_1_K-573x430.jpg 573w\" sizes=\"auto, (max-width: 300px) 100vw, 300px\" \/><\/a><\/p>\n<p style=\"text-align: center;\">Neubau mit historischem Bezug: Das \u201eGr\u00fcne Haus\u201c liegt am Standort des ehemaligen \u201eHohentor\u201c, dem Eingang zum Quartier in Bremens S\u00fcden.<\/p>\n<p>&nbsp;<\/p>\n<p style=\"text-align: center;\"><a href=\"http:\/\/www.pr-neu.de\/newsroom\/wordpress\/wp-content\/uploads\/2024\/03\/24_02_HUK_2_K.jpg\" target=\"_blank\" rel=\"noopener\"><img loading=\"lazy\" decoding=\"async\" class=\"aligncenter wp-image-16573 size-medium\" src=\"http:\/\/www.pr-neu.de\/newsroom\/wordpress\/wp-content\/uploads\/2024\/03\/24_02_HUK_2_K-300x200.jpg\" alt=\"\" width=\"300\" height=\"200\" srcset=\"https:\/\/www.pr-neu.de\/newsroom\/wordpress\/wp-content\/uploads\/2024\/03\/24_02_HUK_2_K-300x200.jpg 300w, https:\/\/www.pr-neu.de\/newsroom\/wordpress\/wp-content\/uploads\/2024\/03\/24_02_HUK_2_K-1024x683.jpg 1024w, https:\/\/www.pr-neu.de\/newsroom\/wordpress\/wp-content\/uploads\/2024\/03\/24_02_HUK_2_K-768x512.jpg 768w, https:\/\/www.pr-neu.de\/newsroom\/wordpress\/wp-content\/uploads\/2024\/03\/24_02_HUK_2_K-1536x1024.jpg 1536w, https:\/\/www.pr-neu.de\/newsroom\/wordpress\/wp-content\/uploads\/2024\/03\/24_02_HUK_2_K-2048x1365.jpg 2048w, https:\/\/www.pr-neu.de\/newsroom\/wordpress\/wp-content\/uploads\/2024\/03\/24_02_HUK_2_K-110x73.jpg 110w, https:\/\/www.pr-neu.de\/newsroom\/wordpress\/wp-content\/uploads\/2024\/03\/24_02_HUK_2_K-420x280.jpg 420w, https:\/\/www.pr-neu.de\/newsroom\/wordpress\/wp-content\/uploads\/2024\/03\/24_02_HUK_2_K-645x430.jpg 645w\" sizes=\"auto, (max-width: 300px) 100vw, 300px\" \/><\/a><\/p>\n<p style=\"text-align: center;\"><a href=\"http:\/\/www.pr-neu.de\/newsroom\/wordpress\/wp-content\/uploads\/2024\/03\/24_02_HUK_3_K.jpg\" target=\"_blank\" rel=\"noopener\"><img loading=\"lazy\" decoding=\"async\" class=\"aligncenter wp-image-16574 size-medium\" src=\"http:\/\/www.pr-neu.de\/newsroom\/wordpress\/wp-content\/uploads\/2024\/03\/24_02_HUK_3_K-200x300.jpg\" alt=\"\" width=\"200\" height=\"300\" srcset=\"https:\/\/www.pr-neu.de\/newsroom\/wordpress\/wp-content\/uploads\/2024\/03\/24_02_HUK_3_K-200x300.jpg 200w, https:\/\/www.pr-neu.de\/newsroom\/wordpress\/wp-content\/uploads\/2024\/03\/24_02_HUK_3_K-683x1024.jpg 683w, https:\/\/www.pr-neu.de\/newsroom\/wordpress\/wp-content\/uploads\/2024\/03\/24_02_HUK_3_K-768x1152.jpg 768w, https:\/\/www.pr-neu.de\/newsroom\/wordpress\/wp-content\/uploads\/2024\/03\/24_02_HUK_3_K-1024x1536.jpg 1024w, https:\/\/www.pr-neu.de\/newsroom\/wordpress\/wp-content\/uploads\/2024\/03\/24_02_HUK_3_K-1365x2048.jpg 1365w, https:\/\/www.pr-neu.de\/newsroom\/wordpress\/wp-content\/uploads\/2024\/03\/24_02_HUK_3_K-73x110.jpg 73w, https:\/\/www.pr-neu.de\/newsroom\/wordpress\/wp-content\/uploads\/2024\/03\/24_02_HUK_3_K-280x420.jpg 280w, https:\/\/www.pr-neu.de\/newsroom\/wordpress\/wp-content\/uploads\/2024\/03\/24_02_HUK_3_K-287x430.jpg 287w, https:\/\/www.pr-neu.de\/newsroom\/wordpress\/wp-content\/uploads\/2024\/03\/24_02_HUK_3_K.jpg 1600w\" sizes=\"auto, (max-width: 200px) 100vw, 200px\" \/><\/a><\/p>\n<p style=\"text-align: center;\">Hochged\u00e4mmt und mit eigenst\u00e4ndiger Fassade, die die ungew\u00f6hnliche Kubatur unterstreicht: Dank der vertikal verlegten Klinkerriemchen bekommt das Geb\u00e4ude seine eigene Optik \u2013 und seinen Namen, das \u201eGr\u00fcne Haus\u201c.<\/p>\n<p>&nbsp;<\/p>\n<p style=\"text-align: center;\"><a href=\"http:\/\/www.pr-neu.de\/newsroom\/wordpress\/wp-content\/uploads\/2024\/03\/24_02_HUK_4_K.jpg\" target=\"_blank\" rel=\"noopener\"><img loading=\"lazy\" decoding=\"async\" class=\"wp-image-16575 size-medium\" src=\"http:\/\/www.pr-neu.de\/newsroom\/wordpress\/wp-content\/uploads\/2024\/03\/24_02_HUK_4_K-200x300.jpg\" alt=\"\" width=\"200\" height=\"300\" srcset=\"https:\/\/www.pr-neu.de\/newsroom\/wordpress\/wp-content\/uploads\/2024\/03\/24_02_HUK_4_K-200x300.jpg 200w, https:\/\/www.pr-neu.de\/newsroom\/wordpress\/wp-content\/uploads\/2024\/03\/24_02_HUK_4_K-683x1024.jpg 683w, https:\/\/www.pr-neu.de\/newsroom\/wordpress\/wp-content\/uploads\/2024\/03\/24_02_HUK_4_K-768x1152.jpg 768w, https:\/\/www.pr-neu.de\/newsroom\/wordpress\/wp-content\/uploads\/2024\/03\/24_02_HUK_4_K-1024x1536.jpg 1024w, https:\/\/www.pr-neu.de\/newsroom\/wordpress\/wp-content\/uploads\/2024\/03\/24_02_HUK_4_K-1365x2048.jpg 1365w, https:\/\/www.pr-neu.de\/newsroom\/wordpress\/wp-content\/uploads\/2024\/03\/24_02_HUK_4_K-73x110.jpg 73w, https:\/\/www.pr-neu.de\/newsroom\/wordpress\/wp-content\/uploads\/2024\/03\/24_02_HUK_4_K-280x420.jpg 280w, https:\/\/www.pr-neu.de\/newsroom\/wordpress\/wp-content\/uploads\/2024\/03\/24_02_HUK_4_K-287x430.jpg 287w, https:\/\/www.pr-neu.de\/newsroom\/wordpress\/wp-content\/uploads\/2024\/03\/24_02_HUK_4_K.jpg 1600w\" sizes=\"auto, (max-width: 200px) 100vw, 200px\" \/><\/a><\/p>\n<p style=\"text-align: center;\">In der Geb\u00e4udemitte liegt das Treppenhaus, das durch die Glas\u00fcberdachung mit Tageslicht versorgt wird.<\/p>\n<p>&nbsp;<\/p>\n<p style=\"text-align: center;\"><a href=\"http:\/\/www.pr-neu.de\/newsroom\/wordpress\/wp-content\/uploads\/2024\/03\/24_02_HUK_5_K.jpg\" target=\"_blank\" rel=\"noopener\"><img loading=\"lazy\" decoding=\"async\" class=\"wp-image-16576 size-medium\" src=\"http:\/\/www.pr-neu.de\/newsroom\/wordpress\/wp-content\/uploads\/2024\/03\/24_02_HUK_5_K-300x169.jpg\" alt=\"\" width=\"300\" height=\"169\" srcset=\"https:\/\/www.pr-neu.de\/newsroom\/wordpress\/wp-content\/uploads\/2024\/03\/24_02_HUK_5_K-300x169.jpg 300w, https:\/\/www.pr-neu.de\/newsroom\/wordpress\/wp-content\/uploads\/2024\/03\/24_02_HUK_5_K-1024x576.jpg 1024w, https:\/\/www.pr-neu.de\/newsroom\/wordpress\/wp-content\/uploads\/2024\/03\/24_02_HUK_5_K-768x432.jpg 768w, https:\/\/www.pr-neu.de\/newsroom\/wordpress\/wp-content\/uploads\/2024\/03\/24_02_HUK_5_K-1536x864.jpg 1536w, https:\/\/www.pr-neu.de\/newsroom\/wordpress\/wp-content\/uploads\/2024\/03\/24_02_HUK_5_K-2048x1152.jpg 2048w, https:\/\/www.pr-neu.de\/newsroom\/wordpress\/wp-content\/uploads\/2024\/03\/24_02_HUK_5_K-110x62.jpg 110w, https:\/\/www.pr-neu.de\/newsroom\/wordpress\/wp-content\/uploads\/2024\/03\/24_02_HUK_5_K-420x236.jpg 420w, https:\/\/www.pr-neu.de\/newsroom\/wordpress\/wp-content\/uploads\/2024\/03\/24_02_HUK_5_K-770x430.jpg 770w, https:\/\/www.pr-neu.de\/newsroom\/wordpress\/wp-content\/uploads\/2024\/03\/24_02_HUK_5_K-764x430.jpg 764w\" sizes=\"auto, (max-width: 300px) 100vw, 300px\" \/><\/a><\/p>\n<p style=\"text-align: center;\">Die Photovoltaik-Anlage auf dem Dach tr\u00e4gt zur guten Energiebilanz bei. Das Gr\u00fcne Haus ist unter dem Strich ein Niedrigst-Energie-Bau.<\/p>\n<p style=\"text-align: center;\">Fotos: Michael Heinrich \/ Sto SE &amp; Co. KGaA<\/p>\n<p>&nbsp;<\/p>\n<hr \/>\n<p>&nbsp;<\/p>\n<p>Abdruck honorarfrei, Belegexemplar erbeten<\/p>\n","protected":false},"excerpt":{"rendered":"<p>Das achtgeschossige &#8222;Gr\u00fcne Haus&#8220; von Hild und K Architekten ersetzt jetzt einen ehemaligen Parkplatz an markanter Stelle in Bremen um mehr als 50 Wohneinheiten.  Der Neubau f\u00e4llt vor allem durch seine ungew\u00f6hnliche Fassade auf: Gr\u00fcn glasierte Klinkerriemchen in vertikaler Verlegung machen den Turm mit f\u00fcnfeckigem Grundriss zum Solit\u00e4r. Hinter der robusten Fassade sch\u00fctzt die langlebige Fassadend\u00e4mmung StoTherm Mineral das bauwerk vor dem schnellen ausk\u00fchlen. Zum Energiekonzept geh\u00f6rt auch eine PV-Anlage auf dem Dach \u2013 unterm Strich erreicht das Gr\u00fcne Haus den Niedrigst-Energie-Standard.<\/p>\n","protected":false},"author":9,"featured_media":16573,"comment_status":"closed","ping_status":"open","sticky":false,"template":"","format":"standard","meta":{"footnotes":""},"categories":[15],"tags":[62,2868,124,187,2870,504,2189,533,627,638,2672],"class_list":["post-16572","post","type-post","status-publish","format-standard","has-post-thumbnail","hentry","category-sto","tag-architektur","tag-bremen","tag-dammung","tag-fassade","tag-hildundk","tag-sto-2","tag-stodeutschland","tag-stotherm","tag-wdvs","tag-wohnbau","tag-wohngebaeude"],"_links":{"self":[{"href":"https:\/\/www.pr-neu.de\/newsroom\/wp-json\/wp\/v2\/posts\/16572","targetHints":{"allow":["GET"]}}],"collection":[{"href":"https:\/\/www.pr-neu.de\/newsroom\/wp-json\/wp\/v2\/posts"}],"about":[{"href":"https:\/\/www.pr-neu.de\/newsroom\/wp-json\/wp\/v2\/types\/post"}],"author":[{"embeddable":true,"href":"https:\/\/www.pr-neu.de\/newsroom\/wp-json\/wp\/v2\/users\/9"}],"replies":[{"embeddable":true,"href":"https:\/\/www.pr-neu.de\/newsroom\/wp-json\/wp\/v2\/comments?post=16572"}],"version-history":[{"count":2,"href":"https:\/\/www.pr-neu.de\/newsroom\/wp-json\/wp\/v2\/posts\/16572\/revisions"}],"predecessor-version":[{"id":16579,"href":"https:\/\/www.pr-neu.de\/newsroom\/wp-json\/wp\/v2\/posts\/16572\/revisions\/16579"}],"wp:featuredmedia":[{"embeddable":true,"href":"https:\/\/www.pr-neu.de\/newsroom\/wp-json\/wp\/v2\/media\/16573"}],"wp:attachment":[{"href":"https:\/\/www.pr-neu.de\/newsroom\/wp-json\/wp\/v2\/media?parent=16572"}],"wp:term":[{"taxonomy":"category","embeddable":true,"href":"https:\/\/www.pr-neu.de\/newsroom\/wp-json\/wp\/v2\/categories?post=16572"},{"taxonomy":"post_tag","embeddable":true,"href":"https:\/\/www.pr-neu.de\/newsroom\/wp-json\/wp\/v2\/tags?post=16572"}],"curies":[{"name":"wp","href":"https:\/\/api.w.org\/{rel}","templated":true}]}}