{"id":16556,"date":"2024-03-04T08:00:28","date_gmt":"2024-03-04T07:00:28","guid":{"rendered":"https:\/\/www.pr-neu.de\/newsroom\/?p=16556"},"modified":"2024-03-01T11:08:33","modified_gmt":"2024-03-01T10:08:33","slug":"balkon-und-flachdachablauf-so-gelingt-der-anschluss-perfekt","status":"publish","type":"post","link":"https:\/\/www.pr-neu.de\/newsroom\/balkon-und-flachdachablauf-so-gelingt-der-anschluss-perfekt\/","title":{"rendered":"Balkon- und Flachdachablauf: So gelingt der Anschluss perfekt"},"content":{"rendered":"<p><u>Praxistipp: Anschlussmanschetten f\u00fcr Dachbahnen richtig w\u00e4hlen<\/u><\/p>\n<p><strong>Mit Abl\u00e4ufen mit vorkonfektionierten Anschlussmanschetten erfolgt der Einbau schnell und sicher. Neben Standard-Manschetten bietet Loro die g\u00e4ngigsten Materialien bereits ab Werk. So lassen sich Baustellen schneller, sicher und einfacher abwickeln \u2013 wenn die Werkstoffe von Dichtungsbahn und Manschette des Ablaufes zueinander passen.<\/strong><\/p>\n<p>So unterschiedlich die baulichen Situationen, so differenziert die technischen L\u00f6sungen. So gibt es verschiedene Produktserien f\u00fcr die Balkon- und die Flachdachentw\u00e4sserung. Doch auch wenn sich die Abl\u00e4ufe im Aufbau unterscheiden, ist ihre Montage vergleichbar: Einsetzen in den Bauk\u00f6rper und Anschlie\u00dfen der Abdichtung an den Dach- oder Balkonaufbau. Hier treffen die Abl\u00e4ufe auf eine ebenfalls gro\u00dfe Zahl an m\u00f6glichen Konstruktionen, insbesondere die Auswahl an Dichtungsbahnen ist hoch. Dann stellt sich die Frage, wie sich das Bauteil an den Aufbau vor Ort einfach und sicher anschlie\u00dfen l\u00e4sst.<\/p>\n<p>Ideal ist der Anschluss mit Manschette. Diese verbindet den Ablauf mit der Dichtungsbahn. Dabei wird zuerst der Ablauf mit der Manschette verbunden, im zweiten Schritt die Manschette mit der fl\u00e4chigen Abdichtungsbahn. Loro bietet Abl\u00e4ufe, bei denen der erste Arbeitsschritt bereits werkseitig erf\u00fcllt ist: Die Manschette ist (generell r\u00fcckstausicher) eingeklemmt und l\u00e4sst sich dadurch auf dem Dach einfach \u2013 und schneller \u2013 montieren.<\/p>\n<p>Im Standard bestehen die vorkonfektionierten Anschlussmanschetten aus einem Bitumen\/EPDM-Verbund. Um unkompliziert und sicher f\u00fcr homogenen Verbund zu sorgen, bietet Loro Abl\u00e4ufe auch mit anderen Manschetten-Werkstoffen an. Der Dachdeckbetrieb kann einfach nach Material w\u00e4hlen, insgesamt stehen 18 Dachbahnen-Typen der f\u00fchrenden Hersteller zur Wahl. Mit dieser breiten Auswahl an Werkstoffen f\u00fcr die Manschette ist es einfach, ein passendes Element zu erhalten. Als Alternativen gibt es auch Klemm- und Klebeflansche als Anschluss.<\/p>\n<p><strong>Tipps<\/strong><br \/>\n\u2022 Anschlussmanschette direkt nach der Lieferung bzw. unmittelbar vor dem Einbau \u00fcberpr\u00fcfen, ob durch Transport oder auf der Baustelle Sch\u00e4den entstanden sind.<br \/>\n\u2022 Die Manschetten sind werkseitig zusammengefaltet und von einer Folie gesch\u00fctzt. Muss Regenwasser schon in der Bauphase abgef\u00fchrt werden, sind die Manschetten auszufalten. Bauseits sind f\u00fcr diesen Fall Schutzvorkehrungen zu treffen, um Sch\u00e4den an der Anschlussmanschette zu vermeiden.<\/p>\n<p>&nbsp;<\/p>\n<hr \/>\n<p>&nbsp;<\/p>\n<p>Werkseitig eingeklemmte Anschlussmanschetten gibt es bei Loro f\u00fcr die Serien E, F, H und O. Mit dieser Angebotsbreite gibt es L\u00f6sungen f\u00fcr die Entw\u00e4sserung auf dem Flachdach und f\u00fcr den Balkon.<\/p>\n<p><a href=\"http:\/\/www.pr-neu.de\/newsroom\/wordpress\/wp-content\/uploads\/2024\/03\/23_12_Flachdach_Serie_O_K.jpg\" target=\"_blank\" rel=\"noopener\"><img loading=\"lazy\" decoding=\"async\" class=\"wp-image-16559 size-medium aligncenter\" src=\"http:\/\/www.pr-neu.de\/newsroom\/wordpress\/wp-content\/uploads\/2024\/03\/23_12_Flachdach_Serie_O_K-288x300.jpg\" alt=\"\" width=\"288\" height=\"300\" srcset=\"https:\/\/www.pr-neu.de\/newsroom\/wordpress\/wp-content\/uploads\/2024\/03\/23_12_Flachdach_Serie_O_K-288x300.jpg 288w, https:\/\/www.pr-neu.de\/newsroom\/wordpress\/wp-content\/uploads\/2024\/03\/23_12_Flachdach_Serie_O_K-983x1024.jpg 983w, https:\/\/www.pr-neu.de\/newsroom\/wordpress\/wp-content\/uploads\/2024\/03\/23_12_Flachdach_Serie_O_K-768x800.jpg 768w, https:\/\/www.pr-neu.de\/newsroom\/wordpress\/wp-content\/uploads\/2024\/03\/23_12_Flachdach_Serie_O_K-1475x1536.jpg 1475w, https:\/\/www.pr-neu.de\/newsroom\/wordpress\/wp-content\/uploads\/2024\/03\/23_12_Flachdach_Serie_O_K-1966x2048.jpg 1966w, https:\/\/www.pr-neu.de\/newsroom\/wordpress\/wp-content\/uploads\/2024\/03\/23_12_Flachdach_Serie_O_K-106x110.jpg 106w, https:\/\/www.pr-neu.de\/newsroom\/wordpress\/wp-content\/uploads\/2024\/03\/23_12_Flachdach_Serie_O_K-403x420.jpg 403w, https:\/\/www.pr-neu.de\/newsroom\/wordpress\/wp-content\/uploads\/2024\/03\/23_12_Flachdach_Serie_O_K-413x430.jpg 413w\" sizes=\"auto, (max-width: 288px) 100vw, 288px\" \/><\/a><\/p>\n<p style=\"text-align: center;\">Flachdachablauf, Serie O, mit zweifach vormontierter Anschlussmanschette.<\/p>\n<p>&nbsp;<\/p>\n<p><a href=\"http:\/\/www.pr-neu.de\/newsroom\/wordpress\/wp-content\/uploads\/2024\/03\/23_12_Balkon_Serie_H_K.jpg\" target=\"_blank\" rel=\"noopener\"><img loading=\"lazy\" decoding=\"async\" class=\"wp-image-16558 size-medium aligncenter\" src=\"http:\/\/www.pr-neu.de\/newsroom\/wordpress\/wp-content\/uploads\/2024\/03\/23_12_Balkon_Serie_H_K-300x277.jpg\" alt=\"\" width=\"300\" height=\"277\" srcset=\"https:\/\/www.pr-neu.de\/newsroom\/wordpress\/wp-content\/uploads\/2024\/03\/23_12_Balkon_Serie_H_K-300x277.jpg 300w, https:\/\/www.pr-neu.de\/newsroom\/wordpress\/wp-content\/uploads\/2024\/03\/23_12_Balkon_Serie_H_K-1024x944.jpg 1024w, https:\/\/www.pr-neu.de\/newsroom\/wordpress\/wp-content\/uploads\/2024\/03\/23_12_Balkon_Serie_H_K-768x708.jpg 768w, https:\/\/www.pr-neu.de\/newsroom\/wordpress\/wp-content\/uploads\/2024\/03\/23_12_Balkon_Serie_H_K-1536x1416.jpg 1536w, https:\/\/www.pr-neu.de\/newsroom\/wordpress\/wp-content\/uploads\/2024\/03\/23_12_Balkon_Serie_H_K-2048x1888.jpg 2048w, https:\/\/www.pr-neu.de\/newsroom\/wordpress\/wp-content\/uploads\/2024\/03\/23_12_Balkon_Serie_H_K-110x101.jpg 110w, https:\/\/www.pr-neu.de\/newsroom\/wordpress\/wp-content\/uploads\/2024\/03\/23_12_Balkon_Serie_H_K-420x387.jpg 420w, https:\/\/www.pr-neu.de\/newsroom\/wordpress\/wp-content\/uploads\/2024\/03\/23_12_Balkon_Serie_H_K-466x430.jpg 466w\" sizes=\"auto, (max-width: 300px) 100vw, 300px\" \/><\/a><\/p>\n<p style=\"text-align: center;\">Balkonablauf, Serie H, mit zweifach vormontierter Anschlussmanschette.<\/p>\n<p>&nbsp;<\/p>\n<p><a href=\"http:\/\/www.pr-neu.de\/newsroom\/wordpress\/wp-content\/uploads\/2024\/03\/23_12_Systemskizze_K.jpg\" target=\"_blank\" rel=\"noopener\"><img loading=\"lazy\" decoding=\"async\" class=\"wp-image-16557 size-medium aligncenter\" src=\"http:\/\/www.pr-neu.de\/newsroom\/wordpress\/wp-content\/uploads\/2024\/03\/23_12_Systemskizze_K-300x300.jpg\" alt=\"\" width=\"300\" height=\"300\" srcset=\"https:\/\/www.pr-neu.de\/newsroom\/wordpress\/wp-content\/uploads\/2024\/03\/23_12_Systemskizze_K-300x300.jpg 300w, https:\/\/www.pr-neu.de\/newsroom\/wordpress\/wp-content\/uploads\/2024\/03\/23_12_Systemskizze_K-1024x1024.jpg 1024w, https:\/\/www.pr-neu.de\/newsroom\/wordpress\/wp-content\/uploads\/2024\/03\/23_12_Systemskizze_K-150x150.jpg 150w, https:\/\/www.pr-neu.de\/newsroom\/wordpress\/wp-content\/uploads\/2024\/03\/23_12_Systemskizze_K-768x768.jpg 768w, https:\/\/www.pr-neu.de\/newsroom\/wordpress\/wp-content\/uploads\/2024\/03\/23_12_Systemskizze_K-1536x1536.jpg 1536w, https:\/\/www.pr-neu.de\/newsroom\/wordpress\/wp-content\/uploads\/2024\/03\/23_12_Systemskizze_K-2048x2048.jpg 2048w, https:\/\/www.pr-neu.de\/newsroom\/wordpress\/wp-content\/uploads\/2024\/03\/23_12_Systemskizze_K-250x250.jpg 250w, https:\/\/www.pr-neu.de\/newsroom\/wordpress\/wp-content\/uploads\/2024\/03\/23_12_Systemskizze_K-125x125.jpg 125w, https:\/\/www.pr-neu.de\/newsroom\/wordpress\/wp-content\/uploads\/2024\/03\/23_12_Systemskizze_K-110x110.jpg 110w, https:\/\/www.pr-neu.de\/newsroom\/wordpress\/wp-content\/uploads\/2024\/03\/23_12_Systemskizze_K-420x420.jpg 420w, https:\/\/www.pr-neu.de\/newsroom\/wordpress\/wp-content\/uploads\/2024\/03\/23_12_Systemskizze_K-430x430.jpg 430w\" sizes=\"auto, (max-width: 300px) 100vw, 300px\" \/><\/a><\/p>\n<p style=\"text-align: center;\">So wird der zweiteilige Flachdachablauf der Serie O auf einem ged\u00e4mmten Dach eingebaut: Die Anschlussmanschetten (standardm\u00e4\u00dfig f\u00fcr Bitumenbahnen) liegen oberhalb und unterhalb der D\u00e4mmung, Mindestabst\u00e4nde sind zur Attika bzw. zum Dachrand einzuhalten.<\/p>\n<p style=\"text-align: center;\">Bilder: Lorowerk<\/p>\n<p>&nbsp;<\/p>\n<hr \/>\n<p>&nbsp;<\/p>\n<p>Abdruck honorarfrei, Belegexemplar erbeten<\/p>\n","protected":false},"excerpt":{"rendered":"<p>Mit Abl\u00e4ufen mit vorkonfektionierten Anschlussmanschetten erfolgt der Einbau schnell und sicher. Neben Standard-Manschetten bietet Loro die g\u00e4ngigsten Materialien bereits ab Werk.<\/p>\n","protected":false},"author":9,"featured_media":16557,"comment_status":"closed","ping_status":"open","sticky":false,"template":"","format":"standard","meta":{"footnotes":""},"categories":[1531],"tags":[1905,2864,112,1671,1669],"class_list":["post-16556","post","type-post","status-publish","format-standard","has-post-thumbnail","hentry","category-loro","tag-abfluss","tag-anschluss","tag-dach","tag-flachdach","tag-loro"],"_links":{"self":[{"href":"https:\/\/www.pr-neu.de\/newsroom\/wp-json\/wp\/v2\/posts\/16556","targetHints":{"allow":["GET"]}}],"collection":[{"href":"https:\/\/www.pr-neu.de\/newsroom\/wp-json\/wp\/v2\/posts"}],"about":[{"href":"https:\/\/www.pr-neu.de\/newsroom\/wp-json\/wp\/v2\/types\/post"}],"author":[{"embeddable":true,"href":"https:\/\/www.pr-neu.de\/newsroom\/wp-json\/wp\/v2\/users\/9"}],"replies":[{"embeddable":true,"href":"https:\/\/www.pr-neu.de\/newsroom\/wp-json\/wp\/v2\/comments?post=16556"}],"version-history":[{"count":2,"href":"https:\/\/www.pr-neu.de\/newsroom\/wp-json\/wp\/v2\/posts\/16556\/revisions"}],"predecessor-version":[{"id":16561,"href":"https:\/\/www.pr-neu.de\/newsroom\/wp-json\/wp\/v2\/posts\/16556\/revisions\/16561"}],"wp:featuredmedia":[{"embeddable":true,"href":"https:\/\/www.pr-neu.de\/newsroom\/wp-json\/wp\/v2\/media\/16557"}],"wp:attachment":[{"href":"https:\/\/www.pr-neu.de\/newsroom\/wp-json\/wp\/v2\/media?parent=16556"}],"wp:term":[{"taxonomy":"category","embeddable":true,"href":"https:\/\/www.pr-neu.de\/newsroom\/wp-json\/wp\/v2\/categories?post=16556"},{"taxonomy":"post_tag","embeddable":true,"href":"https:\/\/www.pr-neu.de\/newsroom\/wp-json\/wp\/v2\/tags?post=16556"}],"curies":[{"name":"wp","href":"https:\/\/api.w.org\/{rel}","templated":true}]}}