{"id":16552,"date":"2024-03-04T08:00:35","date_gmt":"2024-03-04T07:00:35","guid":{"rendered":"https:\/\/www.pr-neu.de\/newsroom\/?p=16552"},"modified":"2024-03-01T11:02:17","modified_gmt":"2024-03-01T10:02:17","slug":"die-kunst-der-details","status":"publish","type":"post","link":"https:\/\/www.pr-neu.de\/newsroom\/die-kunst-der-details\/","title":{"rendered":"Die Kunst der Details"},"content":{"rendered":"<p><u>Loro-Neuheiten 2024<\/u><\/p>\n<p><strong>Mehr Variabilit\u00e4t durch Systeml\u00f6sungen in der Nennweite DN 50, weiterentwickelte Bauteile, die den Einbau leichter und sicherer machen: Die Loro-Neuheiten 2024 bringen viele Vorteile bei der Flachdach- und Balkonentw\u00e4sserung.<\/strong><\/p>\n<p>Die Geb\u00e4ude-Entw\u00e4sserung l\u00e4sst sich zwar nicht neu erfinden, aber die Komponenten k\u00f6nnen technisch optimiert und f\u00fcr den sicheren Einbau weiterentwickelt werden. Das zeigen die Neuheiten 2024 von Loro, die der Entw\u00e4sserungsspezialist auf der Dach + Holz ank\u00fcndigte.<\/p>\n<p><strong>Abl\u00e4ufe mit werkseitigem Verbundblech<\/strong><br \/>\nDie rationelle Flachdach-Entw\u00e4sserung mit Loro-X-Light ist mit einem werkseitig montierten Flansch aus Verbundblech noch schneller und sicherer eingebaut \u2013 auch f\u00fcr Attika-Speier (DN 70). Bauseits ist der Flansch dann nur noch zu kanten. So lassen sich gerade kleine Dachfl\u00e4chen (Carports und Garagen, Vord\u00e4cher, Anbauten oder Balkone) einfach und zuverl\u00e4ssig entw\u00e4ssern. Die Grundeinheit l\u00e4sst sich mit der passenden Haube f\u00fcr die Haupt- und f\u00fcr die Notentw\u00e4sserung einsetzen.<\/p>\n<p><strong>Angebot Nennweite DN 50 ausgeweitet<\/strong><br \/>\nF\u00fcr viele Fl\u00e4chen gen\u00fcgen Abfl\u00fcsse mit geringer Nennweite. Daher hat Loro das Angebot an Systembauteilen in DN 50 ausgeweitet. Die Serien V und IV, die sich seit langer Zeit in der Balkonentw\u00e4sserung bew\u00e4hren, kommen im Laufe des zweiten Halbjahres 2024 komplett in der neuen Nennweite auf den Markt \u2013 neben den etablierten Gr\u00f6\u00dfen DN 70 und DN 100. Mit den beiden Systemen in drei Gr\u00f6\u00dfen ist es nun noch einfacher, die passende Entw\u00e4sserung f\u00fcr jeden Balkon zu definieren.<\/p>\n<p><strong>Rechteck-Speier<\/strong><br \/>\nF\u00fcr moderne Architektur konzipiert ist der Rechteck-Speier. Das Edelstahl-Bauteil kann auch mit projektbezogen Ma\u00dfen geliefert werden.<\/p>\n<p>&nbsp;<\/p>\n<hr \/>\n<p style=\"text-align: center;\">\n<p style=\"text-align: center;\">\n<figure id=\"attachment_16554\" aria-describedby=\"caption-attachment-16554\" style=\"width: 225px\" class=\"wp-caption aligncenter\"><a href=\"http:\/\/www.pr-neu.de\/newsroom\/wordpress\/wp-content\/uploads\/2024\/03\/24_03_SerieV_DN50_K.jpg\" target=\"_blank\" rel=\"noopener\"><img loading=\"lazy\" decoding=\"async\" class=\"wp-image-16554 size-medium\" src=\"http:\/\/www.pr-neu.de\/newsroom\/wordpress\/wp-content\/uploads\/2024\/03\/24_03_SerieV_DN50_K-225x300.jpg\" alt=\"\" width=\"225\" height=\"300\" srcset=\"https:\/\/www.pr-neu.de\/newsroom\/wordpress\/wp-content\/uploads\/2024\/03\/24_03_SerieV_DN50_K-225x300.jpg 225w, https:\/\/www.pr-neu.de\/newsroom\/wordpress\/wp-content\/uploads\/2024\/03\/24_03_SerieV_DN50_K-768x1024.jpg 768w, https:\/\/www.pr-neu.de\/newsroom\/wordpress\/wp-content\/uploads\/2024\/03\/24_03_SerieV_DN50_K-1152x1536.jpg 1152w, https:\/\/www.pr-neu.de\/newsroom\/wordpress\/wp-content\/uploads\/2024\/03\/24_03_SerieV_DN50_K-1536x2048.jpg 1536w, https:\/\/www.pr-neu.de\/newsroom\/wordpress\/wp-content\/uploads\/2024\/03\/24_03_SerieV_DN50_K-83x110.jpg 83w, https:\/\/www.pr-neu.de\/newsroom\/wordpress\/wp-content\/uploads\/2024\/03\/24_03_SerieV_DN50_K-315x420.jpg 315w, https:\/\/www.pr-neu.de\/newsroom\/wordpress\/wp-content\/uploads\/2024\/03\/24_03_SerieV_DN50_K-323x430.jpg 323w, https:\/\/www.pr-neu.de\/newsroom\/wordpress\/wp-content\/uploads\/2024\/03\/24_03_SerieV_DN50_K.jpg 1800w\" sizes=\"auto, (max-width: 225px) 100vw, 225px\" \/><\/a><figcaption id=\"caption-attachment-16554\" class=\"wp-caption-text\">\u00a0<\/figcaption><\/figure>\n<p style=\"text-align: center;\">Die Serie V, komplett in der Nennweite DN 50: Siebeinheit, Aufsatzelement, Grundk\u00f6rper und Rohr.<\/p>\n<p style=\"text-align: center;\">\n<figure id=\"attachment_16553\" aria-describedby=\"caption-attachment-16553\" style=\"width: 300px\" class=\"wp-caption aligncenter\"><a href=\"http:\/\/www.pr-neu.de\/newsroom\/wordpress\/wp-content\/uploads\/2024\/03\/24_03_Rechteckspeier_K.jpg\" target=\"_blank\" rel=\"noopener\"><img loading=\"lazy\" decoding=\"async\" class=\"wp-image-16553 size-medium\" src=\"http:\/\/www.pr-neu.de\/newsroom\/wordpress\/wp-content\/uploads\/2024\/03\/24_03_Rechteckspeier_K-300x225.jpg\" alt=\"\" width=\"300\" height=\"225\" srcset=\"https:\/\/www.pr-neu.de\/newsroom\/wordpress\/wp-content\/uploads\/2024\/03\/24_03_Rechteckspeier_K-300x225.jpg 300w, https:\/\/www.pr-neu.de\/newsroom\/wordpress\/wp-content\/uploads\/2024\/03\/24_03_Rechteckspeier_K-1024x768.jpg 1024w, https:\/\/www.pr-neu.de\/newsroom\/wordpress\/wp-content\/uploads\/2024\/03\/24_03_Rechteckspeier_K-768x576.jpg 768w, https:\/\/www.pr-neu.de\/newsroom\/wordpress\/wp-content\/uploads\/2024\/03\/24_03_Rechteckspeier_K-1536x1152.jpg 1536w, https:\/\/www.pr-neu.de\/newsroom\/wordpress\/wp-content\/uploads\/2024\/03\/24_03_Rechteckspeier_K-2048x1536.jpg 2048w, https:\/\/www.pr-neu.de\/newsroom\/wordpress\/wp-content\/uploads\/2024\/03\/24_03_Rechteckspeier_K-110x83.jpg 110w, https:\/\/www.pr-neu.de\/newsroom\/wordpress\/wp-content\/uploads\/2024\/03\/24_03_Rechteckspeier_K-420x315.jpg 420w, https:\/\/www.pr-neu.de\/newsroom\/wordpress\/wp-content\/uploads\/2024\/03\/24_03_Rechteckspeier_K-573x430.jpg 573w\" sizes=\"auto, (max-width: 300px) 100vw, 300px\" \/><\/a><figcaption id=\"caption-attachment-16553\" class=\"wp-caption-text\">\u00a0<\/figcaption><\/figure>\n<p style=\"text-align: center;\">F\u00fcr moderne Architektur: Der Rechteckspeier setzt Akzente in der Fassade.<\/p>\n<p style=\"text-align: center;\">Bilder: LOROWERK K. H. Vahlbrauk GmbH &amp; Co. KG<\/p>\n<p>&nbsp;<\/p>\n<hr \/>\n<p>&nbsp;<\/p>\n<p>Abdruck honorarfrei, Belegexemplar erbeten<\/p>\n","protected":false},"excerpt":{"rendered":"<p>Mehr Variabilit\u00e4t durch Systeml\u00f6sungen in der Nennweite DN 50, weiterentwickelte Bauteile, die den Einbau leichter und sicherer machen: Die Loro-Neuheiten 2024 bringen viele Vorteile bei der Flachdach- und Balkonentw\u00e4sserung.<\/p>\n","protected":false},"author":9,"featured_media":16553,"comment_status":"closed","ping_status":"open","sticky":false,"template":"","format":"standard","meta":{"footnotes":""},"categories":[1531],"tags":[1855,112,1673,1671,1669,2862],"class_list":["post-16552","post","type-post","status-publish","format-standard","has-post-thumbnail","hentry","category-loro","tag-balkon","tag-dach","tag-entwaesserung","tag-flachdach","tag-loro","tag-messe-dachholz"],"_links":{"self":[{"href":"https:\/\/www.pr-neu.de\/newsroom\/wp-json\/wp\/v2\/posts\/16552","targetHints":{"allow":["GET"]}}],"collection":[{"href":"https:\/\/www.pr-neu.de\/newsroom\/wp-json\/wp\/v2\/posts"}],"about":[{"href":"https:\/\/www.pr-neu.de\/newsroom\/wp-json\/wp\/v2\/types\/post"}],"author":[{"embeddable":true,"href":"https:\/\/www.pr-neu.de\/newsroom\/wp-json\/wp\/v2\/users\/9"}],"replies":[{"embeddable":true,"href":"https:\/\/www.pr-neu.de\/newsroom\/wp-json\/wp\/v2\/comments?post=16552"}],"version-history":[{"count":1,"href":"https:\/\/www.pr-neu.de\/newsroom\/wp-json\/wp\/v2\/posts\/16552\/revisions"}],"predecessor-version":[{"id":16555,"href":"https:\/\/www.pr-neu.de\/newsroom\/wp-json\/wp\/v2\/posts\/16552\/revisions\/16555"}],"wp:featuredmedia":[{"embeddable":true,"href":"https:\/\/www.pr-neu.de\/newsroom\/wp-json\/wp\/v2\/media\/16553"}],"wp:attachment":[{"href":"https:\/\/www.pr-neu.de\/newsroom\/wp-json\/wp\/v2\/media?parent=16552"}],"wp:term":[{"taxonomy":"category","embeddable":true,"href":"https:\/\/www.pr-neu.de\/newsroom\/wp-json\/wp\/v2\/categories?post=16552"},{"taxonomy":"post_tag","embeddable":true,"href":"https:\/\/www.pr-neu.de\/newsroom\/wp-json\/wp\/v2\/tags?post=16552"}],"curies":[{"name":"wp","href":"https:\/\/api.w.org\/{rel}","templated":true}]}}