{"id":16548,"date":"2024-02-29T14:01:48","date_gmt":"2024-02-29T13:01:48","guid":{"rendered":"https:\/\/www.pr-neu.de\/newsroom\/?p=16548"},"modified":"2024-02-29T14:01:53","modified_gmt":"2024-02-29T13:01:53","slug":"teckentrup-unterstuetzt-wieder-die-aktion-lichtblicke","status":"publish","type":"post","link":"https:\/\/www.pr-neu.de\/newsroom\/teckentrup-unterstuetzt-wieder-die-aktion-lichtblicke\/","title":{"rendered":"Teckentrup unterst\u00fctzt wieder die Aktion Lichtblicke"},"content":{"rendered":"<p><u>Advents-Spendenaktion bringt 2.700 Euro<\/u><\/p>\n<p><strong>(Verl) Die Mitarbeiter und das Unternehmen Teckentrup haben auch im Advent 2023 f\u00fcr Menschen in Not gesammelt: Der Erl\u00f6s kommt wie in den letzten Jahren der Aktion Lichtblicke e.V. zugute, die sich f\u00fcr hilfsbed\u00fcrftige Kinder und Familien in NRW einsetzt.<\/strong><\/p>\n<p>Dem Spendenaufruf unter Mitarbeitern und in den sozialen Netzwerken kamen wieder viele Menschen nach. Zum einen wurde \u00fcber Spendenboxen in den Niederlassungen Geld gesammelt, zum anderen \u00fcber eine Online-Spendenseite, auf der auch Familie, Freunde und Gesch\u00e4ftspartner das Spenden\u20acziel von Teckentrup unterst\u00fctzen konnten. Der Betrag wurde \u2013 wie schon in den Vorjahren \u2013 von den Gesch\u00e4ftsf\u00fchrern Christian Hanke und Jens Heckenm\u00fcller verdoppelt, so dass insgesamt 2.700 Euro an die Aktion Lichtblicke gingen.<\/p>\n<p>Als der Region verbundenes Unternehmen ist es Teckentrup wichtig, sich f\u00fcr ein lokales Projekt zu engagieren und einen Beitrag f\u00fcr das Zusammenleben in der Region zu leisten. Die Aktion Lichtblicke unterst\u00fctzt seit 25 Jahren Kinder und deren Familien aus Nordrhein-Westfalen, die materiell, finanziell oder seelisch in Not geraten sind.<\/p>\n<p>&nbsp;<\/p>\n<hr \/>\n<p>&nbsp;<\/p>\n<p><a href=\"http:\/\/www.pr-neu.de\/newsroom\/wordpress\/wp-content\/uploads\/2024\/02\/24-02_Aktion_Lichtblicke_K.jpg\" target=\"_blank\" rel=\"noopener\"><img loading=\"lazy\" decoding=\"async\" class=\"wp-image-16549 size-medium aligncenter\" src=\"http:\/\/www.pr-neu.de\/newsroom\/wordpress\/wp-content\/uploads\/2024\/02\/24-02_Aktion_Lichtblicke_K-300x284.jpg\" alt=\"\" width=\"300\" height=\"284\" srcset=\"https:\/\/www.pr-neu.de\/newsroom\/wordpress\/wp-content\/uploads\/2024\/02\/24-02_Aktion_Lichtblicke_K-300x284.jpg 300w, https:\/\/www.pr-neu.de\/newsroom\/wordpress\/wp-content\/uploads\/2024\/02\/24-02_Aktion_Lichtblicke_K-1024x970.jpg 1024w, https:\/\/www.pr-neu.de\/newsroom\/wordpress\/wp-content\/uploads\/2024\/02\/24-02_Aktion_Lichtblicke_K-768x728.jpg 768w, https:\/\/www.pr-neu.de\/newsroom\/wordpress\/wp-content\/uploads\/2024\/02\/24-02_Aktion_Lichtblicke_K-1536x1455.jpg 1536w, https:\/\/www.pr-neu.de\/newsroom\/wordpress\/wp-content\/uploads\/2024\/02\/24-02_Aktion_Lichtblicke_K-2048x1940.jpg 2048w, https:\/\/www.pr-neu.de\/newsroom\/wordpress\/wp-content\/uploads\/2024\/02\/24-02_Aktion_Lichtblicke_K-110x104.jpg 110w, https:\/\/www.pr-neu.de\/newsroom\/wordpress\/wp-content\/uploads\/2024\/02\/24-02_Aktion_Lichtblicke_K-420x398.jpg 420w, https:\/\/www.pr-neu.de\/newsroom\/wordpress\/wp-content\/uploads\/2024\/02\/24-02_Aktion_Lichtblicke_K-454x430.jpg 454w\" sizes=\"auto, (max-width: 300px) 100vw, 300px\" \/><\/a><\/p>\n<p style=\"text-align: center;\">Henner Simon und Stefanie Zier begleiteten die Spendensammlung bei Teckentrup und freuen sich, die Aktion Lichtblicke in diesem Jahr mit 2.700 Euro zu unterst\u00fctzen.<br \/>\nBild: Teckentrup<\/p>\n<p>&nbsp;<\/p>\n<hr \/>\n<p>&nbsp;<\/p>\n<p>Abdruck honorarfrei, Belegexemplar erbeten<\/p>\n","protected":false},"excerpt":{"rendered":"<p>Die Mitarbeiter und das Unternehmen Teckentrup haben auch im Advent 2023 f\u00fcr Menschen in Not gesammelt: Der Erl\u00f6s kommt wie in den letzten Jahren der Aktion Lichtblicke e.V. zugute, die sich f\u00fcr hilfsbed\u00fcrftige Kinder und Familien in NRW einsetzt.<\/p>\n","protected":false},"author":9,"featured_media":16549,"comment_status":"closed","ping_status":"open","sticky":false,"template":"","format":"standard","meta":{"footnotes":""},"categories":[18],"tags":[2860,1825,565],"class_list":["post-16548","post","type-post","status-publish","format-standard","has-post-thumbnail","hentry","category-teckentrup","tag-lichtblicke","tag-spende","tag-teckentrup"],"_links":{"self":[{"href":"https:\/\/www.pr-neu.de\/newsroom\/wp-json\/wp\/v2\/posts\/16548","targetHints":{"allow":["GET"]}}],"collection":[{"href":"https:\/\/www.pr-neu.de\/newsroom\/wp-json\/wp\/v2\/posts"}],"about":[{"href":"https:\/\/www.pr-neu.de\/newsroom\/wp-json\/wp\/v2\/types\/post"}],"author":[{"embeddable":true,"href":"https:\/\/www.pr-neu.de\/newsroom\/wp-json\/wp\/v2\/users\/9"}],"replies":[{"embeddable":true,"href":"https:\/\/www.pr-neu.de\/newsroom\/wp-json\/wp\/v2\/comments?post=16548"}],"version-history":[{"count":2,"href":"https:\/\/www.pr-neu.de\/newsroom\/wp-json\/wp\/v2\/posts\/16548\/revisions"}],"predecessor-version":[{"id":16551,"href":"https:\/\/www.pr-neu.de\/newsroom\/wp-json\/wp\/v2\/posts\/16548\/revisions\/16551"}],"wp:featuredmedia":[{"embeddable":true,"href":"https:\/\/www.pr-neu.de\/newsroom\/wp-json\/wp\/v2\/media\/16549"}],"wp:attachment":[{"href":"https:\/\/www.pr-neu.de\/newsroom\/wp-json\/wp\/v2\/media?parent=16548"}],"wp:term":[{"taxonomy":"category","embeddable":true,"href":"https:\/\/www.pr-neu.de\/newsroom\/wp-json\/wp\/v2\/categories?post=16548"},{"taxonomy":"post_tag","embeddable":true,"href":"https:\/\/www.pr-neu.de\/newsroom\/wp-json\/wp\/v2\/tags?post=16548"}],"curies":[{"name":"wp","href":"https:\/\/api.w.org\/{rel}","templated":true}]}}