{"id":16540,"date":"2024-03-04T08:00:08","date_gmt":"2024-03-04T07:00:08","guid":{"rendered":"https:\/\/www.pr-neu.de\/newsroom\/?p=16540"},"modified":"2024-02-28T15:29:57","modified_gmt":"2024-02-28T14:29:57","slug":"holger-sommer-neuer-geschaeftsfuehrer-der-stocretec-gmbh","status":"publish","type":"post","link":"https:\/\/www.pr-neu.de\/newsroom\/holger-sommer-neuer-geschaeftsfuehrer-der-stocretec-gmbh\/","title":{"rendered":"Holger Sommer neuer Gesch\u00e4ftsf\u00fchrer der StoCretec GmbH"},"content":{"rendered":"<p><u>Personalia<\/u><\/p>\n<p>Seit M\u00e4rz 2024 ist Dipl.-Kfm. Holger Sommer (51) neuer Gesch\u00e4ftsf\u00fchrer der StoCretec GmbH (Kriftel). In dieser Funktion verantwortet Sommer auch die Gesch\u00e4ftsfelder Betoninstandsetzung und Bodenbeschichtung innerhalb der Sto-Gruppe. Nach Stationen bei Dyckerhoff und Saint Gobain war er lange Jahre bei PCI Augsburg besch\u00e4ftigt, zuletzt als Vertriebsdirektor. Er verf\u00fcgt \u00fcber einschl\u00e4gige Erfahrungen im deutschen und internationalen Vertrieb. Sommer tritt die Nachfolge des nach langer Krankheit verstorbenen Alexander G\u00e4nsler an.<\/p>\n<p>&nbsp;<\/p>\n<hr \/>\n<p>&nbsp;<\/p>\n<p><a href=\"http:\/\/www.pr-neu.de\/newsroom\/wordpress\/wp-content\/uploads\/2024\/03\/24-03_Holger_Sommer_Q.jpg\" target=\"_blank\" rel=\"noopener\"><img loading=\"lazy\" decoding=\"async\" class=\"aligncenter wp-image-16542 size-medium\" src=\"http:\/\/www.pr-neu.de\/newsroom\/wordpress\/wp-content\/uploads\/2024\/03\/24-03_Holger_Sommer_Q-300x300.jpg\" alt=\"\" width=\"300\" height=\"300\" srcset=\"https:\/\/www.pr-neu.de\/newsroom\/wordpress\/wp-content\/uploads\/2024\/03\/24-03_Holger_Sommer_Q-300x300.jpg 300w, https:\/\/www.pr-neu.de\/newsroom\/wordpress\/wp-content\/uploads\/2024\/03\/24-03_Holger_Sommer_Q-150x150.jpg 150w, https:\/\/www.pr-neu.de\/newsroom\/wordpress\/wp-content\/uploads\/2024\/03\/24-03_Holger_Sommer_Q-250x250.jpg 250w, https:\/\/www.pr-neu.de\/newsroom\/wordpress\/wp-content\/uploads\/2024\/03\/24-03_Holger_Sommer_Q-125x125.jpg 125w, https:\/\/www.pr-neu.de\/newsroom\/wordpress\/wp-content\/uploads\/2024\/03\/24-03_Holger_Sommer_Q-110x110.jpg 110w, https:\/\/www.pr-neu.de\/newsroom\/wordpress\/wp-content\/uploads\/2024\/03\/24-03_Holger_Sommer_Q-420x420.jpg 420w, https:\/\/www.pr-neu.de\/newsroom\/wordpress\/wp-content\/uploads\/2024\/03\/24-03_Holger_Sommer_Q-430x430.jpg 430w, https:\/\/www.pr-neu.de\/newsroom\/wordpress\/wp-content\/uploads\/2024\/03\/24-03_Holger_Sommer_Q.jpg 500w\" sizes=\"auto, (max-width: 300px) 100vw, 300px\" \/><\/a><\/p>\n<p style=\"text-align: center;\">Holger Sommer, neuer Gesch\u00e4ftsf\u00fchrer der StoCretec GmbH.<br \/>\nBild: StoCretec GmbH<\/p>\n<p>&nbsp;<\/p>\n<hr \/>\n<p>&nbsp;<\/p>\n<p>Abdruck honorarfrei, Belegexemplar erbeten<\/p>\n","protected":false},"excerpt":{"rendered":"<p>Seit M\u00e4rz 2024 ist Holger Sommer Gesch\u00e4ftsf\u00fchrer der StoCretec GmbH. <\/p>\n","protected":false},"author":9,"featured_media":16542,"comment_status":"closed","ping_status":"open","sticky":false,"template":"","format":"standard","meta":{"footnotes":""},"categories":[16],"tags":[2858,1863,393,1751,516,1757],"class_list":["post-16540","post","type-post","status-publish","format-standard","has-post-thumbnail","hentry","category-stocretec","tag-ceo","tag-geschaeftsfuehrung","tag-personalia","tag-personalie","tag-stocretec","tag-unternehmen"],"_links":{"self":[{"href":"https:\/\/www.pr-neu.de\/newsroom\/wp-json\/wp\/v2\/posts\/16540","targetHints":{"allow":["GET"]}}],"collection":[{"href":"https:\/\/www.pr-neu.de\/newsroom\/wp-json\/wp\/v2\/posts"}],"about":[{"href":"https:\/\/www.pr-neu.de\/newsroom\/wp-json\/wp\/v2\/types\/post"}],"author":[{"embeddable":true,"href":"https:\/\/www.pr-neu.de\/newsroom\/wp-json\/wp\/v2\/users\/9"}],"replies":[{"embeddable":true,"href":"https:\/\/www.pr-neu.de\/newsroom\/wp-json\/wp\/v2\/comments?post=16540"}],"version-history":[{"count":5,"href":"https:\/\/www.pr-neu.de\/newsroom\/wp-json\/wp\/v2\/posts\/16540\/revisions"}],"predecessor-version":[{"id":16546,"href":"https:\/\/www.pr-neu.de\/newsroom\/wp-json\/wp\/v2\/posts\/16540\/revisions\/16546"}],"wp:featuredmedia":[{"embeddable":true,"href":"https:\/\/www.pr-neu.de\/newsroom\/wp-json\/wp\/v2\/media\/16542"}],"wp:attachment":[{"href":"https:\/\/www.pr-neu.de\/newsroom\/wp-json\/wp\/v2\/media?parent=16540"}],"wp:term":[{"taxonomy":"category","embeddable":true,"href":"https:\/\/www.pr-neu.de\/newsroom\/wp-json\/wp\/v2\/categories?post=16540"},{"taxonomy":"post_tag","embeddable":true,"href":"https:\/\/www.pr-neu.de\/newsroom\/wp-json\/wp\/v2\/tags?post=16540"}],"curies":[{"name":"wp","href":"https:\/\/api.w.org\/{rel}","templated":true}]}}