{"id":16530,"date":"2024-02-20T11:00:33","date_gmt":"2024-02-20T10:00:33","guid":{"rendered":"https:\/\/www.pr-neu.de\/newsroom\/?p=16530"},"modified":"2024-02-20T11:01:16","modified_gmt":"2024-02-20T10:01:16","slug":"aktiv-gelebter-klimaschutz","status":"publish","type":"post","link":"https:\/\/www.pr-neu.de\/newsroom\/aktiv-gelebter-klimaschutz\/","title":{"rendered":"Aktiv gelebter Klimaschutz"},"content":{"rendered":"<p><u>Sto auf der FAF in K\u00f6ln | Halle 7, Stand 300<\/u><\/p>\n<p><strong>Klimaschutz, Partnerschaft, Exzellenz \u2013 so lautet das Sto-Motto zur \u201eFarbe Ausbau &amp; Fassade\u201c in K\u00f6ln. Das Unternehmen pr\u00e4sentiert weit mehr als Produkte. \u201eEs geht um nachhaltige L\u00f6sungen, von der Produktion bis zur Nutzungsphase. Wir bieten Services und digitale Prozesse, von denen das Handwerk profitieren wird, und freuen uns auf den Dialog mit den Profis aus dem Maler- und Stuckateurhandwerk\u201c, erkl\u00e4rt Heiner R\u00f6hr, Leiter Vertrieb Deutschland bei Sto.<\/strong><\/p>\n<p>Auf der Messe stellt Sto (Halle 7, Stand 300) den Klimaschutz in den Mittelpunkt. \u201cDie energetische Geb\u00e4udesanierung bleibt ein zentraler Baustein f\u00fcr den sinkenden CO2-Verbrauch \u2013 und ein wichtiger Markt f\u00fcr Maler- und Stuckateurbetriebe\u201c, sagt Heiner R\u00f6hr. Als L\u00f6sungen daf\u00fcr zeigt Sto auf der FAF innovative und nachhaltige Fassadensysteme f\u00fcr die Geb\u00e4udesanierung und den Neubau inklusive \u00e4sthetischer Schlussbeschichtungen sowie Fassadenbekleidungen. Doch der Messeauftritt geht \u00fcber die reine Produkt-Pr\u00e4sentation hinaus. So bekommen moderne Services wie die digitale Erfassung der Ma\u00dfe von Bestandsgeb\u00e4uden (Sto Klimaservice) breiten Raum. \u201eDiese Dienstleistung vereinfacht und beschleunigt Sanierungsprojekte. Die Daten sind exakt und k\u00f6nnen sofort f\u00fcr die Kalkulation genutzt werden\u201c, erkl\u00e4rt R\u00f6hr. Im Rahmen der \u201eSto-Klima\u20acpartnerschaft\u201c unterst\u00fctzt das Unternehmen Handwerksbetriebe auch im Marketing. Ein Service f\u00fcr alle Sto-Qualit\u00e4tspartner: Auf der neutralen Sanierungs-Webseite wertsache-zukunft.de k\u00f6nnen sie sich unter der \u201eFachhandwerker-Suche\u201c registrieren und um von sanierungswilligen privaten Auftraggebern, die auf der Suche nach einem Fachhandwerksbetrieb in ihrem Postleitzahlbereich sind, schnell gefunden zu werden. R\u00f6hr: \u201eWir sind davon \u00fcberzeugt, dass wir die Herausforderungen am Bau am besten gemeinsam meistern \u2013 im perfekten Zusammenspiel von Bauindustrie, Planer und Handwerk. Dazu geh\u00f6rt heute einfach mehr als nur exzellente Produktqualit\u00e4t \u2013 und das m\u00f6chten wir in K\u00f6ln zeigen.\u201c<\/p>\n<p>Sto: Halle 7 \/ Stand 300<\/p>\n<p>&nbsp;<\/p>\n<hr \/>\n<p>&nbsp;<\/p>\n<figure id=\"attachment_16531\" aria-describedby=\"caption-attachment-16531\" style=\"width: 300px\" class=\"wp-caption aligncenter\"><a href=\"http:\/\/www.pr-neu.de\/newsroom\/wordpress\/wp-content\/uploads\/2024\/02\/24_01_Sto_auf_der_FAF_Roehr_K.jpg\" target=\"_blank\" rel=\"noopener\"><img loading=\"lazy\" decoding=\"async\" class=\"wp-image-16531 size-medium\" src=\"http:\/\/www.pr-neu.de\/newsroom\/wordpress\/wp-content\/uploads\/2024\/02\/24_01_Sto_auf_der_FAF_Roehr_K-300x200.jpg\" alt=\"\" width=\"300\" height=\"200\" srcset=\"https:\/\/www.pr-neu.de\/newsroom\/wordpress\/wp-content\/uploads\/2024\/02\/24_01_Sto_auf_der_FAF_Roehr_K-300x200.jpg 300w, https:\/\/www.pr-neu.de\/newsroom\/wordpress\/wp-content\/uploads\/2024\/02\/24_01_Sto_auf_der_FAF_Roehr_K-1024x683.jpg 1024w, https:\/\/www.pr-neu.de\/newsroom\/wordpress\/wp-content\/uploads\/2024\/02\/24_01_Sto_auf_der_FAF_Roehr_K-768x512.jpg 768w, https:\/\/www.pr-neu.de\/newsroom\/wordpress\/wp-content\/uploads\/2024\/02\/24_01_Sto_auf_der_FAF_Roehr_K-1536x1025.jpg 1536w, https:\/\/www.pr-neu.de\/newsroom\/wordpress\/wp-content\/uploads\/2024\/02\/24_01_Sto_auf_der_FAF_Roehr_K-2048x1366.jpg 2048w, https:\/\/www.pr-neu.de\/newsroom\/wordpress\/wp-content\/uploads\/2024\/02\/24_01_Sto_auf_der_FAF_Roehr_K-110x73.jpg 110w, https:\/\/www.pr-neu.de\/newsroom\/wordpress\/wp-content\/uploads\/2024\/02\/24_01_Sto_auf_der_FAF_Roehr_K-420x280.jpg 420w, https:\/\/www.pr-neu.de\/newsroom\/wordpress\/wp-content\/uploads\/2024\/02\/24_01_Sto_auf_der_FAF_Roehr_K-645x430.jpg 645w\" sizes=\"auto, (max-width: 300px) 100vw, 300px\" \/><\/a><figcaption id=\"caption-attachment-16531\" class=\"wp-caption-text\">\u00a0<\/figcaption><\/figure>\n<p style=\"text-align: center;\">Heiner R\u00f6hr, Leiter Vertrieb Deutschland von Sto, freut sich auf die Messe: \u201eDie Farbe wird ein Dialogforum, auf dem wir direkt von den Profi-Anwendern erfahren, welche Services sie erwarten.\u201c<br \/>\nFoto: Martin Baitinger \/ Sto SE &amp; Co. KGaA<\/p>\n<p>&nbsp;<\/p>\n<p><a href=\"http:\/\/www.pr-neu.de\/newsroom\/wordpress\/wp-content\/uploads\/2024\/02\/24_01_Sto_auf_der_FAF_SCS_K.jpg\" target=\"_blank\" rel=\"noopener\"><img loading=\"lazy\" decoding=\"async\" class=\"aligncenter wp-image-16532 size-medium\" src=\"http:\/\/www.pr-neu.de\/newsroom\/wordpress\/wp-content\/uploads\/2024\/02\/24_01_Sto_auf_der_FAF_SCS_K-300x226.jpg\" alt=\"\" width=\"300\" height=\"226\" srcset=\"https:\/\/www.pr-neu.de\/newsroom\/wordpress\/wp-content\/uploads\/2024\/02\/24_01_Sto_auf_der_FAF_SCS_K-300x226.jpg 300w, https:\/\/www.pr-neu.de\/newsroom\/wordpress\/wp-content\/uploads\/2024\/02\/24_01_Sto_auf_der_FAF_SCS_K-1024x771.jpg 1024w, https:\/\/www.pr-neu.de\/newsroom\/wordpress\/wp-content\/uploads\/2024\/02\/24_01_Sto_auf_der_FAF_SCS_K-768x578.jpg 768w, https:\/\/www.pr-neu.de\/newsroom\/wordpress\/wp-content\/uploads\/2024\/02\/24_01_Sto_auf_der_FAF_SCS_K-1536x1156.jpg 1536w, https:\/\/www.pr-neu.de\/newsroom\/wordpress\/wp-content\/uploads\/2024\/02\/24_01_Sto_auf_der_FAF_SCS_K-2048x1541.jpg 2048w, https:\/\/www.pr-neu.de\/newsroom\/wordpress\/wp-content\/uploads\/2024\/02\/24_01_Sto_auf_der_FAF_SCS_K-110x83.jpg 110w, https:\/\/www.pr-neu.de\/newsroom\/wordpress\/wp-content\/uploads\/2024\/02\/24_01_Sto_auf_der_FAF_SCS_K-420x316.jpg 420w, https:\/\/www.pr-neu.de\/newsroom\/wordpress\/wp-content\/uploads\/2024\/02\/24_01_Sto_auf_der_FAF_SCS_K-571x430.jpg 571w\" sizes=\"auto, (max-width: 300px) 100vw, 300px\" \/><\/a><\/p>\n<p style=\"text-align: center;\">Ein Messe-Highlight wird das neue StoColor-System sein, mit dem die Farbgestaltung noch einfacher wird.<br \/>\nFoto: Sto SE &amp; Co. KGaA<\/p>\n<p>&nbsp;<\/p>\n<hr \/>\n<p>&nbsp;<\/p>\n<p>Abdruck honorarfrei, Belegexemplar erbeten<\/p>\n","protected":false},"excerpt":{"rendered":"<p>Klimaschutz, Partnerschaft, Exzellenz \u2013 so lautet das Sto-Motto zur \u201eFarbe Ausbau &#038; Fassade\u201c in K\u00f6ln. Das Unternehmen pr\u00e4sentiert weit mehr als Produkte.<\/p>\n","protected":false},"author":9,"featured_media":16531,"comment_status":"closed","ping_status":"open","sticky":false,"template":"","format":"standard","meta":{"footnotes":""},"categories":[15],"tags":[2822,354,367,504],"class_list":["post-16530","post","type-post","status-publish","format-standard","has-post-thumbnail","hentry","category-sto","tag-faf","tag-messe","tag-nachhaltigkeit","tag-sto-2"],"_links":{"self":[{"href":"https:\/\/www.pr-neu.de\/newsroom\/wp-json\/wp\/v2\/posts\/16530","targetHints":{"allow":["GET"]}}],"collection":[{"href":"https:\/\/www.pr-neu.de\/newsroom\/wp-json\/wp\/v2\/posts"}],"about":[{"href":"https:\/\/www.pr-neu.de\/newsroom\/wp-json\/wp\/v2\/types\/post"}],"author":[{"embeddable":true,"href":"https:\/\/www.pr-neu.de\/newsroom\/wp-json\/wp\/v2\/users\/9"}],"replies":[{"embeddable":true,"href":"https:\/\/www.pr-neu.de\/newsroom\/wp-json\/wp\/v2\/comments?post=16530"}],"version-history":[{"count":2,"href":"https:\/\/www.pr-neu.de\/newsroom\/wp-json\/wp\/v2\/posts\/16530\/revisions"}],"predecessor-version":[{"id":16534,"href":"https:\/\/www.pr-neu.de\/newsroom\/wp-json\/wp\/v2\/posts\/16530\/revisions\/16534"}],"wp:featuredmedia":[{"embeddable":true,"href":"https:\/\/www.pr-neu.de\/newsroom\/wp-json\/wp\/v2\/media\/16531"}],"wp:attachment":[{"href":"https:\/\/www.pr-neu.de\/newsroom\/wp-json\/wp\/v2\/media?parent=16530"}],"wp:term":[{"taxonomy":"category","embeddable":true,"href":"https:\/\/www.pr-neu.de\/newsroom\/wp-json\/wp\/v2\/categories?post=16530"},{"taxonomy":"post_tag","embeddable":true,"href":"https:\/\/www.pr-neu.de\/newsroom\/wp-json\/wp\/v2\/tags?post=16530"}],"curies":[{"name":"wp","href":"https:\/\/api.w.org\/{rel}","templated":true}]}}