{"id":16525,"date":"2024-02-12T14:15:21","date_gmt":"2024-02-12T13:15:21","guid":{"rendered":"https:\/\/www.pr-neu.de\/newsroom\/?p=16525"},"modified":"2024-02-12T14:15:21","modified_gmt":"2024-02-12T13:15:21","slug":"baeume-am-biberweg-werden-gefaellt","status":"publish","type":"post","link":"https:\/\/www.pr-neu.de\/newsroom\/baeume-am-biberweg-werden-gefaellt\/","title":{"rendered":"B\u00e4ume am Biberweg werden gef\u00e4llt"},"content":{"rendered":"<p><u><br \/>\nBraunschweig, 12. Februar 2024:<\/u> Um Platz f\u00fcr anstehende Bauarbeiten f\u00fcr die Erneuerung des Hauptpumpwerkes der Stadtentw\u00e4sserung zu schaffen, wird im Februar auf dem daf\u00fcr vorgesehenen Baufeld auf dem Gel\u00e4nde des Pumpwerks am Biberweg der dortige Baumbestand gerodet. Ausgleichsma\u00dfnahmen sind bereits beschlossen und mit der Naturschutzbeh\u00f6rde der Stadt Braunschweig abgestimmt.<\/p>\n<p>&nbsp;<\/p>\n<hr \/>\n<p>&nbsp;<\/p>\n<p>Abdruck honorarfrei, Belegexemplar erbeten<\/p>\n<p>&nbsp;<\/p>\n","protected":false},"excerpt":{"rendered":"<p>Um Platz f\u00fcr anstehende Bauarbeiten zu schaffen, wird im Februar auf Fl\u00e4chen des Pumpwerks am Biberweg der dortige Baumbestand gerodet.<\/p>\n","protected":false},"author":9,"featured_media":8697,"comment_status":"closed","ping_status":"open","sticky":false,"template":"","format":"standard","meta":{"footnotes":""},"categories":[1517],"tags":[1591,1559,1557,2107,1563,1601],"class_list":["post-16525","post","type-post","status-publish","format-standard","has-post-thumbnail","hentry","category-sebs","tag-bauarbeiten","tag-baustelle","tag-braunschweig","tag-natur","tag-se-bs","tag-stadtentwaesserung"],"_links":{"self":[{"href":"https:\/\/www.pr-neu.de\/newsroom\/wp-json\/wp\/v2\/posts\/16525","targetHints":{"allow":["GET"]}}],"collection":[{"href":"https:\/\/www.pr-neu.de\/newsroom\/wp-json\/wp\/v2\/posts"}],"about":[{"href":"https:\/\/www.pr-neu.de\/newsroom\/wp-json\/wp\/v2\/types\/post"}],"author":[{"embeddable":true,"href":"https:\/\/www.pr-neu.de\/newsroom\/wp-json\/wp\/v2\/users\/9"}],"replies":[{"embeddable":true,"href":"https:\/\/www.pr-neu.de\/newsroom\/wp-json\/wp\/v2\/comments?post=16525"}],"version-history":[{"count":2,"href":"https:\/\/www.pr-neu.de\/newsroom\/wp-json\/wp\/v2\/posts\/16525\/revisions"}],"predecessor-version":[{"id":16528,"href":"https:\/\/www.pr-neu.de\/newsroom\/wp-json\/wp\/v2\/posts\/16525\/revisions\/16528"}],"wp:featuredmedia":[{"embeddable":true,"href":"https:\/\/www.pr-neu.de\/newsroom\/wp-json\/wp\/v2\/media\/8697"}],"wp:attachment":[{"href":"https:\/\/www.pr-neu.de\/newsroom\/wp-json\/wp\/v2\/media?parent=16525"}],"wp:term":[{"taxonomy":"category","embeddable":true,"href":"https:\/\/www.pr-neu.de\/newsroom\/wp-json\/wp\/v2\/categories?post=16525"},{"taxonomy":"post_tag","embeddable":true,"href":"https:\/\/www.pr-neu.de\/newsroom\/wp-json\/wp\/v2\/tags?post=16525"}],"curies":[{"name":"wp","href":"https:\/\/api.w.org\/{rel}","templated":true}]}}