{"id":16510,"date":"2024-02-07T08:00:50","date_gmt":"2024-02-07T07:00:50","guid":{"rendered":"https:\/\/www.pr-neu.de\/newsroom\/?p=16510"},"modified":"2024-02-01T14:37:12","modified_gmt":"2024-02-01T13:37:12","slug":"markt-38-historische-fassade-neu-interpretiert","status":"publish","type":"post","link":"https:\/\/www.pr-neu.de\/newsroom\/markt-38-historische-fassade-neu-interpretiert\/","title":{"rendered":"\u201eMarkt 38\u201c: Historische Fassade neu interpretiert"},"content":{"rendered":"<p><u>Objektreport: Hochged\u00e4mmter Neubau komplettiert Frankfurter Dom-R\u00f6mer-Areal<\/u><\/p>\n<p><strong>Seit dem Abriss des \u201eTechnischen Rathauses\u201c (2010) entwickelt die Stadt Frankfurt das Dom-R\u00f6mer-Areal, das \u201eHerz von Frankfurt\u201c, zum lebendigen, innerst\u00e4dtischen Quartier nach dem Vorbild der Altstadt. Dabei entstand am Markt 38 ein hocheffizienter Passivhaus-Neubau mit der Anmutung einer historischen Fachwerkfassade.<\/strong><\/p>\n<p>Das \u201eDom-R\u00f6mer-Viertel\u201c liegt zwischen R\u00f6merberg, Domplatz, Braubachstra\u00dfe und Schirn Kunsthalle. Zur Revitalisierung geh\u00f6rte es, Pl\u00e4tze und Stra\u00dfenz\u00fcge mit ihren historischen Grundst\u00fccken und Innenh\u00f6fen weitgehend wiederherzustellen. Es entstanden 35 Geb\u00e4ude, 15 davon als sch\u00f6pferische Nachbauten bezeichnete Rekonstruktionen historischer Altstadth\u00e4user. Beim \u201eMarkt 38\u201c wurde die Fassade durch geschossweise Fassadenvorspr\u00fcnge dem historischen Fachwerk-Vorbild nachempfunden, aber errichtet nach aktuellen Standards der Energieeffizienz: Mauerwerk aus Hochlochziegel (36,5 cm) mit Fassadend\u00e4mmsystem, hier StoTherm Classic S1 mit nichtbrennbarer Mineralwolle-D\u00e4mmplatte. Zugleich gibt dieses System der Fassade ihre plastische Struktur. So erreicht der Neubau den Passivhaus-Standard, die Schlussbeschichtung sorgt f\u00fcr Riss- und Sto\u00dffestigkeit.<\/p>\n<p><strong>Handgeschnitzte Profile<\/strong><\/p>\n<p>Ziel der Gestaltung war, die in einem Farbton gehaltene Fassade durch unterschiedliche Materialien und die Textur der Oberfl\u00e4chen zu gliedern. Die Pl\u00e4ne realisierte das Team der Malerwerkst\u00e4tten Mensinger zum Teil mit vorgefertigten Teilen beziehungsweise mit StoDeco Profilen, um die Vorspr\u00fcnge zu gestalten. Aufgrund der notwendigen Brandriegel mussten die Profile im mittleren und unteren Sektor mit speziellen Unterkonstruktion versehen werden. F\u00fcr Malermeister Carsten Mensinger geh\u00f6ren solche technischen Raffinessen zum Alltag. \u201eDer Architekt hat eine Vision. Dann kommen wir ins Spiel und versuchen, diesen Entwurf so zu entwickeln, dass wir die technisch beste L\u00f6sung erzielen. Bei diesem Projekt haben wir die Fachleute von Sto hinzugezogen.\u201c Hier unterst\u00fctzte Dr. Frank B\u00f6rner, Regionalleiter Projektmanagement bei Sto, mit Tipps zu den Arbeiten.<\/p>\n<p>Verputzt wurde das Geb\u00e4ude mit dem organischen, feink\u00f6rnigen Oberputz StoNivellit. Um die Oberfl\u00e4chen wunschgem\u00e4\u00df zu gliedern, kamen unterschiedliche Handwerkstechniken zum Einsatz: Mal wurde das Material gem\u00e4\u00df der Oberfl\u00e4chentechnik StoSignature Fine 40 aufgezogen und mit der Gl\u00e4ttekelle gegl\u00e4ttet, mal entsprechend StoSignature Linear 30 mit einer Zahntraufel durchgezahnt und anschlie\u00dfend mit der Fassadenfarbe StoColor Maxicryl gestrichen. So kommt es je nach Sonnenstand zu unterschiedlichem Schattenwurf mit einem lebendigen Spiel an der Fassade.<\/p>\n<p>Das Viertel hat nun ein urbanes Geb\u00e4ude, das moderne technische Anforderungen erf\u00fcllt und sich architektonisch vorbildlich in die gew\u00fcnschte historisierende Formensprache einf\u00fcgt.<\/p>\n<p>&nbsp;<\/p>\n<hr \/>\n<p>&nbsp;<\/p>\n<p><a href=\"http:\/\/www.pr-neu.de\/newsroom\/wordpress\/wp-content\/uploads\/2024\/01\/23-37_Markt38_1_K.jpg\" target=\"_blank\" rel=\"noopener\"><img loading=\"lazy\" decoding=\"async\" class=\"wp-image-16511 size-medium aligncenter\" src=\"http:\/\/www.pr-neu.de\/newsroom\/wordpress\/wp-content\/uploads\/2024\/01\/23-37_Markt38_1_K-300x200.jpg\" alt=\"\" width=\"300\" height=\"200\" srcset=\"https:\/\/www.pr-neu.de\/newsroom\/wordpress\/wp-content\/uploads\/2024\/01\/23-37_Markt38_1_K-300x200.jpg 300w, https:\/\/www.pr-neu.de\/newsroom\/wordpress\/wp-content\/uploads\/2024\/01\/23-37_Markt38_1_K-1024x684.jpg 1024w, https:\/\/www.pr-neu.de\/newsroom\/wordpress\/wp-content\/uploads\/2024\/01\/23-37_Markt38_1_K-768x513.jpg 768w, https:\/\/www.pr-neu.de\/newsroom\/wordpress\/wp-content\/uploads\/2024\/01\/23-37_Markt38_1_K-1536x1025.jpg 1536w, https:\/\/www.pr-neu.de\/newsroom\/wordpress\/wp-content\/uploads\/2024\/01\/23-37_Markt38_1_K-2048x1367.jpg 2048w, https:\/\/www.pr-neu.de\/newsroom\/wordpress\/wp-content\/uploads\/2024\/01\/23-37_Markt38_1_K-110x73.jpg 110w, https:\/\/www.pr-neu.de\/newsroom\/wordpress\/wp-content\/uploads\/2024\/01\/23-37_Markt38_1_K-420x280.jpg 420w, https:\/\/www.pr-neu.de\/newsroom\/wordpress\/wp-content\/uploads\/2024\/01\/23-37_Markt38_1_K-644x430.jpg 644w\" sizes=\"auto, (max-width: 300px) 100vw, 300px\" \/><\/a><\/p>\n<p><a href=\"http:\/\/www.pr-neu.de\/newsroom\/wordpress\/wp-content\/uploads\/2024\/01\/23-37_Markt38_2_K.jpg\" target=\"_blank\" rel=\"noopener\"><img loading=\"lazy\" decoding=\"async\" class=\"wp-image-16512 size-medium aligncenter\" src=\"http:\/\/www.pr-neu.de\/newsroom\/wordpress\/wp-content\/uploads\/2024\/01\/23-37_Markt38_2_K-200x300.jpg\" alt=\"\" width=\"200\" height=\"300\" srcset=\"https:\/\/www.pr-neu.de\/newsroom\/wordpress\/wp-content\/uploads\/2024\/01\/23-37_Markt38_2_K-200x300.jpg 200w, https:\/\/www.pr-neu.de\/newsroom\/wordpress\/wp-content\/uploads\/2024\/01\/23-37_Markt38_2_K-684x1024.jpg 684w, https:\/\/www.pr-neu.de\/newsroom\/wordpress\/wp-content\/uploads\/2024\/01\/23-37_Markt38_2_K-768x1151.jpg 768w, https:\/\/www.pr-neu.de\/newsroom\/wordpress\/wp-content\/uploads\/2024\/01\/23-37_Markt38_2_K-1025x1536.jpg 1025w, https:\/\/www.pr-neu.de\/newsroom\/wordpress\/wp-content\/uploads\/2024\/01\/23-37_Markt38_2_K-1367x2048.jpg 1367w, https:\/\/www.pr-neu.de\/newsroom\/wordpress\/wp-content\/uploads\/2024\/01\/23-37_Markt38_2_K-73x110.jpg 73w, https:\/\/www.pr-neu.de\/newsroom\/wordpress\/wp-content\/uploads\/2024\/01\/23-37_Markt38_2_K-280x420.jpg 280w, https:\/\/www.pr-neu.de\/newsroom\/wordpress\/wp-content\/uploads\/2024\/01\/23-37_Markt38_2_K-287x430.jpg 287w, https:\/\/www.pr-neu.de\/newsroom\/wordpress\/wp-content\/uploads\/2024\/01\/23-37_Markt38_2_K.jpg 1602w\" sizes=\"auto, (max-width: 200px) 100vw, 200px\" \/><\/a><\/p>\n<p style=\"text-align: center;\">Die historisch anmutende Fassade, realisiert mit einem hocheffizienten, nichtbrennbaren Fassadend\u00e4mmsystem, f\u00fcgt sich in das Geb\u00e4ude-Ensemble im Herzen der Frankfurter Innenstadt ein.<\/p>\n<p>&nbsp;<\/p>\n<p><a href=\"http:\/\/www.pr-neu.de\/newsroom\/wordpress\/wp-content\/uploads\/2024\/01\/23-37_Markt38_3_K.jpg\" target=\"_blank\" rel=\"noopener\"><img loading=\"lazy\" decoding=\"async\" class=\"wp-image-16513 size-medium aligncenter\" src=\"http:\/\/www.pr-neu.de\/newsroom\/wordpress\/wp-content\/uploads\/2024\/01\/23-37_Markt38_3_K-195x300.jpg\" alt=\"\" width=\"195\" height=\"300\" srcset=\"https:\/\/www.pr-neu.de\/newsroom\/wordpress\/wp-content\/uploads\/2024\/01\/23-37_Markt38_3_K-195x300.jpg 195w, https:\/\/www.pr-neu.de\/newsroom\/wordpress\/wp-content\/uploads\/2024\/01\/23-37_Markt38_3_K-667x1024.jpg 667w, https:\/\/www.pr-neu.de\/newsroom\/wordpress\/wp-content\/uploads\/2024\/01\/23-37_Markt38_3_K-768x1179.jpg 768w, https:\/\/www.pr-neu.de\/newsroom\/wordpress\/wp-content\/uploads\/2024\/01\/23-37_Markt38_3_K-1000x1536.jpg 1000w, https:\/\/www.pr-neu.de\/newsroom\/wordpress\/wp-content\/uploads\/2024\/01\/23-37_Markt38_3_K-1334x2048.jpg 1334w, https:\/\/www.pr-neu.de\/newsroom\/wordpress\/wp-content\/uploads\/2024\/01\/23-37_Markt38_3_K-72x110.jpg 72w, https:\/\/www.pr-neu.de\/newsroom\/wordpress\/wp-content\/uploads\/2024\/01\/23-37_Markt38_3_K-274x420.jpg 274w, https:\/\/www.pr-neu.de\/newsroom\/wordpress\/wp-content\/uploads\/2024\/01\/23-37_Markt38_3_K-280x430.jpg 280w, https:\/\/www.pr-neu.de\/newsroom\/wordpress\/wp-content\/uploads\/2024\/01\/23-37_Markt38_3_K.jpg 1563w\" sizes=\"auto, (max-width: 195px) 100vw, 195px\" \/><\/a><\/p>\n<p style=\"text-align: center;\">Die linearen Fassadenelemente wurden aus Verolith gefertigt.<\/p>\n<p style=\"text-align: center;\">Fotos: Pascal Schirmer \/ Sto SE &amp; Co. KGaA<\/p>\n<p>&nbsp;<\/p>\n<hr \/>\n<p>&nbsp;<\/p>\n<p>Abdruck honorarfrei, Belegexemplar erbeten<\/p>\n","protected":false},"excerpt":{"rendered":"<p>Die Stadt Frankfurt entwickelt das Dom-R\u00f6mer-Areal zum lebendigen, innerst\u00e4dtischen Quartier. Dabei entstand am Markt 38 ein hocheffizienter Passivhaus-Neubau mit der Anmutung einer historischen Fachwerkfassade.<\/p>\n","protected":false},"author":9,"featured_media":16511,"comment_status":"closed","ping_status":"open","sticky":false,"template":"","format":"standard","meta":{"footnotes":""},"categories":[15],"tags":[187,2838,2840,391,504,509,533],"class_list":["post-16510","post","type-post","status-publish","format-standard","has-post-thumbnail","hentry","category-sto","tag-fassade","tag-frankfurt","tag-markt38","tag-passivhaus","tag-sto-2","tag-stocolor","tag-stotherm"],"_links":{"self":[{"href":"https:\/\/www.pr-neu.de\/newsroom\/wp-json\/wp\/v2\/posts\/16510","targetHints":{"allow":["GET"]}}],"collection":[{"href":"https:\/\/www.pr-neu.de\/newsroom\/wp-json\/wp\/v2\/posts"}],"about":[{"href":"https:\/\/www.pr-neu.de\/newsroom\/wp-json\/wp\/v2\/types\/post"}],"author":[{"embeddable":true,"href":"https:\/\/www.pr-neu.de\/newsroom\/wp-json\/wp\/v2\/users\/9"}],"replies":[{"embeddable":true,"href":"https:\/\/www.pr-neu.de\/newsroom\/wp-json\/wp\/v2\/comments?post=16510"}],"version-history":[{"count":3,"href":"https:\/\/www.pr-neu.de\/newsroom\/wp-json\/wp\/v2\/posts\/16510\/revisions"}],"predecessor-version":[{"id":16516,"href":"https:\/\/www.pr-neu.de\/newsroom\/wp-json\/wp\/v2\/posts\/16510\/revisions\/16516"}],"wp:featuredmedia":[{"embeddable":true,"href":"https:\/\/www.pr-neu.de\/newsroom\/wp-json\/wp\/v2\/media\/16511"}],"wp:attachment":[{"href":"https:\/\/www.pr-neu.de\/newsroom\/wp-json\/wp\/v2\/media?parent=16510"}],"wp:term":[{"taxonomy":"category","embeddable":true,"href":"https:\/\/www.pr-neu.de\/newsroom\/wp-json\/wp\/v2\/categories?post=16510"},{"taxonomy":"post_tag","embeddable":true,"href":"https:\/\/www.pr-neu.de\/newsroom\/wp-json\/wp\/v2\/tags?post=16510"}],"curies":[{"name":"wp","href":"https:\/\/api.w.org\/{rel}","templated":true}]}}