{"id":16502,"date":"2024-01-29T13:40:53","date_gmt":"2024-01-29T12:40:53","guid":{"rendered":"https:\/\/www.pr-neu.de\/newsroom\/?p=16502"},"modified":"2024-01-29T13:43:06","modified_gmt":"2024-01-29T12:43:06","slug":"oker-nach-dem-hochwasser-aufraeumarbeiten-laufen","status":"publish","type":"post","link":"https:\/\/www.pr-neu.de\/newsroom\/oker-nach-dem-hochwasser-aufraeumarbeiten-laufen\/","title":{"rendered":"Oker nach dem Hochwasser: Aufr\u00e4umarbeiten laufen"},"content":{"rendered":"<p><u>Braunschweig, 29. Januar 2024.<\/u> Viel M\u00fcll entlang der Oker: Nach dem Hochwasser sind besonders die Ufer mit viel Unrat belastet. Viele Abf\u00e4lle sind beim Ablaufen des Wassers von den sonst trockenen Fl\u00e4chen in den Fluss gesp\u00fclt worden und verunstalten jetzt die Natur. Der Gew\u00e4sserdienst der Stadtentw\u00e4sserung Braunschweig GmbH (SEBS) hat bereits damit begonnen, die Ufer wieder zu reinigen. \u201eNach dem Hochwasser ist extrem viel daf\u00fcr zu tun, unsere Fl\u00fcsse und B\u00e4che wieder in Ordnung zu bringen \u2013 leider sind durch dieses Naturereignis viele Sch\u00e4den zu beheben\u201c, berichtet Laura Amelung vom Gew\u00e4sserdienst, \u201eaber wir sind dabei, uns um den M\u00fcll zu k\u00fcmmern.\u201c Mehr Abf\u00e4lle sind sogar schon seit Mitte Dezember zu verzeichnen, zu dieser Zeit stiegen die Flusspegel bereits deutlich an. Die Aufr\u00e4umarbeiten fallen in eine Zeit, in der der Gew\u00e4sserdienst ohnehin viel zu tun hat: Bis Ende Februar muss die Geh\u00f6lzpflege abgeschlossen sein, um Naturschutzvorgaben wie das F\u00e4ll- und Schnittverbot von Geh\u00f6lzen einzuhalten. Generell sorgt die SEBS daf\u00fcr, dass Oker, Schunter, Wabe und Co sauber bleiben. Regelm\u00e4\u00dfig kontrollieren die Teams die Braunschweiger Flie\u00dfgew\u00e4sser \u2013 und holen dabei auch manches aus dem Wasser, was dort mit der Zeit zu gravierenden Umweltsch\u00e4den f\u00fchren w\u00fcrde, wenn es nicht entsorgt w\u00fcrde. Amelung: \u201eEinkaufswagen, M\u00f6bel, Fahrr\u00e4der m\u00fcssen wir immer wieder bergen. Besonders \u00e4rgerlich sind E-Scooter, weil die Akkus ein besonderes Risiko darstellen.\u201c Daher nimmt die SEBS die Aufgabe sehr ernst, die Ufer und vor allem die Gew\u00e4sser selbst sauber zu halten \u2013 bzw. wieder sauber zu bekommen.<br \/>\n\u201eM\u00fcll sammeln geh\u00f6rt im Grunde gar nicht zu den Aufgaben des Gew\u00e4sserdienstes\u201c, meint Amelung, \u201eaber den Unrat im Wasser zu lassen, ist keine Alternative.\u201c<\/p>\n<p>&nbsp;<\/p>\n<hr \/>\n<p>&nbsp;<\/p>\n<p><a href=\"http:\/\/www.pr-neu.de\/newsroom\/wordpress\/wp-content\/uploads\/2024\/01\/24_02_Oker_K.jpg\" target=\"_blank\" rel=\"noopener\"><img loading=\"lazy\" decoding=\"async\" class=\"aligncenter wp-image-16503 size-medium\" src=\"http:\/\/www.pr-neu.de\/newsroom\/wordpress\/wp-content\/uploads\/2024\/01\/24_02_Oker_K-225x300.jpg\" alt=\"\" width=\"225\" height=\"300\" srcset=\"https:\/\/www.pr-neu.de\/newsroom\/wordpress\/wp-content\/uploads\/2024\/01\/24_02_Oker_K-225x300.jpg 225w, https:\/\/www.pr-neu.de\/newsroom\/wordpress\/wp-content\/uploads\/2024\/01\/24_02_Oker_K-768x1024.jpg 768w, https:\/\/www.pr-neu.de\/newsroom\/wordpress\/wp-content\/uploads\/2024\/01\/24_02_Oker_K-1152x1536.jpg 1152w, https:\/\/www.pr-neu.de\/newsroom\/wordpress\/wp-content\/uploads\/2024\/01\/24_02_Oker_K-1536x2048.jpg 1536w, https:\/\/www.pr-neu.de\/newsroom\/wordpress\/wp-content\/uploads\/2024\/01\/24_02_Oker_K-83x110.jpg 83w, https:\/\/www.pr-neu.de\/newsroom\/wordpress\/wp-content\/uploads\/2024\/01\/24_02_Oker_K-315x420.jpg 315w, https:\/\/www.pr-neu.de\/newsroom\/wordpress\/wp-content\/uploads\/2024\/01\/24_02_Oker_K-323x430.jpg 323w, https:\/\/www.pr-neu.de\/newsroom\/wordpress\/wp-content\/uploads\/2024\/01\/24_02_Oker_K.jpg 1800w\" sizes=\"auto, (max-width: 225px) 100vw, 225px\" \/><\/a><\/p>\n<p style=\"text-align: center;\">Eine Bank in der Oker bei Rimpaus Garten (Bild), an anderer Stelle ein Sofa: Leider kommt es immer wieder vor, dass sogar Sperrm\u00fcll in der Oker landet, den der Gew\u00e4sserdienst der SEBS aufw\u00e4ndig entsorgt.<br \/>\nBild: SE|BS<\/p>\n<p>&nbsp;<\/p>\n<hr \/>\n<p>&nbsp;<\/p>\n<p>Abdruck honorarfrei, Belegexemplar erbeten<\/p>\n","protected":false},"excerpt":{"rendered":"<p>Viel M\u00fcll entlang der Oker: Nach dem Hochwasser sind besonders die Ufer mit viel Unrat belastet. Der Gew\u00e4sserdienst der Stadtentw\u00e4sserung Braunschweig GmbH (SEBS) hat bereits damit begonnen, die Ufer wieder zu reinigen.<\/p>\n","protected":false},"author":9,"featured_media":16504,"comment_status":"closed","ping_status":"open","sticky":false,"template":"","format":"standard","meta":{"footnotes":""},"categories":[1517],"tags":[2828,1557,2119,2834,1617,2832,1607,1563,1601,2836,2830],"class_list":["post-16502","post","type-post","status-publish","format-standard","has-post-thumbnail","hentry","category-sebs","tag-abfall","tag-braunschweig","tag-fluss","tag-gewaesserdienst","tag-hochwasser","tag-muell","tag-oker","tag-se-bs","tag-stadtentwaesserung","tag-ufer","tag-unrat"],"_links":{"self":[{"href":"https:\/\/www.pr-neu.de\/newsroom\/wp-json\/wp\/v2\/posts\/16502","targetHints":{"allow":["GET"]}}],"collection":[{"href":"https:\/\/www.pr-neu.de\/newsroom\/wp-json\/wp\/v2\/posts"}],"about":[{"href":"https:\/\/www.pr-neu.de\/newsroom\/wp-json\/wp\/v2\/types\/post"}],"author":[{"embeddable":true,"href":"https:\/\/www.pr-neu.de\/newsroom\/wp-json\/wp\/v2\/users\/9"}],"replies":[{"embeddable":true,"href":"https:\/\/www.pr-neu.de\/newsroom\/wp-json\/wp\/v2\/comments?post=16502"}],"version-history":[{"count":2,"href":"https:\/\/www.pr-neu.de\/newsroom\/wp-json\/wp\/v2\/posts\/16502\/revisions"}],"predecessor-version":[{"id":16506,"href":"https:\/\/www.pr-neu.de\/newsroom\/wp-json\/wp\/v2\/posts\/16502\/revisions\/16506"}],"wp:featuredmedia":[{"embeddable":true,"href":"https:\/\/www.pr-neu.de\/newsroom\/wp-json\/wp\/v2\/media\/16504"}],"wp:attachment":[{"href":"https:\/\/www.pr-neu.de\/newsroom\/wp-json\/wp\/v2\/media?parent=16502"}],"wp:term":[{"taxonomy":"category","embeddable":true,"href":"https:\/\/www.pr-neu.de\/newsroom\/wp-json\/wp\/v2\/categories?post=16502"},{"taxonomy":"post_tag","embeddable":true,"href":"https:\/\/www.pr-neu.de\/newsroom\/wp-json\/wp\/v2\/tags?post=16502"}],"curies":[{"name":"wp","href":"https:\/\/api.w.org\/{rel}","templated":true}]}}