{"id":16499,"date":"2024-01-29T08:00:37","date_gmt":"2024-01-29T07:00:37","guid":{"rendered":"https:\/\/www.pr-neu.de\/newsroom\/?p=16499"},"modified":"2024-01-29T11:07:53","modified_gmt":"2024-01-29T10:07:53","slug":"innovation-und-dialog","status":"publish","type":"post","link":"https:\/\/www.pr-neu.de\/newsroom\/innovation-und-dialog\/","title":{"rendered":"Innovation und Dialog"},"content":{"rendered":"<p><u>S\u00fcdwest auf der FAF: Halle 7 \/ Stand 314<\/u><\/p>\n<p>Neben den Neuheiten steht bei S\u00fcdwest der Dialog mit den Profis im Mittelpunkt des Messeauftritts zur Farbe. \u201eAuf der Messe informieren wir selbstverst\u00e4ndlich \u00fcber unser Portfolio und zeigen auch an Vorf\u00fchrstationen live die optimale Verarbeitung. Es geht uns aber nicht nur um das Zeigen. Noch wichtiger ist das Feedback der Fachleute aus dem Malerhandwerk\u201c, meint S\u00fcdwest-Chef Hans-J\u00f6rg von Rhade. Erst durch den Austausch erfahre das Unternehmen, was gut l\u00e4uft und wo sich etwas verbessern l\u00e4sst. \u201eDas funktioniert auf einer Messe mit den vielen Besuchern besonders gut\u201c, freut sich von Rhade auf die Gespr\u00e4che. Mit Farben f\u00fcr innen und au\u00dfen, Lacken und Lasuren sowie dem D\u00e4mmsystem WDVSmart bietet S\u00fcdwest ein Vollsortiment f\u00fcr das Ausbaugewerbe. \u201eNeuheiten zeigen wir vor allem mit Blick auf umweltvertr\u00e4gliche Beschichtungen, zum Beispiel den neuen Bio-InnenSpachtel als Teil unseres Bio-Sortiments oder das breite Sortiment an Lacken auf Wasserbasis\u201c, erkl\u00e4rt von Rhade.<\/p>\n<p>&nbsp;<\/p>\n<hr \/>\n<p>&nbsp;<\/p>\n<p><a href=\"http:\/\/www.pr-neu.de\/newsroom\/wordpress\/wp-content\/uploads\/2024\/01\/24_03_vRhade_K.jpg\" target=\"_blank\" rel=\"noopener\"><img loading=\"lazy\" decoding=\"async\" class=\"wp-image-16500 size-medium aligncenter\" src=\"http:\/\/www.pr-neu.de\/newsroom\/wordpress\/wp-content\/uploads\/2024\/01\/24_03_vRhade_K-300x300.jpg\" alt=\"\" width=\"300\" height=\"300\" srcset=\"https:\/\/www.pr-neu.de\/newsroom\/wordpress\/wp-content\/uploads\/2024\/01\/24_03_vRhade_K-300x300.jpg 300w, https:\/\/www.pr-neu.de\/newsroom\/wordpress\/wp-content\/uploads\/2024\/01\/24_03_vRhade_K-1024x1024.jpg 1024w, https:\/\/www.pr-neu.de\/newsroom\/wordpress\/wp-content\/uploads\/2024\/01\/24_03_vRhade_K-150x150.jpg 150w, https:\/\/www.pr-neu.de\/newsroom\/wordpress\/wp-content\/uploads\/2024\/01\/24_03_vRhade_K-768x768.jpg 768w, https:\/\/www.pr-neu.de\/newsroom\/wordpress\/wp-content\/uploads\/2024\/01\/24_03_vRhade_K-1536x1536.jpg 1536w, https:\/\/www.pr-neu.de\/newsroom\/wordpress\/wp-content\/uploads\/2024\/01\/24_03_vRhade_K-2048x2048.jpg 2048w, https:\/\/www.pr-neu.de\/newsroom\/wordpress\/wp-content\/uploads\/2024\/01\/24_03_vRhade_K-250x250.jpg 250w, https:\/\/www.pr-neu.de\/newsroom\/wordpress\/wp-content\/uploads\/2024\/01\/24_03_vRhade_K-125x125.jpg 125w, https:\/\/www.pr-neu.de\/newsroom\/wordpress\/wp-content\/uploads\/2024\/01\/24_03_vRhade_K-110x110.jpg 110w, https:\/\/www.pr-neu.de\/newsroom\/wordpress\/wp-content\/uploads\/2024\/01\/24_03_vRhade_K-420x420.jpg 420w, https:\/\/www.pr-neu.de\/newsroom\/wordpress\/wp-content\/uploads\/2024\/01\/24_03_vRhade_K-430x430.jpg 430w\" sizes=\"auto, (max-width: 300px) 100vw, 300px\" \/><\/a><\/p>\n<p style=\"text-align: center;\">\u201e\u00dcber Neuheiten in den Dialog mit den Maler-Profis kommen: Das ist unser Ziel auf der FAF\u201c, meint S\u00fcdwest-Chef Hans-J\u00f6rg von Rhade.<\/p>\n<p style=\"text-align: center;\">Bild: S\u00fcdwest<\/p>\n<p>&nbsp;<\/p>\n<hr \/>\n<p>&nbsp;<\/p>\n<p>Abdruck honorarfrei, Belegexemplar erbeten<\/p>\n","protected":false},"excerpt":{"rendered":"<p>Neben den Neuheiten steht bei S\u00fcdwest der Dialog mit den Profis im Mittelpunkt des Messeauftritts zur Farbe.<\/p>\n","protected":false},"author":9,"featured_media":16500,"comment_status":"closed","ping_status":"open","sticky":false,"template":"","format":"standard","meta":{"footnotes":""},"categories":[17],"tags":[124,2822,180,330,2824,347,354,554,627,2826],"class_list":["post-16499","post","type-post","status-publish","format-standard","has-post-thumbnail","hentry","category-sudwest","tag-dammung","tag-faf","tag-farbe","tag-lack","tag-lasur","tag-maler","tag-messe","tag-sudwest","tag-wdvs","tag-wdvsmart"],"_links":{"self":[{"href":"https:\/\/www.pr-neu.de\/newsroom\/wp-json\/wp\/v2\/posts\/16499","targetHints":{"allow":["GET"]}}],"collection":[{"href":"https:\/\/www.pr-neu.de\/newsroom\/wp-json\/wp\/v2\/posts"}],"about":[{"href":"https:\/\/www.pr-neu.de\/newsroom\/wp-json\/wp\/v2\/types\/post"}],"author":[{"embeddable":true,"href":"https:\/\/www.pr-neu.de\/newsroom\/wp-json\/wp\/v2\/users\/9"}],"replies":[{"embeddable":true,"href":"https:\/\/www.pr-neu.de\/newsroom\/wp-json\/wp\/v2\/comments?post=16499"}],"version-history":[{"count":3,"href":"https:\/\/www.pr-neu.de\/newsroom\/wp-json\/wp\/v2\/posts\/16499\/revisions"}],"predecessor-version":[{"id":16508,"href":"https:\/\/www.pr-neu.de\/newsroom\/wp-json\/wp\/v2\/posts\/16499\/revisions\/16508"}],"wp:featuredmedia":[{"embeddable":true,"href":"https:\/\/www.pr-neu.de\/newsroom\/wp-json\/wp\/v2\/media\/16500"}],"wp:attachment":[{"href":"https:\/\/www.pr-neu.de\/newsroom\/wp-json\/wp\/v2\/media?parent=16499"}],"wp:term":[{"taxonomy":"category","embeddable":true,"href":"https:\/\/www.pr-neu.de\/newsroom\/wp-json\/wp\/v2\/categories?post=16499"},{"taxonomy":"post_tag","embeddable":true,"href":"https:\/\/www.pr-neu.de\/newsroom\/wp-json\/wp\/v2\/tags?post=16499"}],"curies":[{"name":"wp","href":"https:\/\/api.w.org\/{rel}","templated":true}]}}