{"id":16496,"date":"2024-03-04T08:00:05","date_gmt":"2024-03-04T07:00:05","guid":{"rendered":"https:\/\/www.pr-neu.de\/newsroom\/?p=16496"},"modified":"2024-02-28T15:43:21","modified_gmt":"2024-02-28T14:43:21","slug":"wohngesund-und-einfach-verarbeitet","status":"publish","type":"post","link":"https:\/\/www.pr-neu.de\/newsroom\/wohngesund-und-einfach-verarbeitet\/","title":{"rendered":"Wohngesund und einfach verarbeitet"},"content":{"rendered":"<p><u>Neu von S\u00fcdwest: Bio-Innenspachtel<\/u><\/p>\n<p>S\u00fcdwest baut sein Programm an besonders gut vertr\u00e4glichen Innenbeschichtungen konsequent aus. Jetzt kommt mit dem \u201eBio-InnenSpachtel\u201c ein silikatischer, diffusionsoffener Innenspachtel hinzu. Im Mittelpunkt der Entwicklung stand zum einen die gute Vertr\u00e4glichkeit f\u00fcr Mensch und Umwelt. Daher wurde der Spachtel konservierungsmittelfrei und emissionsarm rezeptiert und von natureplus und vom T\u00dcV schadstoffgepr\u00fcft. Dar\u00fcber hinaus \u00fcberwacht der T\u00dcV die Produktion regelm\u00e4\u00dfig. Ebenso stand die Optik im Fokus: Mit sehr hohem Wei\u00dfgrad und der guten Schleifbarkeit lassen sich attraktive Innenw\u00e4nde bis zur Oberfl\u00e4chenqualit\u00e4t Q4 realisieren. Schlie\u00dflich ging es S\u00fcdwest auch um die Anforderungen im Profi-Einsatz. So wurde der gebrauchsfertige Spachtel sowohl f\u00fcr die h\u00e4ndische wie auch die Airless-Applikation optimiert. In Summe eine silikatische Beschichtung mit den positiven Eigenschaften eines organischen Spachtels. Ein Schritt zu mehr Nachhaltigkeit steckt schon im Gebinde: Es besteht aus Recycling-Kunststoff.<\/p>\n<p>&nbsp;<\/p>\n<hr \/>\n<p>&nbsp;<\/p>\n<p><a href=\"http:\/\/www.pr-neu.de\/newsroom\/wordpress\/wp-content\/uploads\/2024\/01\/24_01_Bio-Innenspachtel_K.jpg\" target=\"_blank\" rel=\"noopener\"><img loading=\"lazy\" decoding=\"async\" class=\"aligncenter wp-image-16497 size-medium\" src=\"http:\/\/www.pr-neu.de\/newsroom\/wordpress\/wp-content\/uploads\/2024\/01\/24_01_Bio-Innenspachtel_K-300x283.jpg\" alt=\"\" width=\"300\" height=\"283\" srcset=\"https:\/\/www.pr-neu.de\/newsroom\/wordpress\/wp-content\/uploads\/2024\/01\/24_01_Bio-Innenspachtel_K-300x283.jpg 300w, https:\/\/www.pr-neu.de\/newsroom\/wordpress\/wp-content\/uploads\/2024\/01\/24_01_Bio-Innenspachtel_K-1024x965.jpg 1024w, https:\/\/www.pr-neu.de\/newsroom\/wordpress\/wp-content\/uploads\/2024\/01\/24_01_Bio-Innenspachtel_K-768x724.jpg 768w, https:\/\/www.pr-neu.de\/newsroom\/wordpress\/wp-content\/uploads\/2024\/01\/24_01_Bio-Innenspachtel_K-1536x1448.jpg 1536w, https:\/\/www.pr-neu.de\/newsroom\/wordpress\/wp-content\/uploads\/2024\/01\/24_01_Bio-Innenspachtel_K-2048x1930.jpg 2048w, https:\/\/www.pr-neu.de\/newsroom\/wordpress\/wp-content\/uploads\/2024\/01\/24_01_Bio-Innenspachtel_K-110x104.jpg 110w, https:\/\/www.pr-neu.de\/newsroom\/wordpress\/wp-content\/uploads\/2024\/01\/24_01_Bio-Innenspachtel_K-420x396.jpg 420w, https:\/\/www.pr-neu.de\/newsroom\/wordpress\/wp-content\/uploads\/2024\/01\/24_01_Bio-Innenspachtel_K-456x430.jpg 456w\" sizes=\"auto, (max-width: 300px) 100vw, 300px\" \/><\/a><\/p>\n<p style=\"text-align: center;\">Mit dem neuen Bio-InnenSpachtel entstehen attraktive, wohngesunde R\u00e4ume.<br \/>\nBild: iStockphoto \/ S\u00fcdwest<\/p>\n<p>&nbsp;<\/p>\n<hr \/>\n<p>&nbsp;<\/p>\n<p>Abdruck honorarfrei, Belegexemplar erbeten<\/p>\n","protected":false},"excerpt":{"rendered":"<p>S\u00fcdwest baut sein Programm an besonders gut vertr\u00e4glichen Innenbeschichtungen konsequent aus. Jetzt kommt mit dem \u201eBio-InnenSpachtel\u201c ein silikatischer, diffusionsoffener Innenspachtel hinzu.<\/p>\n","protected":false},"author":9,"featured_media":16497,"comment_status":"closed","ping_status":"open","sticky":false,"template":"","format":"standard","meta":{"footnotes":""},"categories":[17],"tags":[187,283,2820,2286,2816,554,2818],"class_list":["post-16496","post","type-post","status-publish","format-standard","has-post-thumbnail","hentry","category-sudwest","tag-fassade","tag-innenraum","tag-innenspachtel","tag-innenwand","tag-spachtel","tag-sudwest","tag-wohngesund"],"_links":{"self":[{"href":"https:\/\/www.pr-neu.de\/newsroom\/wp-json\/wp\/v2\/posts\/16496","targetHints":{"allow":["GET"]}}],"collection":[{"href":"https:\/\/www.pr-neu.de\/newsroom\/wp-json\/wp\/v2\/posts"}],"about":[{"href":"https:\/\/www.pr-neu.de\/newsroom\/wp-json\/wp\/v2\/types\/post"}],"author":[{"embeddable":true,"href":"https:\/\/www.pr-neu.de\/newsroom\/wp-json\/wp\/v2\/users\/9"}],"replies":[{"embeddable":true,"href":"https:\/\/www.pr-neu.de\/newsroom\/wp-json\/wp\/v2\/comments?post=16496"}],"version-history":[{"count":1,"href":"https:\/\/www.pr-neu.de\/newsroom\/wp-json\/wp\/v2\/posts\/16496\/revisions"}],"predecessor-version":[{"id":16498,"href":"https:\/\/www.pr-neu.de\/newsroom\/wp-json\/wp\/v2\/posts\/16496\/revisions\/16498"}],"wp:featuredmedia":[{"embeddable":true,"href":"https:\/\/www.pr-neu.de\/newsroom\/wp-json\/wp\/v2\/media\/16497"}],"wp:attachment":[{"href":"https:\/\/www.pr-neu.de\/newsroom\/wp-json\/wp\/v2\/media?parent=16496"}],"wp:term":[{"taxonomy":"category","embeddable":true,"href":"https:\/\/www.pr-neu.de\/newsroom\/wp-json\/wp\/v2\/categories?post=16496"},{"taxonomy":"post_tag","embeddable":true,"href":"https:\/\/www.pr-neu.de\/newsroom\/wp-json\/wp\/v2\/tags?post=16496"}],"curies":[{"name":"wp","href":"https:\/\/api.w.org\/{rel}","templated":true}]}}