{"id":16486,"date":"2024-01-24T08:00:40","date_gmt":"2024-01-24T07:00:40","guid":{"rendered":"https:\/\/www.pr-neu.de\/newsroom\/?p=16486"},"modified":"2024-01-23T15:37:21","modified_gmt":"2024-01-23T14:37:21","slug":"schoen-sicher","status":"publish","type":"post","link":"https:\/\/www.pr-neu.de\/newsroom\/schoen-sicher\/","title":{"rendered":"Sch\u00f6n, sicher!"},"content":{"rendered":"<p><u>Scandic M\u00fcnchen Macherei: Optik, Brand- und Schallschutz, Fluchtweg \u2013 eine T\u00fcr<\/u><\/p>\n<p><strong>Neues Hotel im neuen Quartier: Das Scandic Hotel in M\u00fcnchen verbindet inspirierendes Design, skandinavische Gem\u00fctlichkeit und einen umfassenden Nachhaltigkeits-Ansatz. Die T\u00fcren f\u00fcgen sich harmonisch in das einzigartige Ambiente ein \u2013 und sorgen als Feuerschutzabschl\u00fcsse f\u00fcr Sicherheit.<\/strong><\/p>\n<p>Ein Design-Hotel, gro\u00dfz\u00fcgige B\u00fcros mit hoher Flexibilit\u00e4t, Dachterrassen und Au\u00dfenfl\u00e4chen mit hoher Aufenthaltsqualit\u00e4t, ein Fitness-Studio, dazu ein breites gastronomisches Angebot \u2013 das alles zusammen ist das neue Quartier \u201eMacherei\u201c im M\u00fcnchener Stadtteil Berg am Laim. Ein wiederbelebtes Areal, in dem modernes Arbeiten genauso selbstverst\u00e4ndlich ist wie Wandel durch neues Denken f\u00fcr R\u00e4ume und Menschen. So ist die Macherei mehr als die Summe von sechs Geb\u00e4uden in postindustrieller Loft-Architektur. Die Gestaltung ber\u00fccksichtigt auch Entwurfsprinzipien des Feng Shui und stellt ebenso eine zuverl\u00e4ssige Internet-Verbindung bis in den Fahrstuhl und die Tiefgarage sicher. Selbst Mobilit\u00e4t ist bereits mitgedacht: Auto- und Fahrrad-Leihstationen geh\u00f6ren seit Beginn zum Angebot und in der Tiefgarage sind rund 200 der etwa 800 Parkpl\u00e4tze mit Ladestationen ausgestattet. Dass hier auch nachhaltig gebaut wurde, belegt das LEED-Zertifikat in Gold.<\/p>\n<p><strong>Das Hotel: Scandic M\u00fcnchen Macherei<\/strong><br \/>\nDas s\u00fcdlichste Scandic-Haus in Deutschland bietet 234 Zimmer auf neun Etagen. Von au\u00dfen beeindruckt der Bau mit seiner verschachtelten Architektur \u2013 hier gelingt es auf wenig Raum, private Zonen mit Bezug nach drau\u00dfen zu schaffen. Smart konzipierte Fl\u00e4chen entwickeln im gro\u00dfz\u00fcgigen Empfang Wohnzimmeratmosph\u00e4re \u2013 mit B\u00fccherregalen, Spieletischen und zwei Meeting-Studios f\u00fcr kleine Besprechungen.<\/p>\n<p><strong>T\u00fcrtechnik hei\u00dft Multifunktion<\/strong><br \/>\nH\u00e4ufig nahezu unbeachtet sind in solchen Bauten die T\u00fcren, obwohl gerade diese Elemente besonders stark beansprucht werden und unterschiedliche Anforderungen zugleich zu erf\u00fcllen haben. Innenarchitektonisch haben sie sich harmonisch in den Entwurf einzuf\u00fcgen \u2013 in einem exklusiven Hotel, mit einem passend hochwertigen Ambiente. Vor allem in den Fluren und den weiteren Erschlie\u00dfungswegen kommen Vorgaben des Brandschutzes hinzu: Die minimale Anforderung T30 inklusive der dazugeh\u00f6rigen Technik f\u00fcr Brand-Detektion und Selbst\u00acschlie\u00dfung. In den Fluchtwegen geht es nicht nur um das Schlie\u00dfen der T\u00fcren, sondern auch um das \u00d6ffnen. Hier kommen also Panik-Verschl\u00fcsse und -\u00d6ffner dazu.<\/p>\n<p>Da Hotelg\u00e4ste in der Regel zur Ruhe kommen wollen, gelten f\u00fcr viele Elemente auch Vorgaben f\u00fcr den Schallschutz \u2013 in manchen F\u00e4llen sind alle Anforderungen zugleich zu erf\u00fcllen.<\/p>\n<p>Im Scandic Hotel kommen viele T\u00fcren in den jeweiligen Spezifikationen von Teckentrup (Verl). Der Hersteller bietet ein umfangreiches Stahlt\u00fcren-Programm, aus dem sich f\u00fcr die unterschiedlichen Anforderungen ma\u00dfgeschneiderte L\u00f6sungen w\u00e4hlen lassen \u2013 auch in Sonderformaten und mit der Anbindung an die Geb\u00e4udeleittechnik. Als Basismodell dient die \u201eTeckentrup 62\u201c mit planem T\u00fcrblatt. T\u00fcren und Zargen sind im selben Farbton gehalten: In den meisten F\u00e4llen ein mattes Schwarz, wenn die Innenarchitektur einen anderen Farbton vorsieht, auch in einem dunklen Rotbraun.<\/p>\n<p>Die Ausf\u00fchrung als T30-T\u00fcr ist der Standard, f\u00fcr die Sch\u00e4chte wurden ebenfalls die passenden Feuerschutz-Klappen konfiguriert. Erfordern die Durchg\u00e4nge T\u00fcren mit 90 Minuten Feuerwiderstand, bietet die Serie auch hierf\u00fcr entsprechend gepr\u00fcfte L\u00f6sungen \u2013 wiederum optional mit weiteren Funktionen.<\/p>\n<p><strong>Hotel-T\u00fcren-Spezialist<\/strong><br \/>\nIm Hotelbau hat sich Teckentrup seit vielen Jahren etabliert \u2013 auch \u00fcber die Grenzen Deutschlands hinaus. Beispielsweise ist sogar das \u201eRadisson Red\u201c in Kapstadt (S\u00fcdafrika) mit Bauele\u00acmenten aus Verl ausgestattet. Hier spielte der Schallschutz eine wichtige Rolle. Die verbauten T\u00fcren erreichen Werte von 42 bis 44 Dezibel und sorgen so f\u00fcr einen ruhigen Aufenthalt in den Hotelzimmern. Je nach Anforderung sind sie auch in diesem Hotel als Feuerschutzabschluss ausgef\u00fchrt.<\/p>\n<p>&nbsp;<\/p>\n<hr \/>\n<p>&nbsp;<\/p>\n<p><strong>Bautafel<\/strong><\/p>\n<p>Standort: Berg-am-Laim-Stra\u00dfe, M\u00fcnchen<br \/>\nBauherr: Accumulata Group<br \/>\nArchitekturb\u00fcro: HWKN Architecture<\/p>\n<p>&nbsp;<\/p>\n<hr \/>\n<p style=\"text-align: center;\"><!--MBNHE--><\/p>\n<p>&nbsp;<\/p>\n<p style=\"text-align: center;\"><a href=\"http:\/\/www.pr-neu.de\/newsroom\/wordpress\/wp-content\/uploads\/2024\/01\/23-16_Scandic_M_Macherei_01_K.jpg\" target=\"_blank\" rel=\"noopener\"><img loading=\"lazy\" decoding=\"async\" class=\"wp-image-16488 size-medium\" src=\"http:\/\/www.pr-neu.de\/newsroom\/wordpress\/wp-content\/uploads\/2024\/01\/23-16_Scandic_M_Macherei_01_K-200x300.jpg\" alt=\"\" width=\"200\" height=\"300\" srcset=\"https:\/\/www.pr-neu.de\/newsroom\/wordpress\/wp-content\/uploads\/2024\/01\/23-16_Scandic_M_Macherei_01_K-200x300.jpg 200w, https:\/\/www.pr-neu.de\/newsroom\/wordpress\/wp-content\/uploads\/2024\/01\/23-16_Scandic_M_Macherei_01_K-683x1024.jpg 683w, https:\/\/www.pr-neu.de\/newsroom\/wordpress\/wp-content\/uploads\/2024\/01\/23-16_Scandic_M_Macherei_01_K-768x1152.jpg 768w, https:\/\/www.pr-neu.de\/newsroom\/wordpress\/wp-content\/uploads\/2024\/01\/23-16_Scandic_M_Macherei_01_K-1024x1536.jpg 1024w, https:\/\/www.pr-neu.de\/newsroom\/wordpress\/wp-content\/uploads\/2024\/01\/23-16_Scandic_M_Macherei_01_K-1365x2048.jpg 1365w, https:\/\/www.pr-neu.de\/newsroom\/wordpress\/wp-content\/uploads\/2024\/01\/23-16_Scandic_M_Macherei_01_K-73x110.jpg 73w, https:\/\/www.pr-neu.de\/newsroom\/wordpress\/wp-content\/uploads\/2024\/01\/23-16_Scandic_M_Macherei_01_K-280x420.jpg 280w, https:\/\/www.pr-neu.de\/newsroom\/wordpress\/wp-content\/uploads\/2024\/01\/23-16_Scandic_M_Macherei_01_K-287x430.jpg 287w, https:\/\/www.pr-neu.de\/newsroom\/wordpress\/wp-content\/uploads\/2024\/01\/23-16_Scandic_M_Macherei_01_K.jpg 1600w\" sizes=\"auto, (max-width: 200px) 100vw, 200px\" \/><\/a><\/p>\n<p style=\"text-align: center;\"><span style=\"font-size: 12pt; font-family: 'Arial','sans-serif'; color: black;\">Die versetzt-verschobenen Etagen des Scandic Hotels \u2013 Teil des neuen Quartiers \u201eMacherei\u201c in M\u00fcnchen \u2013 schaffen ungew\u00f6hnliche Sichtachsen. Zugleich entstehen Dachterrassen, die wie private R\u00fcckzugsorte wirken.<\/span><\/p>\n<p>&nbsp;<\/p>\n<p style=\"text-align: center;\"><a href=\"http:\/\/www.pr-neu.de\/newsroom\/wordpress\/wp-content\/uploads\/2024\/01\/23-16_Scandic_M_Macherei_02_K.jpg\" target=\"_blank\" rel=\"noopener\"><img loading=\"lazy\" decoding=\"async\" class=\"aligncenter wp-image-16489 size-medium\" src=\"http:\/\/www.pr-neu.de\/newsroom\/wordpress\/wp-content\/uploads\/2024\/01\/23-16_Scandic_M_Macherei_02_K-300x200.jpg\" alt=\"\" width=\"300\" height=\"200\" srcset=\"https:\/\/www.pr-neu.de\/newsroom\/wordpress\/wp-content\/uploads\/2024\/01\/23-16_Scandic_M_Macherei_02_K-300x200.jpg 300w, https:\/\/www.pr-neu.de\/newsroom\/wordpress\/wp-content\/uploads\/2024\/01\/23-16_Scandic_M_Macherei_02_K-1024x683.jpg 1024w, https:\/\/www.pr-neu.de\/newsroom\/wordpress\/wp-content\/uploads\/2024\/01\/23-16_Scandic_M_Macherei_02_K-768x512.jpg 768w, https:\/\/www.pr-neu.de\/newsroom\/wordpress\/wp-content\/uploads\/2024\/01\/23-16_Scandic_M_Macherei_02_K-1536x1024.jpg 1536w, https:\/\/www.pr-neu.de\/newsroom\/wordpress\/wp-content\/uploads\/2024\/01\/23-16_Scandic_M_Macherei_02_K-2048x1365.jpg 2048w, https:\/\/www.pr-neu.de\/newsroom\/wordpress\/wp-content\/uploads\/2024\/01\/23-16_Scandic_M_Macherei_02_K-110x73.jpg 110w, https:\/\/www.pr-neu.de\/newsroom\/wordpress\/wp-content\/uploads\/2024\/01\/23-16_Scandic_M_Macherei_02_K-420x280.jpg 420w, https:\/\/www.pr-neu.de\/newsroom\/wordpress\/wp-content\/uploads\/2024\/01\/23-16_Scandic_M_Macherei_02_K-645x430.jpg 645w\" sizes=\"auto, (max-width: 300px) 100vw, 300px\" \/><\/a><\/p>\n<p style=\"text-align: center;\"><span style=\"font-family: 'Arial','sans-serif';\"><span style=\"font-size: 12pt; font-family: 'Arial','sans-serif'; color: black;\">Ton in Ton: T\u00fcr und Zarge sind im Farbton der Wand gehalten und werden so zum Teil der Wandfl\u00e4che.<\/span><\/span><\/p>\n<p>&nbsp;<\/p>\n<p style=\"text-align: center;\"><a href=\"http:\/\/www.pr-neu.de\/newsroom\/wordpress\/wp-content\/uploads\/2024\/01\/23-16_Scandic_M_Macherei_03_K.jpg\" target=\"_blank\" rel=\"noopener\"><img loading=\"lazy\" decoding=\"async\" class=\"wp-image-16490 size-medium\" src=\"http:\/\/www.pr-neu.de\/newsroom\/wordpress\/wp-content\/uploads\/2024\/01\/23-16_Scandic_M_Macherei_03_K-200x300.jpg\" alt=\"\" width=\"200\" height=\"300\" srcset=\"https:\/\/www.pr-neu.de\/newsroom\/wordpress\/wp-content\/uploads\/2024\/01\/23-16_Scandic_M_Macherei_03_K-200x300.jpg 200w, https:\/\/www.pr-neu.de\/newsroom\/wordpress\/wp-content\/uploads\/2024\/01\/23-16_Scandic_M_Macherei_03_K-683x1024.jpg 683w, https:\/\/www.pr-neu.de\/newsroom\/wordpress\/wp-content\/uploads\/2024\/01\/23-16_Scandic_M_Macherei_03_K-768x1152.jpg 768w, https:\/\/www.pr-neu.de\/newsroom\/wordpress\/wp-content\/uploads\/2024\/01\/23-16_Scandic_M_Macherei_03_K-1024x1536.jpg 1024w, https:\/\/www.pr-neu.de\/newsroom\/wordpress\/wp-content\/uploads\/2024\/01\/23-16_Scandic_M_Macherei_03_K-1365x2048.jpg 1365w, https:\/\/www.pr-neu.de\/newsroom\/wordpress\/wp-content\/uploads\/2024\/01\/23-16_Scandic_M_Macherei_03_K-73x110.jpg 73w, https:\/\/www.pr-neu.de\/newsroom\/wordpress\/wp-content\/uploads\/2024\/01\/23-16_Scandic_M_Macherei_03_K-280x420.jpg 280w, https:\/\/www.pr-neu.de\/newsroom\/wordpress\/wp-content\/uploads\/2024\/01\/23-16_Scandic_M_Macherei_03_K-287x430.jpg 287w, https:\/\/www.pr-neu.de\/newsroom\/wordpress\/wp-content\/uploads\/2024\/01\/23-16_Scandic_M_Macherei_03_K.jpg 1600w\" sizes=\"auto, (max-width: 200px) 100vw, 200px\" \/><\/a> <a href=\"http:\/\/www.pr-neu.de\/newsroom\/wordpress\/wp-content\/uploads\/2024\/01\/23-16_Scandic_M_Macherei_04_K.jpg\" target=\"_blank\" rel=\"noopener\"><img loading=\"lazy\" decoding=\"async\" class=\"wp-image-16491 size-medium\" src=\"http:\/\/www.pr-neu.de\/newsroom\/wordpress\/wp-content\/uploads\/2024\/01\/23-16_Scandic_M_Macherei_04_K-200x300.jpg\" alt=\"\" width=\"200\" height=\"300\" srcset=\"https:\/\/www.pr-neu.de\/newsroom\/wordpress\/wp-content\/uploads\/2024\/01\/23-16_Scandic_M_Macherei_04_K-200x300.jpg 200w, https:\/\/www.pr-neu.de\/newsroom\/wordpress\/wp-content\/uploads\/2024\/01\/23-16_Scandic_M_Macherei_04_K-683x1024.jpg 683w, https:\/\/www.pr-neu.de\/newsroom\/wordpress\/wp-content\/uploads\/2024\/01\/23-16_Scandic_M_Macherei_04_K-768x1151.jpg 768w, https:\/\/www.pr-neu.de\/newsroom\/wordpress\/wp-content\/uploads\/2024\/01\/23-16_Scandic_M_Macherei_04_K-1025x1536.jpg 1025w, https:\/\/www.pr-neu.de\/newsroom\/wordpress\/wp-content\/uploads\/2024\/01\/23-16_Scandic_M_Macherei_04_K-1366x2048.jpg 1366w, https:\/\/www.pr-neu.de\/newsroom\/wordpress\/wp-content\/uploads\/2024\/01\/23-16_Scandic_M_Macherei_04_K-73x110.jpg 73w, https:\/\/www.pr-neu.de\/newsroom\/wordpress\/wp-content\/uploads\/2024\/01\/23-16_Scandic_M_Macherei_04_K-280x420.jpg 280w, https:\/\/www.pr-neu.de\/newsroom\/wordpress\/wp-content\/uploads\/2024\/01\/23-16_Scandic_M_Macherei_04_K-287x430.jpg 287w, https:\/\/www.pr-neu.de\/newsroom\/wordpress\/wp-content\/uploads\/2024\/01\/23-16_Scandic_M_Macherei_04_K.jpg 1601w\" sizes=\"auto, (max-width: 200px) 100vw, 200px\" \/><\/a><\/p>\n<p style=\"text-align: center;\"><span style=\"font-family: 'Arial','sans-serif';\"><span style=\"font-size: 12pt; font-family: 'Arial','sans-serif'; color: black;\">T\u00fcren mit Multifunktion finden sich unter anderem in den Erschlie\u00dfungswegen: Brandschutz, Fluchtweg und \u00c4sthetik in einem Element vereint.<\/span><\/span><\/p>\n<p>&nbsp;<\/p>\n<p style=\"text-align: center;\"><a href=\"http:\/\/www.pr-neu.de\/newsroom\/wordpress\/wp-content\/uploads\/2024\/01\/23-16_Scandic_M_Macherei_06_K.jpg\" target=\"_blank\" rel=\"noopener\"><img loading=\"lazy\" decoding=\"async\" class=\"aligncenter wp-image-16493 size-medium\" src=\"http:\/\/www.pr-neu.de\/newsroom\/wordpress\/wp-content\/uploads\/2024\/01\/23-16_Scandic_M_Macherei_06_K-300x200.jpg\" alt=\"\" width=\"300\" height=\"200\" srcset=\"https:\/\/www.pr-neu.de\/newsroom\/wordpress\/wp-content\/uploads\/2024\/01\/23-16_Scandic_M_Macherei_06_K-300x200.jpg 300w, https:\/\/www.pr-neu.de\/newsroom\/wordpress\/wp-content\/uploads\/2024\/01\/23-16_Scandic_M_Macherei_06_K-1024x683.jpg 1024w, https:\/\/www.pr-neu.de\/newsroom\/wordpress\/wp-content\/uploads\/2024\/01\/23-16_Scandic_M_Macherei_06_K-768x512.jpg 768w, https:\/\/www.pr-neu.de\/newsroom\/wordpress\/wp-content\/uploads\/2024\/01\/23-16_Scandic_M_Macherei_06_K-1536x1024.jpg 1536w, https:\/\/www.pr-neu.de\/newsroom\/wordpress\/wp-content\/uploads\/2024\/01\/23-16_Scandic_M_Macherei_06_K-2048x1365.jpg 2048w, https:\/\/www.pr-neu.de\/newsroom\/wordpress\/wp-content\/uploads\/2024\/01\/23-16_Scandic_M_Macherei_06_K-110x73.jpg 110w, https:\/\/www.pr-neu.de\/newsroom\/wordpress\/wp-content\/uploads\/2024\/01\/23-16_Scandic_M_Macherei_06_K-420x280.jpg 420w, https:\/\/www.pr-neu.de\/newsroom\/wordpress\/wp-content\/uploads\/2024\/01\/23-16_Scandic_M_Macherei_06_K-645x430.jpg 645w\" sizes=\"auto, (max-width: 300px) 100vw, 300px\" \/><\/a><\/p>\n<p style=\"text-align: center;\"><a href=\"http:\/\/www.pr-neu.de\/newsroom\/wordpress\/wp-content\/uploads\/2024\/01\/23-16_Scandic_M_Macherei_07_K.jpg\" target=\"_blank\" rel=\"noopener\"><img loading=\"lazy\" decoding=\"async\" class=\"wp-image-16487 size-medium\" src=\"http:\/\/www.pr-neu.de\/newsroom\/wordpress\/wp-content\/uploads\/2024\/01\/23-16_Scandic_M_Macherei_07_K-300x200.jpg\" alt=\"\" width=\"300\" height=\"200\" srcset=\"https:\/\/www.pr-neu.de\/newsroom\/wordpress\/wp-content\/uploads\/2024\/01\/23-16_Scandic_M_Macherei_07_K-300x200.jpg 300w, https:\/\/www.pr-neu.de\/newsroom\/wordpress\/wp-content\/uploads\/2024\/01\/23-16_Scandic_M_Macherei_07_K-1024x683.jpg 1024w, https:\/\/www.pr-neu.de\/newsroom\/wordpress\/wp-content\/uploads\/2024\/01\/23-16_Scandic_M_Macherei_07_K-768x512.jpg 768w, https:\/\/www.pr-neu.de\/newsroom\/wordpress\/wp-content\/uploads\/2024\/01\/23-16_Scandic_M_Macherei_07_K-1536x1024.jpg 1536w, https:\/\/www.pr-neu.de\/newsroom\/wordpress\/wp-content\/uploads\/2024\/01\/23-16_Scandic_M_Macherei_07_K-2048x1365.jpg 2048w, https:\/\/www.pr-neu.de\/newsroom\/wordpress\/wp-content\/uploads\/2024\/01\/23-16_Scandic_M_Macherei_07_K-110x73.jpg 110w, https:\/\/www.pr-neu.de\/newsroom\/wordpress\/wp-content\/uploads\/2024\/01\/23-16_Scandic_M_Macherei_07_K-420x280.jpg 420w, https:\/\/www.pr-neu.de\/newsroom\/wordpress\/wp-content\/uploads\/2024\/01\/23-16_Scandic_M_Macherei_07_K-645x430.jpg 645w\" sizes=\"auto, (max-width: 300px) 100vw, 300px\" \/><\/a><\/p>\n<p style=\"text-align: center;\"><span style=\"font-family: 'Arial','sans-serif';\"><span style=\"font-size: 12pt; font-family: 'Arial','sans-serif'; color: black;\">Eleganz auf jeder Ebene: Die T\u00fcren zum Hotel (links zum Treppenhaus, rechts zur Rezeption) erf\u00fcllen nicht nur die Brandschutzanforderungen, sondern \u00fcberzeugen auch gestalterisch im matten Schwarz f\u00fcr T\u00fcrblatt und Zarge.<\/span><\/span><\/p>\n<p style=\"text-align: center;\"><span style=\"font-family: 'Arial','sans-serif';\"><span style=\"font-size: 12pt; font-family: 'Arial','sans-serif'; color: black;\">Alle Bilder: Christian Eblenkamp \/ Teckentrup<\/span><\/span><\/p>\n<p>&nbsp;<\/p>\n<hr \/>\n<p>&nbsp;<\/p>\n<p>Abdruck honorarfrei, Belegexemplar erbeten<\/p>\n","protected":false},"excerpt":{"rendered":"<p>Das Scandic Hotel in M\u00fcnchen verbindet inspirierendes Design, skandinavische Gem\u00fctlichkeit und einen umfassenden Nachhaltigkeits-Ansatz. Die T\u00fcren f\u00fcgen sich harmonisch in das einzigartige Ambiente ein \u2013 und sorgen als Feuerschutzabschl\u00fcsse f\u00fcr Sicherheit.<\/p>\n","protected":false},"author":9,"featured_media":16487,"comment_status":"closed","ping_status":"open","sticky":false,"template":"","format":"standard","meta":{"footnotes":""},"categories":[18],"tags":[94,199,2810,2812,2422,2814,466,2808],"class_list":["post-16486","post","type-post","status-publish","format-standard","has-post-thumbnail","hentry","category-teckentrup","tag-brandschutz","tag-feuerschutz","tag-fluchtweg","tag-hotel","tag-muenchen","tag-scandic","tag-sicherheit","tag-teckentrup-tuer"],"_links":{"self":[{"href":"https:\/\/www.pr-neu.de\/newsroom\/wp-json\/wp\/v2\/posts\/16486","targetHints":{"allow":["GET"]}}],"collection":[{"href":"https:\/\/www.pr-neu.de\/newsroom\/wp-json\/wp\/v2\/posts"}],"about":[{"href":"https:\/\/www.pr-neu.de\/newsroom\/wp-json\/wp\/v2\/types\/post"}],"author":[{"embeddable":true,"href":"https:\/\/www.pr-neu.de\/newsroom\/wp-json\/wp\/v2\/users\/9"}],"replies":[{"embeddable":true,"href":"https:\/\/www.pr-neu.de\/newsroom\/wp-json\/wp\/v2\/comments?post=16486"}],"version-history":[{"count":2,"href":"https:\/\/www.pr-neu.de\/newsroom\/wp-json\/wp\/v2\/posts\/16486\/revisions"}],"predecessor-version":[{"id":16495,"href":"https:\/\/www.pr-neu.de\/newsroom\/wp-json\/wp\/v2\/posts\/16486\/revisions\/16495"}],"wp:featuredmedia":[{"embeddable":true,"href":"https:\/\/www.pr-neu.de\/newsroom\/wp-json\/wp\/v2\/media\/16487"}],"wp:attachment":[{"href":"https:\/\/www.pr-neu.de\/newsroom\/wp-json\/wp\/v2\/media?parent=16486"}],"wp:term":[{"taxonomy":"category","embeddable":true,"href":"https:\/\/www.pr-neu.de\/newsroom\/wp-json\/wp\/v2\/categories?post=16486"},{"taxonomy":"post_tag","embeddable":true,"href":"https:\/\/www.pr-neu.de\/newsroom\/wp-json\/wp\/v2\/tags?post=16486"}],"curies":[{"name":"wp","href":"https:\/\/api.w.org\/{rel}","templated":true}]}}