{"id":16473,"date":"2024-01-17T10:32:51","date_gmt":"2024-01-17T09:32:51","guid":{"rendered":"https:\/\/www.pr-neu.de\/newsroom\/?p=16473"},"modified":"2024-01-17T10:32:51","modified_gmt":"2024-01-17T09:32:51","slug":"akustik-intarsien","status":"publish","type":"post","link":"https:\/\/www.pr-neu.de\/newsroom\/akustik-intarsien\/","title":{"rendered":"Akustik-Intarsien"},"content":{"rendered":"<p><u><br \/>\nObjektreport: WHO-Zentrale, Genf<\/u><\/p>\n<p>Architektur-Akustik: Die neue WHO-Zentrale in Genf zeigt, das gutes H\u00f6ren auch gut aussehen kann. Damit die Aufenthaltsqualit\u00e4t durch die gute Akustik unterst\u00fctz wird, sind im vom B\u00fcro Berrel Berrel Kr\u00e4utler geplanten Verwaltungsbau akustisch wirksame Teilfl\u00e4chen in der Decke vorgesehen. Sie sind fl\u00e4chenb\u00fcndig in die Betondecke integriert \u2013 wie Intarsien. Daf\u00fcr w\u00e4hlten die Architekten das System StoSilent Direct. Da es ohne Unterkonstruktion auskommt, lie\u00df es sich einfach in die Decke einlassen. Als nichtbrennbares System (A2-s1, d0) kommt es auch in hochfrequentierten R\u00e4umen zum Einsatz und d\u00e4mpft mit Schallabsorptionswerten von \u03b1<sub>w<\/sub> = 0,65 bis 1,00 effektiv den L\u00e4rm im Raum. Theoretisch kann StoSilent Direct verputzt bis 700 Quadratmeter fugenlos verlegt werden. In Genf ist es in die ausgesparten Fl\u00e4chen der Decke eingelegt.<\/p>\n<p>Nun herrscht in den R\u00e4umen der Weltgesundheits-Organisation eine gesunde Akustik: Den Bauherren lag das Wohlbefinden der Menschen in ihrem Hauptquartier am Herzen \u2013 und dazu z\u00e4hlt, dass niemand unter L\u00e4rm leidet.<\/p>\n<p>&nbsp;<\/p>\n<hr \/>\n<p>&nbsp;<\/p>\n<p><a href=\"http:\/\/www.pr-neu.de\/newsroom\/wordpress\/wp-content\/uploads\/2024\/01\/23_45_WHO_1_G-scaled.jpg\" target=\"_blank\" rel=\"noopener\"><img loading=\"lazy\" decoding=\"async\" class=\"aligncenter wp-image-16474 size-medium\" src=\"http:\/\/www.pr-neu.de\/newsroom\/wordpress\/wp-content\/uploads\/2024\/01\/23_45_WHO_1_G-300x135.jpg\" alt=\"\" width=\"300\" height=\"135\" srcset=\"https:\/\/www.pr-neu.de\/newsroom\/wordpress\/wp-content\/uploads\/2024\/01\/23_45_WHO_1_G-300x135.jpg 300w, https:\/\/www.pr-neu.de\/newsroom\/wordpress\/wp-content\/uploads\/2024\/01\/23_45_WHO_1_G-1024x462.jpg 1024w, https:\/\/www.pr-neu.de\/newsroom\/wordpress\/wp-content\/uploads\/2024\/01\/23_45_WHO_1_G-768x346.jpg 768w, https:\/\/www.pr-neu.de\/newsroom\/wordpress\/wp-content\/uploads\/2024\/01\/23_45_WHO_1_G-1536x693.jpg 1536w, https:\/\/www.pr-neu.de\/newsroom\/wordpress\/wp-content\/uploads\/2024\/01\/23_45_WHO_1_G-2048x923.jpg 2048w, https:\/\/www.pr-neu.de\/newsroom\/wordpress\/wp-content\/uploads\/2024\/01\/23_45_WHO_1_G-110x50.jpg 110w, https:\/\/www.pr-neu.de\/newsroom\/wordpress\/wp-content\/uploads\/2024\/01\/23_45_WHO_1_G-420x189.jpg 420w, https:\/\/www.pr-neu.de\/newsroom\/wordpress\/wp-content\/uploads\/2024\/01\/23_45_WHO_1_G-770x347.jpg 770w\" sizes=\"auto, (max-width: 300px) 100vw, 300px\" \/><\/a><\/p>\n<p style=\"text-align: center;\">Attraktive Akustik: In der Kantine der WHO in Genf sind fl\u00e4chige StoSilent Direct-Elemente fl\u00e4chenb\u00fcndig in die Decke eingelassen.<\/p>\n<p style=\"text-align: center;\">\n<p style=\"text-align: center;\"><img loading=\"lazy\" decoding=\"async\" class=\"alignnone size-medium wp-image-16475\" src=\"http:\/\/www.pr-neu.de\/newsroom\/wordpress\/wp-content\/uploads\/2024\/01\/23_45_WHO_2_G-300x135.jpg\" alt=\"\" width=\"300\" height=\"135\" srcset=\"https:\/\/www.pr-neu.de\/newsroom\/wordpress\/wp-content\/uploads\/2024\/01\/23_45_WHO_2_G-300x135.jpg 300w, https:\/\/www.pr-neu.de\/newsroom\/wordpress\/wp-content\/uploads\/2024\/01\/23_45_WHO_2_G-1024x462.jpg 1024w, https:\/\/www.pr-neu.de\/newsroom\/wordpress\/wp-content\/uploads\/2024\/01\/23_45_WHO_2_G-768x346.jpg 768w, https:\/\/www.pr-neu.de\/newsroom\/wordpress\/wp-content\/uploads\/2024\/01\/23_45_WHO_2_G-1536x693.jpg 1536w, https:\/\/www.pr-neu.de\/newsroom\/wordpress\/wp-content\/uploads\/2024\/01\/23_45_WHO_2_G-2048x923.jpg 2048w, https:\/\/www.pr-neu.de\/newsroom\/wordpress\/wp-content\/uploads\/2024\/01\/23_45_WHO_2_G-110x50.jpg 110w, https:\/\/www.pr-neu.de\/newsroom\/wordpress\/wp-content\/uploads\/2024\/01\/23_45_WHO_2_G-420x189.jpg 420w, https:\/\/www.pr-neu.de\/newsroom\/wordpress\/wp-content\/uploads\/2024\/01\/23_45_WHO_2_G-770x347.jpg 770w\" sizes=\"auto, (max-width: 300px) 100vw, 300px\" \/><\/p>\n<p style=\"text-align: center;\">Decken-Intarsien: Neben den Akustik-Elementen sind auch Leuchten und Sprinkler in der Decke integriert.<\/p>\n<p>&nbsp;<\/p>\n<p style=\"text-align: center;\"><img loading=\"lazy\" decoding=\"async\" class=\"alignnone size-medium wp-image-16476\" src=\"http:\/\/www.pr-neu.de\/newsroom\/wordpress\/wp-content\/uploads\/2024\/01\/23_45_WHO_3_G-300x135.jpg\" alt=\"\" width=\"300\" height=\"135\" srcset=\"https:\/\/www.pr-neu.de\/newsroom\/wordpress\/wp-content\/uploads\/2024\/01\/23_45_WHO_3_G-300x135.jpg 300w, https:\/\/www.pr-neu.de\/newsroom\/wordpress\/wp-content\/uploads\/2024\/01\/23_45_WHO_3_G-1024x462.jpg 1024w, https:\/\/www.pr-neu.de\/newsroom\/wordpress\/wp-content\/uploads\/2024\/01\/23_45_WHO_3_G-768x346.jpg 768w, https:\/\/www.pr-neu.de\/newsroom\/wordpress\/wp-content\/uploads\/2024\/01\/23_45_WHO_3_G-1536x693.jpg 1536w, https:\/\/www.pr-neu.de\/newsroom\/wordpress\/wp-content\/uploads\/2024\/01\/23_45_WHO_3_G-2048x923.jpg 2048w, https:\/\/www.pr-neu.de\/newsroom\/wordpress\/wp-content\/uploads\/2024\/01\/23_45_WHO_3_G-110x50.jpg 110w, https:\/\/www.pr-neu.de\/newsroom\/wordpress\/wp-content\/uploads\/2024\/01\/23_45_WHO_3_G-420x189.jpg 420w, https:\/\/www.pr-neu.de\/newsroom\/wordpress\/wp-content\/uploads\/2024\/01\/23_45_WHO_3_G-770x347.jpg 770w\" sizes=\"auto, (max-width: 300px) 100vw, 300px\" \/><\/p>\n<p style=\"text-align: center;\">Schmale Streifen, breiter Gestaltungsspielraum: Das Akustiksystem StoSilent Direct passt sich flexibel an architektonische Vorgaben an.<\/p>\n<p style=\"text-align: center;\">Bilder: Sto SE &amp; Co. KGaA<\/p>\n<p>&nbsp;<\/p>\n<hr \/>\n<p>Abdruck honorarfrei, Belegexemplar erbeten<\/p>\n","protected":false},"excerpt":{"rendered":"<p>Objektreport: WHO-Zentrale, Genf Architektur-Akustik: Die neue WHO-Zentrale in Genf zeigt, das gutes H\u00f6ren auch gut aussehen kann. Damit die Aufenthaltsqualit\u00e4t durch die gute Akustik unterst\u00fctz wird, sind im vom B\u00fcro Berrel Berrel Kr\u00e4utler geplanten Verwaltungsbau akustisch wirksame Teilfl\u00e4chen in der Decke vorgesehen. Sie sind fl\u00e4chenb\u00fcndig in die Betondecke integriert \u2013 wie Intarsien. Daf\u00fcr w\u00e4hlten die [&hellip;]<\/p>\n","protected":false},"author":9,"featured_media":16474,"comment_status":"closed","ping_status":"open","sticky":false,"template":"","format":"standard","meta":{"footnotes":""},"categories":[15],"tags":[1719,504,2203,2804,627,2428,2806],"class_list":["post-16473","post","type-post","status-publish","format-standard","has-post-thumbnail","hentry","category-sto","tag-akustik","tag-sto-2","tag-stosilent","tag-waermedaemmverbundsysteme","tag-wdvs","tag-weltmarktfuehrer","tag-who"],"_links":{"self":[{"href":"https:\/\/www.pr-neu.de\/newsroom\/wp-json\/wp\/v2\/posts\/16473","targetHints":{"allow":["GET"]}}],"collection":[{"href":"https:\/\/www.pr-neu.de\/newsroom\/wp-json\/wp\/v2\/posts"}],"about":[{"href":"https:\/\/www.pr-neu.de\/newsroom\/wp-json\/wp\/v2\/types\/post"}],"author":[{"embeddable":true,"href":"https:\/\/www.pr-neu.de\/newsroom\/wp-json\/wp\/v2\/users\/9"}],"replies":[{"embeddable":true,"href":"https:\/\/www.pr-neu.de\/newsroom\/wp-json\/wp\/v2\/comments?post=16473"}],"version-history":[{"count":3,"href":"https:\/\/www.pr-neu.de\/newsroom\/wp-json\/wp\/v2\/posts\/16473\/revisions"}],"predecessor-version":[{"id":16479,"href":"https:\/\/www.pr-neu.de\/newsroom\/wp-json\/wp\/v2\/posts\/16473\/revisions\/16479"}],"wp:featuredmedia":[{"embeddable":true,"href":"https:\/\/www.pr-neu.de\/newsroom\/wp-json\/wp\/v2\/media\/16474"}],"wp:attachment":[{"href":"https:\/\/www.pr-neu.de\/newsroom\/wp-json\/wp\/v2\/media?parent=16473"}],"wp:term":[{"taxonomy":"category","embeddable":true,"href":"https:\/\/www.pr-neu.de\/newsroom\/wp-json\/wp\/v2\/categories?post=16473"},{"taxonomy":"post_tag","embeddable":true,"href":"https:\/\/www.pr-neu.de\/newsroom\/wp-json\/wp\/v2\/tags?post=16473"}],"curies":[{"name":"wp","href":"https:\/\/api.w.org\/{rel}","templated":true}]}}