{"id":16466,"date":"2024-01-15T15:36:46","date_gmt":"2024-01-15T14:36:46","guid":{"rendered":"https:\/\/www.pr-neu.de\/newsroom\/?p=16466"},"modified":"2024-01-15T15:36:46","modified_gmt":"2024-01-15T14:36:46","slug":"verotec-baut-kapazitaeten-fuer-3d-fassadenelemente-aus","status":"publish","type":"post","link":"https:\/\/www.pr-neu.de\/newsroom\/verotec-baut-kapazitaeten-fuer-3d-fassadenelemente-aus\/","title":{"rendered":"Verotec baut Kapazit\u00e4ten f\u00fcr 3D-Fassadenelemente aus"},"content":{"rendered":"<p><span style=\"text-decoration: underline;\"><br \/>\nNeues 3D-Bearbeitungszentrum eingeweiht<\/span><\/p>\n<p><strong>Nach einer gut zweimonatigen Testphase ging jetzt das neue Bearbeitungszentrum f\u00fcr 3D-Fassadenelemente bei Verotec in Lauingen in den Regelbetrieb. Die neue Anlage ist eine CNC-gesteuerte Fr\u00e4smaschine mit zwei Arbeitsfl\u00e4chen f\u00fcr die Sonderprofilproduktion von StoDeco-Profilen und erweitert die Kapazit\u00e4t f\u00fcr dreidimensionale Fassadenelemente.<\/strong><\/p>\n<p>Verotec investiert \u2013 auch in f\u00fcr die Bauwirtschaft schwierigen Zeiten. Zum Jahresstart 2024 ging jetzt nach rund zweieinhalb Jahren Vorbereitung das neue Bearbeitungszentrum f\u00fcr 3D-Fassadenelemente (BAZ) in Betrieb. Damit reagiert das Lauinger Unternehmen auf die steigende Nachfrage nach gefr\u00e4sten StoDeco Elementen.<\/p>\n<p><strong>Neues BAZ \u2013 sicher, zeitgem\u00e4\u00df und bedarfsgerecht<br \/>\n<\/strong>Projektleiter Timo Kr\u00e4mer freut sich, dass die neue Anlage jetzt anl\u00e4uft: \u201eMit dem neuen BAZ, ausgestattet mit zwei Arbeits-tischen und modernster Fr\u00e4stechnologie, kann schon w\u00e4hrend des Fr\u00e4sens ein Folgeauftrag eingerichtet werden. Wir arbeiten also wesentlich effizienter.\u201c Positiv f\u00fcr die Mitarbeitenden: Die Anlage ist gekapselt, die Teams sind also optimal vor Staub gesch\u00fctzt. \u00dcber Kameras behalten sie dennoch stets die volle Kontrolle. \u201eMit unserer CAD-Technologie und dem neuen Bearbeitungszentrum lassen sich au\u00dfergew\u00f6hnlich gestaltete Fassaden schnell und wirtschaftlich realisieren \u2013 sowohl f\u00fcr die Rekonstruktion historischer Fassaden als auch f\u00fcr die dreidimensionale Gestaltung moderner Bauten. F\u00fcr Verotec ist die Investition ein wichtiger Schritt um die Lieferf\u00e4higkeit k\u00fcnftig auch bei aktuell steigender Nachfrage sicherzustellen.\u201c, res\u00fcmiert Verotec-Chef Dirk Franz.<strong><br \/>\n<\/strong><\/p>\n<p>&nbsp;<\/p>\n<hr \/>\n<p style=\"text-align: center;\"><a href=\"http:\/\/www.pr-neu.de\/newsroom\/wordpress\/wp-content\/uploads\/2024\/01\/24_01_BAZ_1_G-scaled.jpg\" target=\"_blank\" rel=\"noopener\"><img loading=\"lazy\" decoding=\"async\" class=\"alignnone wp-image-16467 size-medium\" src=\"http:\/\/www.pr-neu.de\/newsroom\/wordpress\/wp-content\/uploads\/2024\/01\/24_01_BAZ_1_G-300x200.jpg\" alt=\"\" width=\"300\" height=\"200\" srcset=\"https:\/\/www.pr-neu.de\/newsroom\/wordpress\/wp-content\/uploads\/2024\/01\/24_01_BAZ_1_G-300x200.jpg 300w, https:\/\/www.pr-neu.de\/newsroom\/wordpress\/wp-content\/uploads\/2024\/01\/24_01_BAZ_1_G-1024x683.jpg 1024w, https:\/\/www.pr-neu.de\/newsroom\/wordpress\/wp-content\/uploads\/2024\/01\/24_01_BAZ_1_G-768x512.jpg 768w, https:\/\/www.pr-neu.de\/newsroom\/wordpress\/wp-content\/uploads\/2024\/01\/24_01_BAZ_1_G-1536x1024.jpg 1536w, https:\/\/www.pr-neu.de\/newsroom\/wordpress\/wp-content\/uploads\/2024\/01\/24_01_BAZ_1_G-2048x1366.jpg 2048w, https:\/\/www.pr-neu.de\/newsroom\/wordpress\/wp-content\/uploads\/2024\/01\/24_01_BAZ_1_G-110x73.jpg 110w, https:\/\/www.pr-neu.de\/newsroom\/wordpress\/wp-content\/uploads\/2024\/01\/24_01_BAZ_1_G-420x280.jpg 420w, https:\/\/www.pr-neu.de\/newsroom\/wordpress\/wp-content\/uploads\/2024\/01\/24_01_BAZ_1_G-645x430.jpg 645w\" sizes=\"auto, (max-width: 300px) 100vw, 300px\" \/><\/a><\/p>\n<p style=\"text-align: center;\">Das Projektteam von Verotec freut sich \u00fcber die offizielle Inbetriebnahme des Bearbeitungszentrums, mit dem nun Fr\u00e4sarbeiten f\u00fcr StoDeco Profile schnell und CNC-gesteuert produziert werden: Gerhard Datismann, Betriebsleiter; Roland Poetsch, Leiter Verfahrens- und Anlagentechnik, Dirk Franz, Gesch\u00e4ftsf\u00fchrer, Rafal Biernaki, Anlagenf\u00fchrer; Harald Rehme, Bereichsmeister, Timo Kr\u00e4mer, Projektleiter VAT (v.l.).<\/p>\n<p style=\"text-align: center;\">Bild: Verotec<\/p>\n<p>&nbsp;<\/p>\n<p style=\"text-align: center;\"><a href=\"http:\/\/www.pr-neu.de\/newsroom\/wordpress\/wp-content\/uploads\/2024\/01\/24_01_BAZ_2_G-scaled.jpg\" target=\"_blank\" rel=\"noopener\"><img loading=\"lazy\" decoding=\"async\" class=\"alignnone wp-image-16468 size-medium\" src=\"http:\/\/www.pr-neu.de\/newsroom\/wordpress\/wp-content\/uploads\/2024\/01\/24_01_BAZ_2_G-300x200.jpg\" alt=\"\" width=\"300\" height=\"200\" srcset=\"https:\/\/www.pr-neu.de\/newsroom\/wordpress\/wp-content\/uploads\/2024\/01\/24_01_BAZ_2_G-300x200.jpg 300w, https:\/\/www.pr-neu.de\/newsroom\/wordpress\/wp-content\/uploads\/2024\/01\/24_01_BAZ_2_G-1024x683.jpg 1024w, https:\/\/www.pr-neu.de\/newsroom\/wordpress\/wp-content\/uploads\/2024\/01\/24_01_BAZ_2_G-768x512.jpg 768w, https:\/\/www.pr-neu.de\/newsroom\/wordpress\/wp-content\/uploads\/2024\/01\/24_01_BAZ_2_G-1536x1024.jpg 1536w, https:\/\/www.pr-neu.de\/newsroom\/wordpress\/wp-content\/uploads\/2024\/01\/24_01_BAZ_2_G-2048x1365.jpg 2048w, https:\/\/www.pr-neu.de\/newsroom\/wordpress\/wp-content\/uploads\/2024\/01\/24_01_BAZ_2_G-110x73.jpg 110w, https:\/\/www.pr-neu.de\/newsroom\/wordpress\/wp-content\/uploads\/2024\/01\/24_01_BAZ_2_G-420x280.jpg 420w, https:\/\/www.pr-neu.de\/newsroom\/wordpress\/wp-content\/uploads\/2024\/01\/24_01_BAZ_2_G-645x430.jpg 645w\" sizes=\"auto, (max-width: 300px) 100vw, 300px\" \/><\/a><\/p>\n<p style=\"text-align: center;\">\u201eInvestitionen sichern den Fortbestand eines Unternehmens \u2013 auch wenn die gesamtwirtschaftliche Lage angespannt ist. Mit dem neuen Bearbeitungszentrum verbessern wir unser Service-Angebot, das ist auch in der aktuellen Lage ein Vorteil f\u00fcr unsere Auftraggeber\u201c, sagte Verotec-Chef Dirk Franz zur offiziellen Inbetriebnahme der Anlage im Januar 2024. Hier pr\u00e4sentiert er das erste Testst\u00fcck \u2013 ein gefr\u00e4stes Firmenlogo<\/p>\n<p style=\"text-align: center;\">Bild: Verotec<\/p>\n<p>&nbsp;<\/p>\n<hr \/>\n<p>Abdruck honorarfrei, Belegexemplar erbeten<\/p>\n","protected":false},"excerpt":{"rendered":"<p>Anfang Januar startete Verotec das neue Bearbeitungszentrum f\u00fcr 3D-Fassadenelemente \u2013 eine CNC-gesteuerte Fr\u00e4smaschine mit zwei Arbeitsfl\u00e4chen f\u00fcr die Produktion von Sonderprofilen mit StoDeco-Profilen.<\/p>\n","protected":false},"author":9,"featured_media":16467,"comment_status":"closed","ping_status":"open","sticky":false,"template":"","format":"standard","meta":{"footnotes":""},"categories":[22],"tags":[2800,2798,187,2175,283,2017,2075,2802,2163],"class_list":["post-16466","post","type-post","status-publish","format-standard","has-post-thumbnail","hentry","category-verotec","tag-3d","tag-bearbeitungszentrum","tag-fassade","tag-innenausbau","tag-innenraum","tag-renovieren","tag-sanieren","tag-stodeco","tag-verotec"],"_links":{"self":[{"href":"https:\/\/www.pr-neu.de\/newsroom\/wp-json\/wp\/v2\/posts\/16466","targetHints":{"allow":["GET"]}}],"collection":[{"href":"https:\/\/www.pr-neu.de\/newsroom\/wp-json\/wp\/v2\/posts"}],"about":[{"href":"https:\/\/www.pr-neu.de\/newsroom\/wp-json\/wp\/v2\/types\/post"}],"author":[{"embeddable":true,"href":"https:\/\/www.pr-neu.de\/newsroom\/wp-json\/wp\/v2\/users\/9"}],"replies":[{"embeddable":true,"href":"https:\/\/www.pr-neu.de\/newsroom\/wp-json\/wp\/v2\/comments?post=16466"}],"version-history":[{"count":3,"href":"https:\/\/www.pr-neu.de\/newsroom\/wp-json\/wp\/v2\/posts\/16466\/revisions"}],"predecessor-version":[{"id":16471,"href":"https:\/\/www.pr-neu.de\/newsroom\/wp-json\/wp\/v2\/posts\/16466\/revisions\/16471"}],"wp:featuredmedia":[{"embeddable":true,"href":"https:\/\/www.pr-neu.de\/newsroom\/wp-json\/wp\/v2\/media\/16467"}],"wp:attachment":[{"href":"https:\/\/www.pr-neu.de\/newsroom\/wp-json\/wp\/v2\/media?parent=16466"}],"wp:term":[{"taxonomy":"category","embeddable":true,"href":"https:\/\/www.pr-neu.de\/newsroom\/wp-json\/wp\/v2\/categories?post=16466"},{"taxonomy":"post_tag","embeddable":true,"href":"https:\/\/www.pr-neu.de\/newsroom\/wp-json\/wp\/v2\/tags?post=16466"}],"curies":[{"name":"wp","href":"https:\/\/api.w.org\/{rel}","templated":true}]}}