{"id":16455,"date":"2024-01-11T13:31:09","date_gmt":"2024-01-11T12:31:09","guid":{"rendered":"https:\/\/www.pr-neu.de\/newsroom\/?p=16455"},"modified":"2024-01-11T13:31:27","modified_gmt":"2024-01-11T12:31:27","slug":"gesucht-das-haesslichste-garagentor-deutschlands","status":"publish","type":"post","link":"https:\/\/www.pr-neu.de\/newsroom\/gesucht-das-haesslichste-garagentor-deutschlands\/","title":{"rendered":"Gesucht: Das h\u00e4sslichste Garagentor Deutschlands"},"content":{"rendered":"<p><u>Teckentrup-Aktion<\/u><\/p>\n<p><strong>Das h\u00e4sslichste Garagentor Deutschlands \u2013 muss raus: Gemeinsam mit der Redaktion der Bauherren-Zeitschrift \u201eRenovieren\u201c und seinen Partnern aus Handwerk und Handel sucht Teckentrup dieses marode Tor, um es dann kostenfrei zu ersetzen. Zum neuen CarTeck-Garagentor geh\u00f6rt auch die fachm\u00e4nnische Montage, die Aktion wird professionell von der Kamera begleitet. Verarbeiter-Betriebe k\u00f6nnen die Aktion f\u00fcr das eigene Marketing nutzen, bis zum 31. M\u00e4rz l\u00e4uft die Bewerbungsfrist.<\/strong><\/p>\n<p>Beim Gewinnspiel des Garagentorherstellers Teckentrup (Verl) k\u00f6nnen Garageneigent\u00fcmer mit etwas Gl\u00fcck ein neues Sektionaltor gewinnen. In Kooperation mit Bauhelden Media und den Teckentrup CarTeck-Partnern ruft das Unternehmen die Besitzer dazu auf, sich schnell und einfach von ihrem alten, heute unansehnlichen Tor zu verabschieden. Die Aktion l\u00e4uft unter dem Motto \u201eDeutschlands h\u00e4sslichstes Garagentor\u201c. F\u00fcr die Teilnehmer ist es simpel: Bis zum 31. M\u00e4rz 2024 Fotos des unattraktiven Garagentors hochladen und kurz erkl\u00e4ren, warum gerade ihr Tor dringend einer Verj\u00fcngungskur bedarf. Der- oder diejenige mit dem h\u00e4sslichsten Garagentor erh\u00e4lt ein ma\u00dfgefertigtes CarTeck-Sektionaltor.<\/p>\n<p>\u201eK\u00fcren\u201c wird das h\u00e4sslichste Garagentor eine unabh\u00e4ngige Jury. Der Austausch wird redaktionell begleitet und in einem Video dokumentiert, die Reportage erscheint zun\u00e4chst in der Zeitschrift \u201erenovieren\u201c. Aber auch wenn man nicht der Besitzer des h\u00e4sslichsten Garagentores Deutschlands sein sollte, lohnt sich die Teilnahme. Unter allen Teilnehmer werden zwei weitere Wunsch-CarTeck-Sektionaltore inklusive Einbau verlost.<\/p>\n<p>F\u00fcr die CarTeck-Partner stellt Teckentrup Marketingmaterial (Flyer, Social-Media-Vorlagen etc.) bereit. So kann jeder Partner die Aktion f\u00fcr sein regionales Marketing nutzen. \u201eMit der Aktion wollen wir in Zeiten schw\u00e4chelnder Privatnachfrage unseren Partnern einen aufmerksamkeitsstarken Aufh\u00e4nger bieten, um unsere Produkte ins Gespr\u00e4ch zu bringen. F\u00fcr den Partnerbetrieb, der den Einbau des Gewinner-Tores \u00fcbernimmt, gibt es zudem eine auf ihn zugeschnittenen Video-Reportage\u201c, erkl\u00e4rt Uwe G\u00f6tze, Marketingchef von Teckentrup.<\/p>\n<p>Zur Teilnahme und weiteren Informationen gelangt man einfach \u00fcber www.renovieren.de\/gewinnspiel.<\/p>\n<p>&nbsp;<\/p>\n<hr \/>\n<p>&nbsp;<\/p>\n<p><a href=\"http:\/\/www.pr-neu.de\/newsroom\/wordpress\/wp-content\/uploads\/2024\/01\/24_01_haesslTore.jpg\" target=\"_blank\" rel=\"noopener\"><img loading=\"lazy\" decoding=\"async\" class=\"aligncenter wp-image-16456 size-medium\" src=\"http:\/\/www.pr-neu.de\/newsroom\/wordpress\/wp-content\/uploads\/2024\/01\/24_01_haesslTore-300x276.jpg\" alt=\"\" width=\"300\" height=\"276\" srcset=\"https:\/\/www.pr-neu.de\/newsroom\/wordpress\/wp-content\/uploads\/2024\/01\/24_01_haesslTore-300x276.jpg 300w, https:\/\/www.pr-neu.de\/newsroom\/wordpress\/wp-content\/uploads\/2024\/01\/24_01_haesslTore-1024x943.jpg 1024w, https:\/\/www.pr-neu.de\/newsroom\/wordpress\/wp-content\/uploads\/2024\/01\/24_01_haesslTore-768x707.jpg 768w, https:\/\/www.pr-neu.de\/newsroom\/wordpress\/wp-content\/uploads\/2024\/01\/24_01_haesslTore-110x101.jpg 110w, https:\/\/www.pr-neu.de\/newsroom\/wordpress\/wp-content\/uploads\/2024\/01\/24_01_haesslTore-420x387.jpg 420w, https:\/\/www.pr-neu.de\/newsroom\/wordpress\/wp-content\/uploads\/2024\/01\/24_01_haesslTore-467x430.jpg 467w, https:\/\/www.pr-neu.de\/newsroom\/wordpress\/wp-content\/uploads\/2024\/01\/24_01_haesslTore.jpg 1500w\" sizes=\"auto, (max-width: 300px) 100vw, 300px\" \/><\/a><\/p>\n<p style=\"text-align: center;\">Wer ein solches Tor hat \u2013 oder ein noch h\u00e4sslicheres \u2013, hat gute Chancen, bei der Teckentrup-Aktion ein neues zu gewinnen. Der Einbau wird dann professionell begleitet mit Bildern und Video \u2013 auch f\u00fcr den ausf\u00fchrenden Betrieb.<\/p>\n<p style=\"text-align: center;\">Bild: iStock \/ Teckentrup<\/p>\n<p>&nbsp;<\/p>\n<hr \/>\n<p>&nbsp;<\/p>\n<p>Abdruck honorarfrei, Belegexemplar erbeten<\/p>\n","protected":false},"excerpt":{"rendered":"<p>Teckentrup-Aktion Das h\u00e4sslichste Garagentor Deutschlands \u2013 muss raus: Gemeinsam mit der Redaktion der Bauherren-Zeitschrift \u201eRenovieren\u201c und seinen Partnern aus Handwerk und Handel sucht Teckentrup dieses marode Tor, um es dann kostenfrei zu ersetzen. Zum neuen CarTeck-Garagentor geh\u00f6rt auch die fachm\u00e4nnische Montage, die Aktion wird professionell von der Kamera begleitet. Verarbeiter-Betriebe k\u00f6nnen die Aktion f\u00fcr das [&hellip;]<\/p>\n","protected":false},"author":9,"featured_media":16456,"comment_status":"closed","ping_status":"open","sticky":false,"template":"","format":"standard","meta":{"footnotes":""},"categories":[18],"tags":[],"class_list":["post-16455","post","type-post","status-publish","format-standard","has-post-thumbnail","hentry","category-teckentrup"],"_links":{"self":[{"href":"https:\/\/www.pr-neu.de\/newsroom\/wp-json\/wp\/v2\/posts\/16455","targetHints":{"allow":["GET"]}}],"collection":[{"href":"https:\/\/www.pr-neu.de\/newsroom\/wp-json\/wp\/v2\/posts"}],"about":[{"href":"https:\/\/www.pr-neu.de\/newsroom\/wp-json\/wp\/v2\/types\/post"}],"author":[{"embeddable":true,"href":"https:\/\/www.pr-neu.de\/newsroom\/wp-json\/wp\/v2\/users\/9"}],"replies":[{"embeddable":true,"href":"https:\/\/www.pr-neu.de\/newsroom\/wp-json\/wp\/v2\/comments?post=16455"}],"version-history":[{"count":2,"href":"https:\/\/www.pr-neu.de\/newsroom\/wp-json\/wp\/v2\/posts\/16455\/revisions"}],"predecessor-version":[{"id":16458,"href":"https:\/\/www.pr-neu.de\/newsroom\/wp-json\/wp\/v2\/posts\/16455\/revisions\/16458"}],"wp:featuredmedia":[{"embeddable":true,"href":"https:\/\/www.pr-neu.de\/newsroom\/wp-json\/wp\/v2\/media\/16456"}],"wp:attachment":[{"href":"https:\/\/www.pr-neu.de\/newsroom\/wp-json\/wp\/v2\/media?parent=16455"}],"wp:term":[{"taxonomy":"category","embeddable":true,"href":"https:\/\/www.pr-neu.de\/newsroom\/wp-json\/wp\/v2\/categories?post=16455"},{"taxonomy":"post_tag","embeddable":true,"href":"https:\/\/www.pr-neu.de\/newsroom\/wp-json\/wp\/v2\/tags?post=16455"}],"curies":[{"name":"wp","href":"https:\/\/api.w.org\/{rel}","templated":true}]}}