{"id":16450,"date":"2024-01-10T08:00:24","date_gmt":"2024-01-10T07:00:24","guid":{"rendered":"https:\/\/www.pr-neu.de\/newsroom\/?p=16450"},"modified":"2024-01-09T15:37:27","modified_gmt":"2024-01-09T14:37:27","slug":"industrie-look-fuer-seidensticker","status":"publish","type":"post","link":"https:\/\/www.pr-neu.de\/newsroom\/industrie-look-fuer-seidensticker\/","title":{"rendered":"Industrie-Look f\u00fcr Seidensticker"},"content":{"rendered":"<p><u>Bodenbeschichtung f\u00fcr Outlet-Store in Bielefeld<\/u><\/p>\n<p><strong>Das Traditionsunternehmen Seidensticker hat seine Verwaltung und einen Outlet-Store im ehemaligen Bielefelder Anker-Werk II er\u00f6ffnet \u2013 ganz in der N\u00e4he des bisherigen Stammsitzes. Um die Industrieoptik des Geb\u00e4udekomplexes hervorzuheben, entschied sich der Bauherr, den Betonboden in beiden Trakten farblos zu \u00fcberarbeiten \u2013 eine Sonderl\u00f6sung von StoCretec.<\/strong><\/p>\n<p>Der Bauherr wollte die typische Industrieoptik in allen Geb\u00e4udeteilen erhalten, so auch den Sichtbetonuntergrund. Um ihn dauerhaft best\u00e4ndig f\u00fcr den Verkaufsraum und die Verwaltung zu bekommen, wurde er farblos \u00fcberarbeitet: Die Optik bleibt, die Anforderungen an eine intensiv beanspruchte Oberfl\u00e4che werden erf\u00fcllt. 8.000 Quadratmeter Fl\u00e4che wurden geschliffen, grundiert und abschlie\u00dfend mit der transparenten Versiegelung StoCryl BF 755 versehen \u2013 eine Sonderl\u00f6sung. Es entstand eine matt-transparente Oberfl\u00e4che mit individuellem industriellen \u201eUsed-Look\u201c.<\/p>\n<p>StoCryl BF 755 ist verarbeitungsfertig. Es l\u00e4sst sich aufrollen oder streichen und trocknet schnell. Bereits nach acht Stunden ist der Polyurethan-Hybrid \u00fcberarbeitbar. Seine vollst\u00e4ndige mechanische Belastbarkeit erreicht das Material nach etwa sieben Tagen.<br \/>\nDer Boden ist emissionsarm (gem\u00e4\u00df AgBB), die Oberfl\u00e4che mechanisch gut best\u00e4ndig und hervorragend zu reinigen. Damit eignet sich die Versiegelung f\u00fcr begehbare Fl\u00e4chen mit geringer bis mittlerer mechanischer Belastung wie Treppen, Keller, Verkaufs- und Ausstellungsr\u00e4ume.<\/p>\n<p>Seidensticker hat so den Industriecharakter erhalten und damit auch das Ziel erreicht, am neuen Standort Tradition und Moderne zu vereinen. Der Outlet-Store beeindruckt durch sein weitr\u00e4umiges Angebot, die Arbeits- und Aufenthaltsr\u00e4ume auf f\u00fcnf Etagen erhielten ein Konzept mit Top-Ausstattung und Wohlf\u00fchlambiente.<\/p>\n<p>&nbsp;<\/p>\n<hr \/>\n<p>&nbsp;<\/p>\n<p><strong>Bautafel: Bodenbeschichtung in Verkauf und Verwaltung<\/strong><\/p>\n<p>Objekt: \u00a0\u00a0\u00a0\u00a0\u00a0\u00a0\u00a0\u00a0\u00a0\u00a0\u00a0\u00a0 Outlet-Store und Verwaltungsgeb\u00e4ude<br \/>\nBauherr: \u00a0\u00a0\u00a0\u00a0\u00a0 \u00a0\u00a0\u00a0 Textilkontor Walter Seidensticker, Bielefeld<br \/>\nVerarbeiter: \u00a0\u00a0\u00a0 Karl Kley Malermeister, Bielefeld<br \/>\nAusf\u00fchrung: \u00a0 8\/2023<\/p>\n<p>StoCretec-Kompetenz: Versiegelung StoCryl BF 755<\/p>\n<p>&nbsp;<\/p>\n<hr \/>\n<p>&nbsp;<\/p>\n<p>&nbsp;<\/p>\n<p><a href=\"http:\/\/www.pr-neu.de\/newsroom\/wordpress\/wp-content\/uploads\/2024\/01\/24-01_Seidensticker_Verwaltung_K.jpg\" target=\"_blank\" rel=\"noopener\"><img loading=\"lazy\" decoding=\"async\" class=\"aligncenter wp-image-16452 size-medium\" src=\"http:\/\/www.pr-neu.de\/newsroom\/wordpress\/wp-content\/uploads\/2024\/01\/24-01_Seidensticker_Verwaltung_K-300x200.jpg\" alt=\"\" width=\"300\" height=\"200\" srcset=\"https:\/\/www.pr-neu.de\/newsroom\/wordpress\/wp-content\/uploads\/2024\/01\/24-01_Seidensticker_Verwaltung_K-300x200.jpg 300w, https:\/\/www.pr-neu.de\/newsroom\/wordpress\/wp-content\/uploads\/2024\/01\/24-01_Seidensticker_Verwaltung_K-1024x683.jpg 1024w, https:\/\/www.pr-neu.de\/newsroom\/wordpress\/wp-content\/uploads\/2024\/01\/24-01_Seidensticker_Verwaltung_K-768x512.jpg 768w, https:\/\/www.pr-neu.de\/newsroom\/wordpress\/wp-content\/uploads\/2024\/01\/24-01_Seidensticker_Verwaltung_K-1536x1025.jpg 1536w, https:\/\/www.pr-neu.de\/newsroom\/wordpress\/wp-content\/uploads\/2024\/01\/24-01_Seidensticker_Verwaltung_K-2048x1366.jpg 2048w, https:\/\/www.pr-neu.de\/newsroom\/wordpress\/wp-content\/uploads\/2024\/01\/24-01_Seidensticker_Verwaltung_K-110x73.jpg 110w, https:\/\/www.pr-neu.de\/newsroom\/wordpress\/wp-content\/uploads\/2024\/01\/24-01_Seidensticker_Verwaltung_K-420x280.jpg 420w, https:\/\/www.pr-neu.de\/newsroom\/wordpress\/wp-content\/uploads\/2024\/01\/24-01_Seidensticker_Verwaltung_K-645x430.jpg 645w\" sizes=\"auto, (max-width: 300px) 100vw, 300px\" \/><\/a><\/p>\n<p style=\"text-align: center;\">Das Traditionsunternehmen Seidensticker hat seine Verwaltung und einen Outlet-Store im ehemaligen Bielefelder Anker-Werk II er\u00f6ffnet.<\/p>\n<p>&nbsp;<\/p>\n<p><a href=\"http:\/\/www.pr-neu.de\/newsroom\/wordpress\/wp-content\/uploads\/2024\/01\/24-01_Seidensticker_Outlet_Store_K.jpg\" target=\"_blank\" rel=\"noopener\"><img loading=\"lazy\" decoding=\"async\" class=\"aligncenter wp-image-16451 size-medium\" src=\"http:\/\/www.pr-neu.de\/newsroom\/wordpress\/wp-content\/uploads\/2024\/01\/24-01_Seidensticker_Outlet_Store_K-300x225.jpg\" alt=\"\" width=\"300\" height=\"225\" srcset=\"https:\/\/www.pr-neu.de\/newsroom\/wordpress\/wp-content\/uploads\/2024\/01\/24-01_Seidensticker_Outlet_Store_K-300x225.jpg 300w, https:\/\/www.pr-neu.de\/newsroom\/wordpress\/wp-content\/uploads\/2024\/01\/24-01_Seidensticker_Outlet_Store_K-1024x768.jpg 1024w, https:\/\/www.pr-neu.de\/newsroom\/wordpress\/wp-content\/uploads\/2024\/01\/24-01_Seidensticker_Outlet_Store_K-768x576.jpg 768w, https:\/\/www.pr-neu.de\/newsroom\/wordpress\/wp-content\/uploads\/2024\/01\/24-01_Seidensticker_Outlet_Store_K-1536x1152.jpg 1536w, https:\/\/www.pr-neu.de\/newsroom\/wordpress\/wp-content\/uploads\/2024\/01\/24-01_Seidensticker_Outlet_Store_K-2048x1536.jpg 2048w, https:\/\/www.pr-neu.de\/newsroom\/wordpress\/wp-content\/uploads\/2024\/01\/24-01_Seidensticker_Outlet_Store_K-110x83.jpg 110w, https:\/\/www.pr-neu.de\/newsroom\/wordpress\/wp-content\/uploads\/2024\/01\/24-01_Seidensticker_Outlet_Store_K-420x315.jpg 420w, https:\/\/www.pr-neu.de\/newsroom\/wordpress\/wp-content\/uploads\/2024\/01\/24-01_Seidensticker_Outlet_Store_K-573x430.jpg 573w\" sizes=\"auto, (max-width: 300px) 100vw, 300px\" \/><\/a><\/p>\n<p style=\"text-align: center;\">Um die Industrieoptik des Geb\u00e4udekomplexes zu wahren, entschied sich der Bauherr, den Betonuntergrund von Outlet Store und Verwaltung farblos zu \u00fcberarbeiten \u2013 versiegelt mit StoCryl BF 755.<\/p>\n<p style=\"text-align: center;\">Bilder: Seidensticker\/StoCretec<\/p>\n<p>&nbsp;<\/p>\n<hr \/>\n<p>&nbsp;<\/p>\n<p>Abdruck honorarfrei, Belegexemplar erbeten<\/p>\n","protected":false},"excerpt":{"rendered":"<p>Bodenbeschichtung f\u00fcr Outlet-Store in Bielefeld Das Traditionsunternehmen Seidensticker hat seine Verwaltung und einen Outlet-Store im ehemaligen Bielefelder Anker-Werk II er\u00f6ffnet \u2013 ganz in der N\u00e4he des bisherigen Stammsitzes. Um die Industrieoptik des Geb\u00e4udekomplexes hervorzuheben, entschied sich der Bauherr, den Betonboden in beiden Trakten farblos zu \u00fcberarbeiten \u2013 eine Sonderl\u00f6sung von StoCretec. Der Bauherr wollte die [&hellip;]<\/p>\n","protected":false},"author":9,"featured_media":16452,"comment_status":"closed","ping_status":"open","sticky":false,"template":"","format":"standard","meta":{"footnotes":""},"categories":[16],"tags":[1773,92,99,516,2796,2290,2794],"class_list":["post-16450","post","type-post","status-publish","format-standard","has-post-thumbnail","hentry","category-stocretec","tag-boden","tag-bodenbeschichtung","tag-buro","tag-stocretec","tag-store","tag-versiegelung","tag-verwaltung"],"_links":{"self":[{"href":"https:\/\/www.pr-neu.de\/newsroom\/wp-json\/wp\/v2\/posts\/16450","targetHints":{"allow":["GET"]}}],"collection":[{"href":"https:\/\/www.pr-neu.de\/newsroom\/wp-json\/wp\/v2\/posts"}],"about":[{"href":"https:\/\/www.pr-neu.de\/newsroom\/wp-json\/wp\/v2\/types\/post"}],"author":[{"embeddable":true,"href":"https:\/\/www.pr-neu.de\/newsroom\/wp-json\/wp\/v2\/users\/9"}],"replies":[{"embeddable":true,"href":"https:\/\/www.pr-neu.de\/newsroom\/wp-json\/wp\/v2\/comments?post=16450"}],"version-history":[{"count":2,"href":"https:\/\/www.pr-neu.de\/newsroom\/wp-json\/wp\/v2\/posts\/16450\/revisions"}],"predecessor-version":[{"id":16454,"href":"https:\/\/www.pr-neu.de\/newsroom\/wp-json\/wp\/v2\/posts\/16450\/revisions\/16454"}],"wp:featuredmedia":[{"embeddable":true,"href":"https:\/\/www.pr-neu.de\/newsroom\/wp-json\/wp\/v2\/media\/16452"}],"wp:attachment":[{"href":"https:\/\/www.pr-neu.de\/newsroom\/wp-json\/wp\/v2\/media?parent=16450"}],"wp:term":[{"taxonomy":"category","embeddable":true,"href":"https:\/\/www.pr-neu.de\/newsroom\/wp-json\/wp\/v2\/categories?post=16450"},{"taxonomy":"post_tag","embeddable":true,"href":"https:\/\/www.pr-neu.de\/newsroom\/wp-json\/wp\/v2\/tags?post=16450"}],"curies":[{"name":"wp","href":"https:\/\/api.w.org\/{rel}","templated":true}]}}