{"id":16445,"date":"2024-01-09T10:04:27","date_gmt":"2024-01-09T09:04:27","guid":{"rendered":"https:\/\/www.pr-neu.de\/newsroom\/?p=16445"},"modified":"2024-01-09T10:22:23","modified_gmt":"2024-01-09T09:22:23","slug":"sto-bleibt-weltmarktfuehrer-wdvs","status":"publish","type":"post","link":"https:\/\/www.pr-neu.de\/newsroom\/sto-bleibt-weltmarktfuehrer-wdvs\/","title":{"rendered":"Sto bleibt Weltmarktf\u00fchrer WDVS"},"content":{"rendered":"<p><strong>Nach Analyse der \u201eWirtschaftswoche\u201c bleibt die Sto SE &amp; Co. KGaA Weltmarktf\u00fchrer f\u00fcr W\u00e4rmed\u00e4mm-Verbund\u00adsysteme. Damit verteidigt das St\u00fchlinger Unternehmen seine globale Spitzenposition.<\/strong><\/p>\n<p>Die \u201eWirtschaftswoche\u201c zeichnet j\u00e4hrlich mittelst\u00e4ndische Welt\u00admarktf\u00fchrer aus. Diese Unternehmen vereinen eine Reihe positiver Eigenschaften: Sie besetzen wachstumsstarke Markt\u00adfelder, investieren in Innovation und agieren international, achten auf eine solide Finanzstruktur und entwickeln ihre Marke mit Strahlkraft. Viele dieser Firmen sind Familienunternehmen. Jetzt zeichnete die Wirtschaftszeitschrift die Weltmarktf\u00fchrer 2024 aus. Die Voraussetzungen, um f\u00fcr diesen Titel infrage zu kommen: H\u00f6chster oder zweith\u00f6chster Marktanteil, Jahresumsatz mehr als 50 Millionen Euro, davon die H\u00e4lfte im Ausland erwirtschaftet auf mindestens drei Kontinenten. \u201eDie erneute Auszeichnung zeigt, dass wir weitsichtig agiert und die Krise gut bew\u00e4ltigt haben\u201c, sagt Sto-Vorstandsvorsitzender Rainer H\u00fcttenberger. \u201eWir haben bei unserem ertragsorientierten Wachstumskurs auf weitere Internationalisierung, Forschung und Entwicklung und auf Nachhaltigkeit gesetzt. Diesen Weg tragen alle bei Sto mit. Durch das Engagement unserer rund 5.900 Mitarbeitenden ist der Erfolg m\u00f6glich geworden.\u201c<\/p>\n<p>&nbsp;<\/p>\n<hr \/>\n<p>&nbsp;<\/p>\n<p><a href=\"http:\/\/www.pr-neu.de\/newsroom\/wordpress\/wp-content\/uploads\/2024\/01\/23_46_WiWo_Weltmarktfuehrer_K.jpg\" target=\"_blank\" rel=\"noopener\"><img loading=\"lazy\" decoding=\"async\" class=\"aligncenter wp-image-16447 size-medium\" src=\"http:\/\/www.pr-neu.de\/newsroom\/wordpress\/wp-content\/uploads\/2024\/01\/23_46_WiWo_Weltmarktfuehrer_K-178x300.jpg\" alt=\"\" width=\"178\" height=\"300\" srcset=\"https:\/\/www.pr-neu.de\/newsroom\/wordpress\/wp-content\/uploads\/2024\/01\/23_46_WiWo_Weltmarktfuehrer_K-178x300.jpg 178w, https:\/\/www.pr-neu.de\/newsroom\/wordpress\/wp-content\/uploads\/2024\/01\/23_46_WiWo_Weltmarktfuehrer_K-65x110.jpg 65w, https:\/\/www.pr-neu.de\/newsroom\/wordpress\/wp-content\/uploads\/2024\/01\/23_46_WiWo_Weltmarktfuehrer_K-250x420.jpg 250w, https:\/\/www.pr-neu.de\/newsroom\/wordpress\/wp-content\/uploads\/2024\/01\/23_46_WiWo_Weltmarktfuehrer_K-256x430.jpg 256w, https:\/\/www.pr-neu.de\/newsroom\/wordpress\/wp-content\/uploads\/2024\/01\/23_46_WiWo_Weltmarktfuehrer_K.jpg 425w\" sizes=\"auto, (max-width: 178px) 100vw, 178px\" \/><\/a><\/p>\n<p style=\"text-align: center;\">Sto bleibt Weltmarktf\u00fchrer im Segment W\u00e4rmed\u00e4mm-Verbundsysteme: Die Wirtschaftswoche zeichnete den s\u00fcddeutschen Mittelst\u00e4ndler jetzt f\u00fcr das Jahr 2024 aus.<br \/>\nFoto: Wirtschaftswoche<\/p>\n<p>&nbsp;<\/p>\n<p><a href=\"http:\/\/www.pr-neu.de\/newsroom\/wordpress\/wp-content\/uploads\/2024\/01\/23_46_Fassadendaemmung_K.jpg\" target=\"_blank\" rel=\"noopener\"><img loading=\"lazy\" decoding=\"async\" class=\"aligncenter wp-image-16446 size-medium\" src=\"http:\/\/www.pr-neu.de\/newsroom\/wordpress\/wp-content\/uploads\/2024\/01\/23_46_Fassadendaemmung_K-300x200.jpg\" alt=\"\" width=\"300\" height=\"200\" srcset=\"https:\/\/www.pr-neu.de\/newsroom\/wordpress\/wp-content\/uploads\/2024\/01\/23_46_Fassadendaemmung_K-300x200.jpg 300w, https:\/\/www.pr-neu.de\/newsroom\/wordpress\/wp-content\/uploads\/2024\/01\/23_46_Fassadendaemmung_K-1024x683.jpg 1024w, https:\/\/www.pr-neu.de\/newsroom\/wordpress\/wp-content\/uploads\/2024\/01\/23_46_Fassadendaemmung_K-768x512.jpg 768w, https:\/\/www.pr-neu.de\/newsroom\/wordpress\/wp-content\/uploads\/2024\/01\/23_46_Fassadendaemmung_K-1536x1025.jpg 1536w, https:\/\/www.pr-neu.de\/newsroom\/wordpress\/wp-content\/uploads\/2024\/01\/23_46_Fassadendaemmung_K-2048x1366.jpg 2048w, https:\/\/www.pr-neu.de\/newsroom\/wordpress\/wp-content\/uploads\/2024\/01\/23_46_Fassadendaemmung_K-110x73.jpg 110w, https:\/\/www.pr-neu.de\/newsroom\/wordpress\/wp-content\/uploads\/2024\/01\/23_46_Fassadendaemmung_K-420x280.jpg 420w, https:\/\/www.pr-neu.de\/newsroom\/wordpress\/wp-content\/uploads\/2024\/01\/23_46_Fassadendaemmung_K-645x430.jpg 645w\" sizes=\"auto, (max-width: 300px) 100vw, 300px\" \/><\/a><\/p>\n<p style=\"text-align: center;\">W\u00e4rmed\u00e4mm-Verbundsysteme tragen dazu bei, CO2-Emissionen zu senken.<br \/>\nFoto: Martin Baitinger \/ Sto SE &amp; Co. KGaA<\/p>\n<p>&nbsp;<\/p>\n<hr \/>\n<p>&nbsp;<\/p>\n<p>Abdruck honorarfrei, Belegexemplar erbeten<\/p>\n","protected":false},"excerpt":{"rendered":"<p>Nach Analyse der \u201eWirtschaftswoche\u201c bleibt die Sto SE &amp; Co. KGaA Weltmarktf\u00fchrer f\u00fcr W\u00e4rmed\u00e4mm-Verbund\u00adsysteme. Damit verteidigt das St\u00fchlinger Unternehmen seine globale Spitzenposition. Die \u201eWirtschaftswoche\u201c zeichnet j\u00e4hrlich mittelst\u00e4ndische Welt\u00admarktf\u00fchrer aus. Diese Unternehmen vereinen eine Reihe positiver Eigenschaften: Sie besetzen wachstumsstarke Markt\u00adfelder, investieren in Innovation und agieren international, achten auf eine solide Finanzstruktur und entwickeln ihre Marke [&hellip;]<\/p>\n","protected":false},"author":9,"featured_media":16446,"comment_status":"closed","ping_status":"open","sticky":false,"template":"","format":"standard","meta":{"footnotes":""},"categories":[15],"tags":[1759,504,1757,621,2428],"class_list":["post-16445","post","type-post","status-publish","format-standard","has-post-thumbnail","hentry","category-sto","tag-auszeichnung","tag-sto-2","tag-unternehmen","tag-warmedammung","tag-weltmarktfuehrer"],"_links":{"self":[{"href":"https:\/\/www.pr-neu.de\/newsroom\/wp-json\/wp\/v2\/posts\/16445","targetHints":{"allow":["GET"]}}],"collection":[{"href":"https:\/\/www.pr-neu.de\/newsroom\/wp-json\/wp\/v2\/posts"}],"about":[{"href":"https:\/\/www.pr-neu.de\/newsroom\/wp-json\/wp\/v2\/types\/post"}],"author":[{"embeddable":true,"href":"https:\/\/www.pr-neu.de\/newsroom\/wp-json\/wp\/v2\/users\/9"}],"replies":[{"embeddable":true,"href":"https:\/\/www.pr-neu.de\/newsroom\/wp-json\/wp\/v2\/comments?post=16445"}],"version-history":[{"count":2,"href":"https:\/\/www.pr-neu.de\/newsroom\/wp-json\/wp\/v2\/posts\/16445\/revisions"}],"predecessor-version":[{"id":16449,"href":"https:\/\/www.pr-neu.de\/newsroom\/wp-json\/wp\/v2\/posts\/16445\/revisions\/16449"}],"wp:featuredmedia":[{"embeddable":true,"href":"https:\/\/www.pr-neu.de\/newsroom\/wp-json\/wp\/v2\/media\/16446"}],"wp:attachment":[{"href":"https:\/\/www.pr-neu.de\/newsroom\/wp-json\/wp\/v2\/media?parent=16445"}],"wp:term":[{"taxonomy":"category","embeddable":true,"href":"https:\/\/www.pr-neu.de\/newsroom\/wp-json\/wp\/v2\/categories?post=16445"},{"taxonomy":"post_tag","embeddable":true,"href":"https:\/\/www.pr-neu.de\/newsroom\/wp-json\/wp\/v2\/tags?post=16445"}],"curies":[{"name":"wp","href":"https:\/\/api.w.org\/{rel}","templated":true}]}}