{"id":16414,"date":"2023-12-14T12:21:06","date_gmt":"2023-12-14T11:21:06","guid":{"rendered":"https:\/\/www.pr-neu.de\/newsroom\/?p=16414"},"modified":"2023-12-14T12:23:13","modified_gmt":"2023-12-14T11:23:13","slug":"14-meter-panorama-sommergarten","status":"publish","type":"post","link":"https:\/\/www.pr-neu.de\/newsroom\/14-meter-panorama-sommergarten\/","title":{"rendered":"14 Meter Panorama-Sommergarten"},"content":{"rendered":"<p><span style=\"text-decoration: underline;\"><br \/>\nGastronomie-\u00dcberdachung in Windlastzone 4<\/span><\/p>\n<p><strong>Vom Restaurant aus bei Wind und Wetter den Meerblick genie\u00dfen \u2013 in Bremerhaven entstand direkt am Strand eine robuste Glas\u00fcberdachung mit Panoramablick. Der Fachbetrieb Mahrenholz arbeitete bei der Umsetzung eng mit TS-Aluminium zusammen. Das Ergebnis ist ein optisch zum bestehenden Geb\u00e4ude passender Sommergarten mit 14 Metern Breite, der den Belastungen der Windlastzone 4 trotzt und sich an drei Seiten \u00f6ffnen l\u00e4sst.<\/strong><\/p>\n<p>Direkter Blick auf das Meer, gesch\u00fctzte und zu \u00f6ffnende Au\u00dfenfl\u00e4che, geringe Sichtbeeintr\u00e4chtigung \u2013 diese Anforderungen des Bauherrn erf\u00fcllt die neue \u00dcberdachung der Restaurantterrasse. Das Geb\u00e4ude des Konstruktionsb\u00fcros f\u00fcr hochwertige Segelyachten judel\/vrolijk &amp; co design + engineering GmbH steht direkt an der Einm\u00fcndung der Weser in die Nordsee. Ein Flachdach f\u00fcr die Terrasse des Restaurants \u201ePanorama\u201c im Erdgeschoss sch\u00fctzt die G\u00e4ste jetzt vor dem wechselhaften und st\u00fcrmischen Wetter an der Nordsee. Der moderne Sommergarten aus Aluminium passt zur kubischen Architektur des Geb\u00e4udes und erm\u00f6glicht durch gro\u00dfe Glaselemente, die sich an drei Seiten \u00f6ffnen lassen, den uneingeschr\u00e4nkten Blick auf das Wasser \u2013 ganz nach den W\u00fcnschen des Bauherrn. Das 14 Meter breite und 8,50 Meter tiefe freistehende Dach sticht unter dem Vorsprung einer Geb\u00e4udeecke heraus und ist in der Sohle mit dem Geb\u00e4ude verbunden.<\/p>\n<p><strong>Mehr Glas f\u00fcr eine bessere Aussicht<br \/>\n<\/strong>Bei der Umsetzung setzt der Montagebetrieb Mahrenholz GmbH &amp; Co. KG auf Profilsysteme von TS-Aluminium. \u201eWir arbeiten seit mehr als 25 Jahren mit TS-Aluminium zusammen. Die Partnerschaft l\u00e4uft hervorragend, wie auch bei diesem Objekt in Bremerhaven,\u201c fasst Lars Behrje, Gesch\u00e4ftsf\u00fchrer bei Mahrenholz, die Kooperation zusammen. Der Hersteller, Spezialist f\u00fcr Winterg\u00e4rten, Sommerg\u00e4rten und Terrassend\u00e4cher, unterst\u00fctzt den Verarbeiter bei der Statikberechnung f\u00fcr die gesamte Konstruktion gem\u00e4\u00df den Anforderungen der Windlastzone 4. \u201eBei der Planung und Montage steht TS-Aluminium uns stets beratend zur Seite. Mit unserem Au\u00dfendienst-Mitarbeiter haben wir einen Sommergarten nach den Anforderungen des Bauherrn umgesetzt. Der erste Entwurf sah mehr Aluminium-Rahmen vor. Auf Kundenwunsch haben wir diese f\u00fcr eine bessere Aussicht reduziert\u201c, erg\u00e4nzt Ralf Mahnken, Leiter des Projektes in Bremerhaven.<\/p>\n<p>Zus\u00e4tzlich zur Hauptstatik des Flachdachs kommt an der Eingangsseite die Serie 46 und an den Glasw\u00e4nden die Serie 16 von TS-Aluminium zum Einsatz. Auch die Scheiben m\u00fcssen den Windlasten standhalten: Der Montagebetrieb verbaut im Dach 12 Millimeter dickes Verbundsicherheitsglas. Die Schiebeelemente sind mit ESG Einscheibensicherheitsglas mit einer Dicke von 10 Millimetern ausgestattet. F\u00fcr die Aluminium Elemente f\u00e4llt die Wahl auf 10 Millimeter dickes VSG.<\/p>\n<p><strong>Sicherheitsglas per Hand montiert<br \/>\n<\/strong>Aufgrund der N\u00e4he zum Wasser gestaltet sich die Montage schwierig: Am Strand und auf dem Deich kann kein Kran f\u00fcr die Lasten der Aluminium-Elemente und Scheiben positioniert werden. Aus diesem Grund platzieren bis zu zehn Monteure beispielsweise die gro\u00dfen Sicherheitsscheiben h\u00e4ndisch \u2013 insgesamt umfassen die Glasfl\u00e4chen circa 90 Quadratmeter.<br \/>\nUm an sonnigen Tagen eine angenehme Verschattung zu schaffen, ist die Konstruktion mit einer Unterdach-Markise ausgestattet. Die drei Bahnen mit Breiten von vier bis f\u00fcnf Metern lassen sich unkompliziert per Fernbedienung steuern. Im Winter sorgen unter dem Dach angebrachte Heizstrahler f\u00fcr W\u00e4rme. F\u00fcr die Abendstunden sind innen dimmbare LED-Strahler unter dem Dach positioniert. Au\u00dfen l\u00e4dt eine Stripe-Beleuchtung in der Blende durch die ansprechende Optik zum Verweilen ein.<\/p>\n<p>&nbsp;<\/p>\n<hr \/>\n<p>&nbsp;<\/p>\n<p><strong>Bautafel<\/strong><\/p>\n<p>Bauherr: judel\/vrolijk &amp; co design + engineering GmbH<br \/>\nAdresse: Am Alten Vorhafen 8, 27568 Bremerhaven<br \/>\nPlanungsb\u00fcro: Berghorn Ingenieur- und Planungsgesellschaft mbH<br \/>\nMontagebetrieb: MAHRENHOLZ Bremerhaven GmbH &amp; Co. KG<br \/>\n<span style=\"text-decoration: underline;\"><br \/>\nTS-Aluminium Kompetenzen:<\/span><br \/>\nHauptstatik: Flachdach<br \/>\nEingangsseite: Serie 46<br \/>\nGlasw\u00e4nde: Serie 16<br \/>\nBeleuchtung: Stripe-Beleuchtung (au\u00dfen), dimmbare LED-Strahler (innen)<br \/>\nSonnenschutz: Dreiteilige Unterdach-Markise mit Fernbedienung<\/p>\n<p>&nbsp;<\/p>\n<hr \/>\n<p>&nbsp;<\/p>\n<p style=\"text-align: center;\"><img loading=\"lazy\" decoding=\"async\" class=\"size-medium wp-image-16415 aligncenter\" src=\"http:\/\/www.pr-neu.de\/newsroom\/wordpress\/wp-content\/uploads\/2023\/12\/23-15_Gesamtkomplex_K-300x200.jpg\" alt=\"\" width=\"300\" height=\"200\" srcset=\"https:\/\/www.pr-neu.de\/newsroom\/wordpress\/wp-content\/uploads\/2023\/12\/23-15_Gesamtkomplex_K-300x200.jpg 300w, https:\/\/www.pr-neu.de\/newsroom\/wordpress\/wp-content\/uploads\/2023\/12\/23-15_Gesamtkomplex_K-1024x682.jpg 1024w, https:\/\/www.pr-neu.de\/newsroom\/wordpress\/wp-content\/uploads\/2023\/12\/23-15_Gesamtkomplex_K-768x512.jpg 768w, https:\/\/www.pr-neu.de\/newsroom\/wordpress\/wp-content\/uploads\/2023\/12\/23-15_Gesamtkomplex_K-1536x1023.jpg 1536w, https:\/\/www.pr-neu.de\/newsroom\/wordpress\/wp-content\/uploads\/2023\/12\/23-15_Gesamtkomplex_K-2048x1364.jpg 2048w, https:\/\/www.pr-neu.de\/newsroom\/wordpress\/wp-content\/uploads\/2023\/12\/23-15_Gesamtkomplex_K-110x73.jpg 110w, https:\/\/www.pr-neu.de\/newsroom\/wordpress\/wp-content\/uploads\/2023\/12\/23-15_Gesamtkomplex_K-420x280.jpg 420w, https:\/\/www.pr-neu.de\/newsroom\/wordpress\/wp-content\/uploads\/2023\/12\/23-15_Gesamtkomplex_K-645x430.jpg 645w\" sizes=\"auto, (max-width: 300px) 100vw, 300px\" \/><br \/>\nDer moderne Sommergarten des Restaurants \u201ePanorama\u201c erg\u00e4nzt das kubische Geb\u00e4ude zu einem harmonischen Gesamtbild.<br \/>\nBild: TS-Aluminium-Profilsysteme GmbH &amp; Co. KG<\/p>\n<p>&nbsp;<\/p>\n<p style=\"text-align: center;\"><img loading=\"lazy\" decoding=\"async\" class=\"size-medium wp-image-16416 aligncenter\" src=\"http:\/\/www.pr-neu.de\/newsroom\/wordpress\/wp-content\/uploads\/2023\/12\/23-15_Terrasse_vorher_K-300x200.jpg\" alt=\"\" width=\"300\" height=\"200\" srcset=\"https:\/\/www.pr-neu.de\/newsroom\/wordpress\/wp-content\/uploads\/2023\/12\/23-15_Terrasse_vorher_K-300x200.jpg 300w, https:\/\/www.pr-neu.de\/newsroom\/wordpress\/wp-content\/uploads\/2023\/12\/23-15_Terrasse_vorher_K-1024x683.jpg 1024w, https:\/\/www.pr-neu.de\/newsroom\/wordpress\/wp-content\/uploads\/2023\/12\/23-15_Terrasse_vorher_K-768x512.jpg 768w, https:\/\/www.pr-neu.de\/newsroom\/wordpress\/wp-content\/uploads\/2023\/12\/23-15_Terrasse_vorher_K-1536x1024.jpg 1536w, https:\/\/www.pr-neu.de\/newsroom\/wordpress\/wp-content\/uploads\/2023\/12\/23-15_Terrasse_vorher_K-2048x1365.jpg 2048w, https:\/\/www.pr-neu.de\/newsroom\/wordpress\/wp-content\/uploads\/2023\/12\/23-15_Terrasse_vorher_K-110x73.jpg 110w, https:\/\/www.pr-neu.de\/newsroom\/wordpress\/wp-content\/uploads\/2023\/12\/23-15_Terrasse_vorher_K-420x280.jpg 420w, https:\/\/www.pr-neu.de\/newsroom\/wordpress\/wp-content\/uploads\/2023\/12\/23-15_Terrasse_vorher_K-645x430.jpg 645w\" sizes=\"auto, (max-width: 300px) 100vw, 300px\" \/><br \/>\nDie Restaurantterrasse soll auch bei schlechterem Wetter nutzbar sein.<br \/>\nBild: MAHRENHOLZ Bremerhaven GmbH &amp; Co. KG<\/p>\n<p>&nbsp;<\/p>\n<p style=\"text-align: center;\"><img loading=\"lazy\" decoding=\"async\" class=\"size-medium wp-image-16417 aligncenter\" src=\"http:\/\/www.pr-neu.de\/newsroom\/wordpress\/wp-content\/uploads\/2023\/12\/23-15_Montage_1_K-300x200.jpg\" alt=\"\" width=\"300\" height=\"200\" srcset=\"https:\/\/www.pr-neu.de\/newsroom\/wordpress\/wp-content\/uploads\/2023\/12\/23-15_Montage_1_K-300x200.jpg 300w, https:\/\/www.pr-neu.de\/newsroom\/wordpress\/wp-content\/uploads\/2023\/12\/23-15_Montage_1_K-1024x683.jpg 1024w, https:\/\/www.pr-neu.de\/newsroom\/wordpress\/wp-content\/uploads\/2023\/12\/23-15_Montage_1_K-768x512.jpg 768w, https:\/\/www.pr-neu.de\/newsroom\/wordpress\/wp-content\/uploads\/2023\/12\/23-15_Montage_1_K-1536x1024.jpg 1536w, https:\/\/www.pr-neu.de\/newsroom\/wordpress\/wp-content\/uploads\/2023\/12\/23-15_Montage_1_K-2048x1365.jpg 2048w, https:\/\/www.pr-neu.de\/newsroom\/wordpress\/wp-content\/uploads\/2023\/12\/23-15_Montage_1_K-110x73.jpg 110w, https:\/\/www.pr-neu.de\/newsroom\/wordpress\/wp-content\/uploads\/2023\/12\/23-15_Montage_1_K-420x280.jpg 420w, https:\/\/www.pr-neu.de\/newsroom\/wordpress\/wp-content\/uploads\/2023\/12\/23-15_Montage_1_K-645x430.jpg 645w\" sizes=\"auto, (max-width: 300px) 100vw, 300px\" \/><img loading=\"lazy\" decoding=\"async\" class=\"size-medium wp-image-16427 aligncenter\" src=\"http:\/\/www.pr-neu.de\/newsroom\/wordpress\/wp-content\/uploads\/2023\/12\/23-15_Montage_2_K-300x200.jpg\" alt=\"\" width=\"300\" height=\"200\" srcset=\"https:\/\/www.pr-neu.de\/newsroom\/wordpress\/wp-content\/uploads\/2023\/12\/23-15_Montage_2_K-300x200.jpg 300w, https:\/\/www.pr-neu.de\/newsroom\/wordpress\/wp-content\/uploads\/2023\/12\/23-15_Montage_2_K-1024x683.jpg 1024w, https:\/\/www.pr-neu.de\/newsroom\/wordpress\/wp-content\/uploads\/2023\/12\/23-15_Montage_2_K-768x512.jpg 768w, https:\/\/www.pr-neu.de\/newsroom\/wordpress\/wp-content\/uploads\/2023\/12\/23-15_Montage_2_K-1536x1024.jpg 1536w, https:\/\/www.pr-neu.de\/newsroom\/wordpress\/wp-content\/uploads\/2023\/12\/23-15_Montage_2_K-2048x1365.jpg 2048w, https:\/\/www.pr-neu.de\/newsroom\/wordpress\/wp-content\/uploads\/2023\/12\/23-15_Montage_2_K-110x73.jpg 110w, https:\/\/www.pr-neu.de\/newsroom\/wordpress\/wp-content\/uploads\/2023\/12\/23-15_Montage_2_K-420x280.jpg 420w, https:\/\/www.pr-neu.de\/newsroom\/wordpress\/wp-content\/uploads\/2023\/12\/23-15_Montage_2_K-645x430.jpg 645w\" sizes=\"auto, (max-width: 300px) 100vw, 300px\" \/><\/p>\n<p style=\"text-align: center;\">F\u00fcr die Montage der Konstruktion kann am Strand und auf dem Deich kein Kran f\u00fcr die Lasten der Aluminium-Elemente und Scheiben positioniert werden \u2013 bis zu zehn Monteure platzieren die Elemente h\u00e4ndisch.<br \/>\nBild: MAHRENHOLZ Bremerhaven GmbH &amp; Co. KG<\/p>\n<p>&nbsp;<\/p>\n<p style=\"text-align: center;\"><img loading=\"lazy\" decoding=\"async\" class=\"size-medium wp-image-16418 aligncenter\" src=\"http:\/\/www.pr-neu.de\/newsroom\/wordpress\/wp-content\/uploads\/2023\/12\/23-15_Sommergarten_innen_K-300x200.jpg\" alt=\"\" width=\"300\" height=\"200\" srcset=\"https:\/\/www.pr-neu.de\/newsroom\/wordpress\/wp-content\/uploads\/2023\/12\/23-15_Sommergarten_innen_K-300x200.jpg 300w, https:\/\/www.pr-neu.de\/newsroom\/wordpress\/wp-content\/uploads\/2023\/12\/23-15_Sommergarten_innen_K-1024x683.jpg 1024w, https:\/\/www.pr-neu.de\/newsroom\/wordpress\/wp-content\/uploads\/2023\/12\/23-15_Sommergarten_innen_K-768x512.jpg 768w, https:\/\/www.pr-neu.de\/newsroom\/wordpress\/wp-content\/uploads\/2023\/12\/23-15_Sommergarten_innen_K-1536x1024.jpg 1536w, https:\/\/www.pr-neu.de\/newsroom\/wordpress\/wp-content\/uploads\/2023\/12\/23-15_Sommergarten_innen_K-2048x1365.jpg 2048w, https:\/\/www.pr-neu.de\/newsroom\/wordpress\/wp-content\/uploads\/2023\/12\/23-15_Sommergarten_innen_K-110x73.jpg 110w, https:\/\/www.pr-neu.de\/newsroom\/wordpress\/wp-content\/uploads\/2023\/12\/23-15_Sommergarten_innen_K-420x280.jpg 420w, https:\/\/www.pr-neu.de\/newsroom\/wordpress\/wp-content\/uploads\/2023\/12\/23-15_Sommergarten_innen_K-645x430.jpg 645w\" sizes=\"auto, (max-width: 300px) 100vw, 300px\" \/><\/p>\n<p style=\"text-align: center;\">Der Kubus aus Sicherheitsgl\u00e4sern sch\u00fctzt die G\u00e4ste vor Wind und Wetter an der Nordsee \u2013 und trotzt den Anforderungen der Windlastzone 4. Das Dach bilden 12 Millimeter dicke Verbundsicherheitsgl\u00e4ser. An den seitlichen Schiebeelemente kommen ESG Einscheibensicherheitsglas mit einer Dicke von 10 Millimetern zum Einsatz.<br \/>\nBild: TS-Aluminium-Profilsysteme GmbH &amp; Co. KG<\/p>\n<p>&nbsp;<\/p>\n<p style=\"text-align: center;\"><img loading=\"lazy\" decoding=\"async\" class=\"size-medium wp-image-16419 aligncenter\" src=\"http:\/\/www.pr-neu.de\/newsroom\/wordpress\/wp-content\/uploads\/2023\/12\/23-15_Unterdach-Markise_K-300x200.jpg\" alt=\"\" width=\"300\" height=\"200\" srcset=\"https:\/\/www.pr-neu.de\/newsroom\/wordpress\/wp-content\/uploads\/2023\/12\/23-15_Unterdach-Markise_K-300x200.jpg 300w, https:\/\/www.pr-neu.de\/newsroom\/wordpress\/wp-content\/uploads\/2023\/12\/23-15_Unterdach-Markise_K-1024x683.jpg 1024w, https:\/\/www.pr-neu.de\/newsroom\/wordpress\/wp-content\/uploads\/2023\/12\/23-15_Unterdach-Markise_K-768x512.jpg 768w, https:\/\/www.pr-neu.de\/newsroom\/wordpress\/wp-content\/uploads\/2023\/12\/23-15_Unterdach-Markise_K-1536x1024.jpg 1536w, https:\/\/www.pr-neu.de\/newsroom\/wordpress\/wp-content\/uploads\/2023\/12\/23-15_Unterdach-Markise_K-2048x1365.jpg 2048w, https:\/\/www.pr-neu.de\/newsroom\/wordpress\/wp-content\/uploads\/2023\/12\/23-15_Unterdach-Markise_K-110x73.jpg 110w, https:\/\/www.pr-neu.de\/newsroom\/wordpress\/wp-content\/uploads\/2023\/12\/23-15_Unterdach-Markise_K-420x280.jpg 420w, https:\/\/www.pr-neu.de\/newsroom\/wordpress\/wp-content\/uploads\/2023\/12\/23-15_Unterdach-Markise_K-645x430.jpg 645w\" sizes=\"auto, (max-width: 300px) 100vw, 300px\" \/><br \/>\nAn sonnigen Tagen sorgt die dreiteilige Unterdach-Markise f\u00fcr angenehme Verschattung \u2013 steuerbar per Fernbedienung.<br \/>\nBild: TS-Aluminium-Profilsysteme GmbH &amp; Co. KG<\/p>\n<p>&nbsp;<\/p>\n<p style=\"text-align: center;\"><img loading=\"lazy\" decoding=\"async\" class=\"size-medium wp-image-16426 aligncenter\" src=\"http:\/\/www.pr-neu.de\/newsroom\/wordpress\/wp-content\/uploads\/2023\/12\/23-15_Beleuchtung_innen_K-300x200.jpg\" alt=\"\" width=\"300\" height=\"200\" srcset=\"https:\/\/www.pr-neu.de\/newsroom\/wordpress\/wp-content\/uploads\/2023\/12\/23-15_Beleuchtung_innen_K-300x200.jpg 300w, https:\/\/www.pr-neu.de\/newsroom\/wordpress\/wp-content\/uploads\/2023\/12\/23-15_Beleuchtung_innen_K-1024x683.jpg 1024w, https:\/\/www.pr-neu.de\/newsroom\/wordpress\/wp-content\/uploads\/2023\/12\/23-15_Beleuchtung_innen_K-768x512.jpg 768w, https:\/\/www.pr-neu.de\/newsroom\/wordpress\/wp-content\/uploads\/2023\/12\/23-15_Beleuchtung_innen_K-1536x1024.jpg 1536w, https:\/\/www.pr-neu.de\/newsroom\/wordpress\/wp-content\/uploads\/2023\/12\/23-15_Beleuchtung_innen_K-2048x1365.jpg 2048w, https:\/\/www.pr-neu.de\/newsroom\/wordpress\/wp-content\/uploads\/2023\/12\/23-15_Beleuchtung_innen_K-110x73.jpg 110w, https:\/\/www.pr-neu.de\/newsroom\/wordpress\/wp-content\/uploads\/2023\/12\/23-15_Beleuchtung_innen_K-420x280.jpg 420w, https:\/\/www.pr-neu.de\/newsroom\/wordpress\/wp-content\/uploads\/2023\/12\/23-15_Beleuchtung_innen_K-645x430.jpg 645w\" sizes=\"auto, (max-width: 300px) 100vw, 300px\" \/><\/p>\n<p style=\"text-align: center;\">Die dimmbaren LED-Strahler sind direkt unter dem Dach montiert und sorgen f\u00fcr eine angenehme Beleuchtung. F\u00fcr die seitlichen Glas-Schiebeelemente setzt der Montagebetrieb auf die Serie 16 von TS-Aluminium.<br \/>\nBild: TS-Aluminium-Profilsysteme GmbH &amp; Co. KG<\/p>\n<p>&nbsp;<\/p>\n<p style=\"text-align: center;\"><img loading=\"lazy\" decoding=\"async\" class=\"size-medium wp-image-16422 aligncenter\" src=\"http:\/\/www.pr-neu.de\/newsroom\/wordpress\/wp-content\/uploads\/2023\/12\/23-15_Stripe-Beleuchtung_K-300x200.jpg\" alt=\"\" width=\"300\" height=\"200\" srcset=\"https:\/\/www.pr-neu.de\/newsroom\/wordpress\/wp-content\/uploads\/2023\/12\/23-15_Stripe-Beleuchtung_K-300x200.jpg 300w, https:\/\/www.pr-neu.de\/newsroom\/wordpress\/wp-content\/uploads\/2023\/12\/23-15_Stripe-Beleuchtung_K-1024x683.jpg 1024w, https:\/\/www.pr-neu.de\/newsroom\/wordpress\/wp-content\/uploads\/2023\/12\/23-15_Stripe-Beleuchtung_K-768x512.jpg 768w, https:\/\/www.pr-neu.de\/newsroom\/wordpress\/wp-content\/uploads\/2023\/12\/23-15_Stripe-Beleuchtung_K-1536x1024.jpg 1536w, https:\/\/www.pr-neu.de\/newsroom\/wordpress\/wp-content\/uploads\/2023\/12\/23-15_Stripe-Beleuchtung_K-2048x1365.jpg 2048w, https:\/\/www.pr-neu.de\/newsroom\/wordpress\/wp-content\/uploads\/2023\/12\/23-15_Stripe-Beleuchtung_K-110x73.jpg 110w, https:\/\/www.pr-neu.de\/newsroom\/wordpress\/wp-content\/uploads\/2023\/12\/23-15_Stripe-Beleuchtung_K-420x280.jpg 420w, https:\/\/www.pr-neu.de\/newsroom\/wordpress\/wp-content\/uploads\/2023\/12\/23-15_Stripe-Beleuchtung_K-645x430.jpg 645w\" sizes=\"auto, (max-width: 300px) 100vw, 300px\" \/><\/p>\n<p style=\"text-align: center;\">Au\u00dfen l\u00e4dt eine Stripe-Beleuchtung in der Blende durch die ansprechende Optik zum Verweilen ein.<br \/>\nBild: TS-Aluminium-Profilsysteme GmbH &amp; Co. KG<\/p>\n<p>&nbsp;<\/p>\n<hr \/>\n<p>Abdruck honorarfrei, Belegexemplar erbeten<\/p>\n","protected":false},"excerpt":{"rendered":"<p>In Bremerhaven entstand ein Sommergarten f\u00fcr die Terrasse des Panorama Restaurants, der den Belastungen der Windlastzone 4 trotzt. Der Fachbetrieb Mahrenholz arbeitete eng mit TS-Aluminium zusammen. Das Ergebnis: Ein Sommergarten mit 14 Metern Breite und Panoramablick auf das Meer, der sich an drei Seiten \u00f6ffnen l\u00e4sst.<\/p>\n","protected":false},"author":10,"featured_media":16415,"comment_status":"closed","ping_status":"open","sticky":false,"template":"","format":"standard","meta":{"footnotes":""},"categories":[1761],"tags":[2792,2788,1893,2055,1793,2790,635],"class_list":["post-16414","post","type-post","status-publish","format-standard","has-post-thumbnail","hentry","category-ts-aluminium","tag-panorama","tag-restaurant","tag-sommergarten","tag-terrasse","tag-ts-aluminium","tag-windlast","tag-wintergarten"],"_links":{"self":[{"href":"https:\/\/www.pr-neu.de\/newsroom\/wp-json\/wp\/v2\/posts\/16414","targetHints":{"allow":["GET"]}}],"collection":[{"href":"https:\/\/www.pr-neu.de\/newsroom\/wp-json\/wp\/v2\/posts"}],"about":[{"href":"https:\/\/www.pr-neu.de\/newsroom\/wp-json\/wp\/v2\/types\/post"}],"author":[{"embeddable":true,"href":"https:\/\/www.pr-neu.de\/newsroom\/wp-json\/wp\/v2\/users\/10"}],"replies":[{"embeddable":true,"href":"https:\/\/www.pr-neu.de\/newsroom\/wp-json\/wp\/v2\/comments?post=16414"}],"version-history":[{"count":4,"href":"https:\/\/www.pr-neu.de\/newsroom\/wp-json\/wp\/v2\/posts\/16414\/revisions"}],"predecessor-version":[{"id":16431,"href":"https:\/\/www.pr-neu.de\/newsroom\/wp-json\/wp\/v2\/posts\/16414\/revisions\/16431"}],"wp:featuredmedia":[{"embeddable":true,"href":"https:\/\/www.pr-neu.de\/newsroom\/wp-json\/wp\/v2\/media\/16415"}],"wp:attachment":[{"href":"https:\/\/www.pr-neu.de\/newsroom\/wp-json\/wp\/v2\/media?parent=16414"}],"wp:term":[{"taxonomy":"category","embeddable":true,"href":"https:\/\/www.pr-neu.de\/newsroom\/wp-json\/wp\/v2\/categories?post=16414"},{"taxonomy":"post_tag","embeddable":true,"href":"https:\/\/www.pr-neu.de\/newsroom\/wp-json\/wp\/v2\/tags?post=16414"}],"curies":[{"name":"wp","href":"https:\/\/api.w.org\/{rel}","templated":true}]}}