{"id":16409,"date":"2023-12-13T15:53:53","date_gmt":"2023-12-13T14:53:53","guid":{"rendered":"https:\/\/www.pr-neu.de\/newsroom\/?p=16409"},"modified":"2023-12-13T15:53:53","modified_gmt":"2023-12-13T14:53:53","slug":"deutschlands-beste-lacklaborantin-2023-jana-koerner","status":"publish","type":"post","link":"https:\/\/www.pr-neu.de\/newsroom\/deutschlands-beste-lacklaborantin-2023-jana-koerner\/","title":{"rendered":"Deutschlands beste Lacklaborantin 2023: Jana K\u00f6rner"},"content":{"rendered":"<p><u>DIHK zeichnet bundesbeste Azubis aus<\/u><\/p>\n<p><strong>Jana K\u00f6rner, diesj\u00e4hrige Absolventin der Ausbildung zur Lacklaborantin bei Sto, ist Deutschlands Beste ihres Jahrgangs. Sie wurde jetzt auf der Bundesbestenehrung der Deutschen Industrie- und Handelskammer (DIHK) ausgezeichnet. <\/strong><\/p>\n<p>Azubis mit einem Einser-Abschluss ehren die Kammern \u2013 und die Besten dieser herausragenden Nachwuchskr\u00e4fte zeichnet die DIHK aus. Am 11. Dezember fand die Gala in Berlin statt mit insgesamt 219 Preistr\u00e4gern aus 213 Ausbildungsberufen. Zu ihnen z\u00e4hlte Jana K\u00f6rner (21), die im Sommer ihre Lehre zur Lacklaborantin abschloss. \u201eDie Auszeichnung w\u00fcrdigt Janas hohen pers\u00f6nlichen Einsatz, ihren Willen und ihre fachlich \u00fcberragenden F\u00e4higkeiten\u201c, freute sich Dr. S\u00e9bastien Garnier, Leiter F&amp;E bei Sto, \u201ezudem ist sie ein Zeichen, dass unsere Talentf\u00f6rderung Fr\u00fcchte tr\u00e4gt.\u201c<br \/>\n\u201eIch freu mich \u00fcber diese Anerkennung und den tollen Tag in Berlin \u2013 und dar\u00fcber, dass ich diesen sch\u00f6nen Beruf bei Sto in St\u00fchlingen lernen konnte. Die vielf\u00e4ltige und qualitativ hochwertige Ausbildung hat mir diesen Erfolg m\u00f6glich gemacht\u201c; meinte Jana K\u00f6rner. Sie m\u00f6chte ihre F\u00e4higkeiten nun in einem Studium ausbauen. Nicht sehr \u00fcberraschend, dass der \u201eLehrherr\u201c ein solches Talent nicht ziehen lassen will: Sto hat ihr eine Garantie f\u00fcr den Wiedereinstieg ins Unternehmen zugesagt.<\/p>\n<p>&nbsp;<\/p>\n<hr \/>\n<p>&nbsp;<\/p>\n<p>Z I T A T<\/p>\n<p>\u201eUnsere Spitzen-Azubis aus Industrie und Handel sind 219 pers\u00f6nliche Erfolgsgeschichten, 219 Beweise, dass sich Leistung lohnt. Sie zeigen, was Deutschland stark macht: pers\u00f6nlicher Einsatz und individuelles K\u00f6nnen, aber auch ein System, das dies erm\u00f6glicht.&#8220;<br \/>\nBundesbildungsministerin Bettina Stark-Watzinger, Laudatorin am 11. Dezember 2023 zur Auszeichnung der besten Azubis.<\/p>\n<p>&nbsp;<\/p>\n<hr \/>\n<p>&nbsp;<\/p>\n<figure id=\"attachment_16410\" aria-describedby=\"caption-attachment-16410\" style=\"width: 300px\" class=\"wp-caption aligncenter\"><a href=\"http:\/\/www.pr-neu.de\/newsroom\/wordpress\/wp-content\/uploads\/2023\/12\/23_47_JanaKoerner_K.jpg\" target=\"_blank\" rel=\"noopener\"><img loading=\"lazy\" decoding=\"async\" class=\"wp-image-16410 size-medium\" src=\"http:\/\/www.pr-neu.de\/newsroom\/wordpress\/wp-content\/uploads\/2023\/12\/23_47_JanaKoerner_K-300x200.jpg\" alt=\"\" width=\"300\" height=\"200\" srcset=\"https:\/\/www.pr-neu.de\/newsroom\/wordpress\/wp-content\/uploads\/2023\/12\/23_47_JanaKoerner_K-300x200.jpg 300w, https:\/\/www.pr-neu.de\/newsroom\/wordpress\/wp-content\/uploads\/2023\/12\/23_47_JanaKoerner_K-1024x683.jpg 1024w, https:\/\/www.pr-neu.de\/newsroom\/wordpress\/wp-content\/uploads\/2023\/12\/23_47_JanaKoerner_K-768x512.jpg 768w, https:\/\/www.pr-neu.de\/newsroom\/wordpress\/wp-content\/uploads\/2023\/12\/23_47_JanaKoerner_K-1536x1024.jpg 1536w, https:\/\/www.pr-neu.de\/newsroom\/wordpress\/wp-content\/uploads\/2023\/12\/23_47_JanaKoerner_K-2048x1365.jpg 2048w, https:\/\/www.pr-neu.de\/newsroom\/wordpress\/wp-content\/uploads\/2023\/12\/23_47_JanaKoerner_K-110x73.jpg 110w, https:\/\/www.pr-neu.de\/newsroom\/wordpress\/wp-content\/uploads\/2023\/12\/23_47_JanaKoerner_K-420x280.jpg 420w, https:\/\/www.pr-neu.de\/newsroom\/wordpress\/wp-content\/uploads\/2023\/12\/23_47_JanaKoerner_K-645x430.jpg 645w\" sizes=\"auto, (max-width: 300px) 100vw, 300px\" \/><\/a><figcaption id=\"caption-attachment-16410\" class=\"wp-caption-text\">\u00a0<\/figcaption><\/figure>\n<p style=\"text-align: center;\">Jana K\u00f6rner (rechts) erh\u00e4lt von Svaantje Creusen, Vorsitzende des DIHK-Bildungsausschusses, auf der gro\u00dfen B\u00fchne die Urkunde und den Pokal als Deutschlands beste Absolventin der Ausbildung zur Lacklaborantin.<br \/>\nFoto: DIHK\/Schicke\/Plambeck<\/p>\n<p>&nbsp;<\/p>\n<hr \/>\n<p>&nbsp;<\/p>\n<p>Abdruck honorarfrei, Belegexemplar erbeten<\/p>\n","protected":false},"excerpt":{"rendered":"<p>Jana K\u00f6rner, diesj\u00e4hrige Absolventin der Ausbildung zur Lacklaborantin bei Sto, ist Deutschlands Beste ihres Jahrgangs. Sie wurde jetzt auf der Bundesbestenehrung der Deutschen Industrie- und Handelskammer (DIHK) ausgezeichnet.<\/p>\n","protected":false},"author":9,"featured_media":16411,"comment_status":"closed","ping_status":"open","sticky":false,"template":"","format":"standard","meta":{"footnotes":""},"categories":[15],"tags":[67,1759,2778,1961,2784,2786,2782,2780,504],"class_list":["post-16409","post","type-post","status-publish","format-standard","has-post-thumbnail","hentry","category-sto","tag-ausbildung","tag-auszeichnung","tag-azubi","tag-berufsbildung","tag-dihk","tag-gala","tag-ihk","tag-nachwuchs","tag-sto-2"],"_links":{"self":[{"href":"https:\/\/www.pr-neu.de\/newsroom\/wp-json\/wp\/v2\/posts\/16409","targetHints":{"allow":["GET"]}}],"collection":[{"href":"https:\/\/www.pr-neu.de\/newsroom\/wp-json\/wp\/v2\/posts"}],"about":[{"href":"https:\/\/www.pr-neu.de\/newsroom\/wp-json\/wp\/v2\/types\/post"}],"author":[{"embeddable":true,"href":"https:\/\/www.pr-neu.de\/newsroom\/wp-json\/wp\/v2\/users\/9"}],"replies":[{"embeddable":true,"href":"https:\/\/www.pr-neu.de\/newsroom\/wp-json\/wp\/v2\/comments?post=16409"}],"version-history":[{"count":1,"href":"https:\/\/www.pr-neu.de\/newsroom\/wp-json\/wp\/v2\/posts\/16409\/revisions"}],"predecessor-version":[{"id":16412,"href":"https:\/\/www.pr-neu.de\/newsroom\/wp-json\/wp\/v2\/posts\/16409\/revisions\/16412"}],"wp:featuredmedia":[{"embeddable":true,"href":"https:\/\/www.pr-neu.de\/newsroom\/wp-json\/wp\/v2\/media\/16411"}],"wp:attachment":[{"href":"https:\/\/www.pr-neu.de\/newsroom\/wp-json\/wp\/v2\/media?parent=16409"}],"wp:term":[{"taxonomy":"category","embeddable":true,"href":"https:\/\/www.pr-neu.de\/newsroom\/wp-json\/wp\/v2\/categories?post=16409"},{"taxonomy":"post_tag","embeddable":true,"href":"https:\/\/www.pr-neu.de\/newsroom\/wp-json\/wp\/v2\/tags?post=16409"}],"curies":[{"name":"wp","href":"https:\/\/api.w.org\/{rel}","templated":true}]}}