{"id":16397,"date":"2023-12-12T14:54:37","date_gmt":"2023-12-12T13:54:37","guid":{"rendered":"https:\/\/www.pr-neu.de\/newsroom\/?p=16397"},"modified":"2023-12-12T14:55:07","modified_gmt":"2023-12-12T13:55:07","slug":"fenstererneuerung-rundum","status":"publish","type":"post","link":"https:\/\/www.pr-neu.de\/newsroom\/fenstererneuerung-rundum\/","title":{"rendered":"Fenstererneuerung rundum"},"content":{"rendered":"<p><u>Sanierung mit Hannoband<\/u><\/p>\n<p><strong>Eine Bestandsanierung fordert Fachkenntnisse, gutes Werkzeug und Profi-Produkte f\u00fcr erstklassige Qualit\u00e4t. Der Montagebetrieb Ha\u00df zeigt bei der Fenstererneuerung eines Mehrfamilienhauses in Rendsburg, wie es geht. Sie beweisen gro\u00dfes Feingef\u00fchl bei der Koordination mit den Bewohnern und nutzen f\u00fcr den Einbau modernste Technik und pr\u00e4zise abgestimmte Profi-Produkte von Hanno.<\/strong><\/p>\n<p>\u201eGerade bei Sanierungen muss eine fachgerechte Ausf\u00fchrung gut geplant und ausgearbeitet werden\u201c, erkl\u00e4rt Gesch\u00e4ftsf\u00fchrer Alexander Ha\u00df. Qualit\u00e4ten, die der Montagebetrieb Ha\u00df bei der Fenstererneuerung eines Wohnhauses in Rendsburg aus den 1970er Jahren unter Beweis stellt. F\u00fcr das Rendsburger Wohnhaus erstellen sie ein L\u00fcftungskonzept und setzen es direkt in der hauseigenen Fensterproduktion um.<\/p>\n<p><strong>Hilfsmittel f\u00fcr die Fenstermontage<\/strong><br \/>\nF\u00fcr die Fenster fiel die Wahl auf den Typ Profine 76 MD. Die dreifach verglaste Variante erf\u00fcllt die modernen norddeutschen Anforderungen in Bezug auf Schlagregendichtigkeit und Luftdichtigkeit. Beim Einbau greifen die Monteure auf zahlreiche Hilfsmittel zur\u00fcck: Spezielle Transportwagen bringen die Fenster nah an den Montageplatz. Mit Glassauganlagen und Hebetechnik wird pr\u00e4zise gearbeitet \u2013 neuestes Werkzeug mit geringer Vibrationsweitergabe schont dabei die Gelenke der Mitarbeiter zus\u00e4tzlich.<\/p>\n<p><strong>Langfristig dicht \u2013 mit versteckten Talenten von Hanno<\/strong><br \/>\nDie isolierten Fenster d\u00fcrfen im Wandanschluss keine L\u00fccken zulassen, aus denen W\u00e4rme austritt \u2013 die Wahl der Abdichtung ist hier entscheidend. Diese m\u00fcssen gem\u00e4\u00df aktuellen Vorgaben au\u00dfen gegen intensiven Schlagregen undurchl\u00e4ssig und innen luftdicht sein \u2013 bei vollst\u00e4ndiger D\u00e4mmung im mittleren Fugenbereich. F\u00fcr den Einbau nach den RAL-Normen entschied sich Ha\u00df f\u00fcr die Dichtb\u00e4nder von Hanno. \u201eBei Sanierungen muss man flexibel bleiben und sich anpassen k\u00f6nnen. Dabei hilft es, einen starken Partner wie Hanno an der Seite zu haben\u201c, erkl\u00e4rt der Montage-Experte Ha\u00df. Der Dicht- und D\u00e4mmspezialist Hanno hat sich durch seine hochwertigen Abdichtungsprodukte und Serviceleistungen bew\u00e4hrt. \u201eGrundlegend verwenden wir je nach Anforderung und Bausituation alle Hanno Produkte\u201c, erkl\u00e4rt Ha\u00df, \u201evom Hannoband-BG1 \u00fcber das Folienband DUO Easy 240, das Multifunktionsband Hannoband-3E BG1 und auch das Vorwandmontagesystem von Hanno, welches wir auch an unserem eigenen Neubau eingesetzt haben.\u201c<\/p>\n<p>Das Hannoband BG-1 f\u00fcr langfristig abgedichtete Dehn- und Anschlussfugen erf\u00fcllt die Anforderungen gem\u00e4\u00df DIN 18542:2020 der Beanspruchungsgruppe BG-1 f\u00fcr freibewitterte Anwendungen \u2013 ausgezeichnet mit dem RAL-G\u00fctezeichen f\u00fcr Fugendichtungskomponenten und -systeme. Das Multifunktionsband Hannoband-3E BG1 erf\u00fcllt die Anforderungen der Beanspruchungsgruppen MF1 und MF2 gem\u00e4\u00df DIN 18542:2020 f\u00fcr freibewitterte Anwendungen. Die feuchtevariablen Hanno-Funktionsmembranen sorgen daf\u00fcr, dass es auf der feuchteren Seite diffusionsdichter ist als auf der anderen.<\/p>\n<p><strong>Zusammenarbeit \u00fcber das Team hinaus<\/strong><br \/>\nEine enge Zusammenarbeit ist auch mit den Mietern wichtig. Es gilt, die Bewohner durchgehend informiert zu halten und die Montageaktivit\u00e4ten mit den einzelnen Parteien abzustimmen \u2013 Menschlichkeit sei der Schl\u00fcssel. \u201eDirekter Kontakt mit Mietern und Eigent\u00fcmern ist eine Kernkompetenz bei der Bestandssanierung\u201c, fasst Ha\u00df zusammen.<\/p>\n<p>Das Ergebnis in Rendsburg sind isolierte zeitgem\u00e4\u00dfe Fenster mit langfristig dichten Wandanschl\u00fcssen, die alle Anforderungen einer RAL-Montage erf\u00fcllen.<\/p>\n<p>&nbsp;<\/p>\n<hr \/>\n<p>&nbsp;<\/p>\n<p><strong>Bautafel<\/strong><br \/>\nOrt: Rendsburg, Werftstra\u00dfe 15-17<br \/>\nBaujahr: 1970<br \/>\nFertigstellung der Sanierung: 2023<br \/>\nVerwendungszweck des Objektes: Wohnraum<br \/>\nArt der Sanierung: Modernisierung\/Erneuerung Fenster<br \/>\nVerarbeiter: Montagebetrieb Ha\u00df GmbH (Sch\u00f6nkirchen)<\/p>\n<p>&nbsp;<\/p>\n<hr \/>\n<p>&nbsp;<\/p>\n<p>K A S T E N<\/p>\n<p><strong>Unternehmensportr\u00e4t Montagebetrieb Ha\u00df GmbH<\/strong><br \/>\nSeit \u00fcber zehn Jahren ist der Montagebetrieb Ha\u00df GmbH aus Sch\u00f6nkirchen (Kiel) zuverl\u00e4ssiger Partner f\u00fcr die Lieferung und Montage von Fenstern, T\u00fcren, Rolll\u00e4den und Garagentoren \u2013 mit insgesamt 40 Mitarbeitern und acht Montagetrupps. Die Planungsabteilung des Betriebes berechnet unter anderem L\u00fcftungskonzepte, die direkt in der Produktion ber\u00fccksichtigt werden. Dank der eigenen Produktion ist es Ha\u00df m\u00f6glich, flexibel und schnell auf Anfragen zu reagieren und ein Rundum-Sorglos-Paket zu bieten. Daf\u00fcr wurde 2022 eine neue Produktion fertiggestellt und Fertigungsmaschinen von Urban Maschinenbau und Thorwesten Maschinenbau erworben. F\u00fcr die Zukunft ist geplant, NFC-Chips in die Fenster einzusetzen, um die Nachverfolgung und Wartung zu erleichtern. F\u00fcr Smart-Home-L\u00f6sungen arbeitet Ha\u00df bei Rolll\u00e4den mit bekannten Herstellern zusammen. Auch BIM-Daten stellt der Betrieb zur Verf\u00fcgung.<\/p>\n<p><strong>Ha\u00df als Asbest-Spezialist<\/strong><br \/>\nAlle Monteure bei Ha\u00df sind geschult, Asbest zu erkennen und mit der TRGS 519 Zertifizierung zum fachkundigen Ausbau berechtigt. Gerade in bewohnten Geb\u00e4uden ist hier Feingef\u00fchl erforderlich. Das Unternehmen wickelt dabei das gesamte Verfahren ab \u2013 von der Analyse \u00fcber den Ausbau bis zur Entsorgung.<\/p>\n<p>&nbsp;<\/p>\n<hr \/>\n<p>&nbsp;<\/p>\n<p style=\"text-align: center;\"><a href=\"http:\/\/www.pr-neu.de\/newsroom\/wordpress\/wp-content\/uploads\/2023\/12\/23-17_Aussenansicht_K.jpg\" target=\"_blank\" rel=\"noopener\"><img loading=\"lazy\" decoding=\"async\" class=\"wp-image-16401 size-medium\" src=\"http:\/\/www.pr-neu.de\/newsroom\/wordpress\/wp-content\/uploads\/2023\/12\/23-17_Aussenansicht_K-300x225.jpg\" alt=\"\" width=\"300\" height=\"225\" srcset=\"https:\/\/www.pr-neu.de\/newsroom\/wordpress\/wp-content\/uploads\/2023\/12\/23-17_Aussenansicht_K-300x225.jpg 300w, https:\/\/www.pr-neu.de\/newsroom\/wordpress\/wp-content\/uploads\/2023\/12\/23-17_Aussenansicht_K-1024x768.jpg 1024w, https:\/\/www.pr-neu.de\/newsroom\/wordpress\/wp-content\/uploads\/2023\/12\/23-17_Aussenansicht_K-768x576.jpg 768w, https:\/\/www.pr-neu.de\/newsroom\/wordpress\/wp-content\/uploads\/2023\/12\/23-17_Aussenansicht_K-1536x1152.jpg 1536w, https:\/\/www.pr-neu.de\/newsroom\/wordpress\/wp-content\/uploads\/2023\/12\/23-17_Aussenansicht_K-2048x1536.jpg 2048w, https:\/\/www.pr-neu.de\/newsroom\/wordpress\/wp-content\/uploads\/2023\/12\/23-17_Aussenansicht_K-110x83.jpg 110w, https:\/\/www.pr-neu.de\/newsroom\/wordpress\/wp-content\/uploads\/2023\/12\/23-17_Aussenansicht_K-420x315.jpg 420w, https:\/\/www.pr-neu.de\/newsroom\/wordpress\/wp-content\/uploads\/2023\/12\/23-17_Aussenansicht_K-573x430.jpg 573w\" sizes=\"auto, (max-width: 300px) 100vw, 300px\" \/><\/a><\/p>\n<p style=\"text-align: center;\">Bei der Sanierung eines Mehrfamilienhauses in Rendsburg verantwortet der Montagebetrieb Ha\u00df die Fenstererneuerung.<\/p>\n<p>&nbsp;<\/p>\n<p style=\"text-align: center;\"><a href=\"http:\/\/www.pr-neu.de\/newsroom\/wordpress\/wp-content\/uploads\/2023\/12\/23-17_Fensteranschlussfuge_1_K.jpg\" target=\"_blank\" rel=\"noopener\"><img loading=\"lazy\" decoding=\"async\" class=\"wp-image-16403 size-medium\" src=\"http:\/\/www.pr-neu.de\/newsroom\/wordpress\/wp-content\/uploads\/2023\/12\/23-17_Fensteranschlussfuge_1_K-225x300.jpg\" alt=\"\" width=\"225\" height=\"300\" srcset=\"https:\/\/www.pr-neu.de\/newsroom\/wordpress\/wp-content\/uploads\/2023\/12\/23-17_Fensteranschlussfuge_1_K-225x300.jpg 225w, https:\/\/www.pr-neu.de\/newsroom\/wordpress\/wp-content\/uploads\/2023\/12\/23-17_Fensteranschlussfuge_1_K-768x1024.jpg 768w, https:\/\/www.pr-neu.de\/newsroom\/wordpress\/wp-content\/uploads\/2023\/12\/23-17_Fensteranschlussfuge_1_K-1152x1536.jpg 1152w, https:\/\/www.pr-neu.de\/newsroom\/wordpress\/wp-content\/uploads\/2023\/12\/23-17_Fensteranschlussfuge_1_K-1536x2048.jpg 1536w, https:\/\/www.pr-neu.de\/newsroom\/wordpress\/wp-content\/uploads\/2023\/12\/23-17_Fensteranschlussfuge_1_K-83x110.jpg 83w, https:\/\/www.pr-neu.de\/newsroom\/wordpress\/wp-content\/uploads\/2023\/12\/23-17_Fensteranschlussfuge_1_K-315x420.jpg 315w, https:\/\/www.pr-neu.de\/newsroom\/wordpress\/wp-content\/uploads\/2023\/12\/23-17_Fensteranschlussfuge_1_K-323x430.jpg 323w, https:\/\/www.pr-neu.de\/newsroom\/wordpress\/wp-content\/uploads\/2023\/12\/23-17_Fensteranschlussfuge_1_K.jpg 1800w\" sizes=\"auto, (max-width: 225px) 100vw, 225px\" \/><\/a> <a href=\"http:\/\/www.pr-neu.de\/newsroom\/wordpress\/wp-content\/uploads\/2023\/12\/23-17_Fensteranschlussfuge_2_K.jpg\" target=\"_blank\" rel=\"noopener\"><img loading=\"lazy\" decoding=\"async\" class=\"wp-image-16404 size-medium\" src=\"http:\/\/www.pr-neu.de\/newsroom\/wordpress\/wp-content\/uploads\/2023\/12\/23-17_Fensteranschlussfuge_2_K-225x300.jpg\" alt=\"\" width=\"225\" height=\"300\" srcset=\"https:\/\/www.pr-neu.de\/newsroom\/wordpress\/wp-content\/uploads\/2023\/12\/23-17_Fensteranschlussfuge_2_K-225x300.jpg 225w, https:\/\/www.pr-neu.de\/newsroom\/wordpress\/wp-content\/uploads\/2023\/12\/23-17_Fensteranschlussfuge_2_K-768x1024.jpg 768w, https:\/\/www.pr-neu.de\/newsroom\/wordpress\/wp-content\/uploads\/2023\/12\/23-17_Fensteranschlussfuge_2_K-1152x1536.jpg 1152w, https:\/\/www.pr-neu.de\/newsroom\/wordpress\/wp-content\/uploads\/2023\/12\/23-17_Fensteranschlussfuge_2_K-1536x2048.jpg 1536w, https:\/\/www.pr-neu.de\/newsroom\/wordpress\/wp-content\/uploads\/2023\/12\/23-17_Fensteranschlussfuge_2_K-83x110.jpg 83w, https:\/\/www.pr-neu.de\/newsroom\/wordpress\/wp-content\/uploads\/2023\/12\/23-17_Fensteranschlussfuge_2_K-315x420.jpg 315w, https:\/\/www.pr-neu.de\/newsroom\/wordpress\/wp-content\/uploads\/2023\/12\/23-17_Fensteranschlussfuge_2_K-323x430.jpg 323w, https:\/\/www.pr-neu.de\/newsroom\/wordpress\/wp-content\/uploads\/2023\/12\/23-17_Fensteranschlussfuge_2_K.jpg 1800w\" sizes=\"auto, (max-width: 225px) 100vw, 225px\" \/><\/a><\/p>\n<p style=\"text-align: center;\">Bei Sanierungen sind gut geschulte Monteure wichtig \u2013 sie m\u00fcssen flexibel und fachgerecht auf die Gegebenheiten reagieren k\u00f6nnen.<\/p>\n<p>&nbsp;<\/p>\n<p style=\"text-align: center;\"><a href=\"http:\/\/www.pr-neu.de\/newsroom\/wordpress\/wp-content\/uploads\/2023\/12\/23-17_Transportwagen_Hass_K.jpg\" target=\"_blank\" rel=\"noopener\"><img loading=\"lazy\" decoding=\"async\" class=\"wp-image-16400 size-medium\" src=\"http:\/\/www.pr-neu.de\/newsroom\/wordpress\/wp-content\/uploads\/2023\/12\/23-17_Transportwagen_Hass_K-225x300.jpg\" alt=\"\" width=\"225\" height=\"300\" srcset=\"https:\/\/www.pr-neu.de\/newsroom\/wordpress\/wp-content\/uploads\/2023\/12\/23-17_Transportwagen_Hass_K-225x300.jpg 225w, https:\/\/www.pr-neu.de\/newsroom\/wordpress\/wp-content\/uploads\/2023\/12\/23-17_Transportwagen_Hass_K-768x1024.jpg 768w, https:\/\/www.pr-neu.de\/newsroom\/wordpress\/wp-content\/uploads\/2023\/12\/23-17_Transportwagen_Hass_K-1152x1536.jpg 1152w, https:\/\/www.pr-neu.de\/newsroom\/wordpress\/wp-content\/uploads\/2023\/12\/23-17_Transportwagen_Hass_K-1536x2048.jpg 1536w, https:\/\/www.pr-neu.de\/newsroom\/wordpress\/wp-content\/uploads\/2023\/12\/23-17_Transportwagen_Hass_K-83x110.jpg 83w, https:\/\/www.pr-neu.de\/newsroom\/wordpress\/wp-content\/uploads\/2023\/12\/23-17_Transportwagen_Hass_K-315x420.jpg 315w, https:\/\/www.pr-neu.de\/newsroom\/wordpress\/wp-content\/uploads\/2023\/12\/23-17_Transportwagen_Hass_K-323x430.jpg 323w, https:\/\/www.pr-neu.de\/newsroom\/wordpress\/wp-content\/uploads\/2023\/12\/23-17_Transportwagen_Hass_K.jpg 1800w\" sizes=\"auto, (max-width: 225px) 100vw, 225px\" \/><\/a><\/p>\n<p style=\"text-align: center;\">Auf der Baustelle setzt der Montagebetrieb Ha\u00df neben Fensterliften, Glassauganlagen und Hebetechnik auch auf spezielle Transportwagen, um die Monteure zu entlasten.<\/p>\n<p>&nbsp;<\/p>\n<p style=\"text-align: center;\"><a href=\"http:\/\/www.pr-neu.de\/newsroom\/wordpress\/wp-content\/uploads\/2023\/12\/23-17_Hannoband_K.jpg\" target=\"_blank\" rel=\"noopener\"><img loading=\"lazy\" decoding=\"async\" class=\"wp-image-16399 size-medium\" src=\"http:\/\/www.pr-neu.de\/newsroom\/wordpress\/wp-content\/uploads\/2023\/12\/23-17_Hannoband_K-225x300.jpg\" alt=\"\" width=\"225\" height=\"300\" srcset=\"https:\/\/www.pr-neu.de\/newsroom\/wordpress\/wp-content\/uploads\/2023\/12\/23-17_Hannoband_K-225x300.jpg 225w, https:\/\/www.pr-neu.de\/newsroom\/wordpress\/wp-content\/uploads\/2023\/12\/23-17_Hannoband_K-768x1024.jpg 768w, https:\/\/www.pr-neu.de\/newsroom\/wordpress\/wp-content\/uploads\/2023\/12\/23-17_Hannoband_K-1152x1536.jpg 1152w, https:\/\/www.pr-neu.de\/newsroom\/wordpress\/wp-content\/uploads\/2023\/12\/23-17_Hannoband_K-1536x2048.jpg 1536w, https:\/\/www.pr-neu.de\/newsroom\/wordpress\/wp-content\/uploads\/2023\/12\/23-17_Hannoband_K-83x110.jpg 83w, https:\/\/www.pr-neu.de\/newsroom\/wordpress\/wp-content\/uploads\/2023\/12\/23-17_Hannoband_K-315x420.jpg 315w, https:\/\/www.pr-neu.de\/newsroom\/wordpress\/wp-content\/uploads\/2023\/12\/23-17_Hannoband_K-323x430.jpg 323w, https:\/\/www.pr-neu.de\/newsroom\/wordpress\/wp-content\/uploads\/2023\/12\/23-17_Hannoband_K.jpg 1800w\" sizes=\"auto, (max-width: 225px) 100vw, 225px\" \/><\/a><\/p>\n<p style=\"text-align: center;\">Um die Fensteranschlussfugen optimal und langfristig abzudichten kommen in dem Objekt unterschiedliche L\u00f6sungen des Dicht- und D\u00e4mmspezialisten Hanno zum Einsatz \u2013 hier das Hannoband-BG1.<\/p>\n<p>&nbsp;<\/p>\n<p style=\"text-align: center;\"><a href=\"http:\/\/www.pr-neu.de\/newsroom\/wordpress\/wp-content\/uploads\/2023\/12\/23-17_Fensterrahmen_K.jpg\" target=\"_blank\" rel=\"noopener\"><img loading=\"lazy\" decoding=\"async\" class=\"wp-image-16398 size-medium\" src=\"http:\/\/www.pr-neu.de\/newsroom\/wordpress\/wp-content\/uploads\/2023\/12\/23-17_Fensterrahmen_K-225x300.jpg\" alt=\"\" width=\"225\" height=\"300\" srcset=\"https:\/\/www.pr-neu.de\/newsroom\/wordpress\/wp-content\/uploads\/2023\/12\/23-17_Fensterrahmen_K-225x300.jpg 225w, https:\/\/www.pr-neu.de\/newsroom\/wordpress\/wp-content\/uploads\/2023\/12\/23-17_Fensterrahmen_K-768x1024.jpg 768w, https:\/\/www.pr-neu.de\/newsroom\/wordpress\/wp-content\/uploads\/2023\/12\/23-17_Fensterrahmen_K-1152x1536.jpg 1152w, https:\/\/www.pr-neu.de\/newsroom\/wordpress\/wp-content\/uploads\/2023\/12\/23-17_Fensterrahmen_K-1536x2048.jpg 1536w, https:\/\/www.pr-neu.de\/newsroom\/wordpress\/wp-content\/uploads\/2023\/12\/23-17_Fensterrahmen_K-83x110.jpg 83w, https:\/\/www.pr-neu.de\/newsroom\/wordpress\/wp-content\/uploads\/2023\/12\/23-17_Fensterrahmen_K-315x420.jpg 315w, https:\/\/www.pr-neu.de\/newsroom\/wordpress\/wp-content\/uploads\/2023\/12\/23-17_Fensterrahmen_K-323x430.jpg 323w, https:\/\/www.pr-neu.de\/newsroom\/wordpress\/wp-content\/uploads\/2023\/12\/23-17_Fensterrahmen_K.jpg 1800w\" sizes=\"auto, (max-width: 225px) 100vw, 225px\" \/><\/a><\/p>\n<p style=\"text-align: center;\">Die isolierten Fenster d\u00fcrfen im Wandanschluss keine L\u00fccken zulassen, aus denen W\u00e4rme austritt. Die Abdichtungen m\u00fcssen gem\u00e4\u00df aktuellen Vorgaben au\u00dfen gegen intensiven Schlagregen undurchl\u00e4ssig und innen luftdicht sein \u2013 bei vollst\u00e4ndiger D\u00e4mmung im mittleren Fugenbereich.<\/p>\n<p>&nbsp;<\/p>\n<p style=\"text-align: center;\"><a href=\"http:\/\/www.pr-neu.de\/newsroom\/wordpress\/wp-content\/uploads\/2023\/12\/23-17_Fenster_alt_und_neu_K.jpg\" target=\"_blank\" rel=\"noopener\"><img loading=\"lazy\" decoding=\"async\" class=\"wp-image-16402 size-medium\" src=\"http:\/\/www.pr-neu.de\/newsroom\/wordpress\/wp-content\/uploads\/2023\/12\/23-17_Fenster_alt_und_neu_K-300x169.jpg\" alt=\"\" width=\"300\" height=\"169\" srcset=\"https:\/\/www.pr-neu.de\/newsroom\/wordpress\/wp-content\/uploads\/2023\/12\/23-17_Fenster_alt_und_neu_K-300x169.jpg 300w, https:\/\/www.pr-neu.de\/newsroom\/wordpress\/wp-content\/uploads\/2023\/12\/23-17_Fenster_alt_und_neu_K-1024x576.jpg 1024w, https:\/\/www.pr-neu.de\/newsroom\/wordpress\/wp-content\/uploads\/2023\/12\/23-17_Fenster_alt_und_neu_K-768x432.jpg 768w, https:\/\/www.pr-neu.de\/newsroom\/wordpress\/wp-content\/uploads\/2023\/12\/23-17_Fenster_alt_und_neu_K-1536x864.jpg 1536w, https:\/\/www.pr-neu.de\/newsroom\/wordpress\/wp-content\/uploads\/2023\/12\/23-17_Fenster_alt_und_neu_K-2048x1152.jpg 2048w, https:\/\/www.pr-neu.de\/newsroom\/wordpress\/wp-content\/uploads\/2023\/12\/23-17_Fenster_alt_und_neu_K-110x62.jpg 110w, https:\/\/www.pr-neu.de\/newsroom\/wordpress\/wp-content\/uploads\/2023\/12\/23-17_Fenster_alt_und_neu_K-420x236.jpg 420w, https:\/\/www.pr-neu.de\/newsroom\/wordpress\/wp-content\/uploads\/2023\/12\/23-17_Fenster_alt_und_neu_K-770x430.jpg 770w, https:\/\/www.pr-neu.de\/newsroom\/wordpress\/wp-content\/uploads\/2023\/12\/23-17_Fenster_alt_und_neu_K-764x430.jpg 764w\" sizes=\"auto, (max-width: 300px) 100vw, 300px\" \/><\/a><\/p>\n<p style=\"text-align: center;\">Die zweifach verglasten Scheiben der ersten Generation (links) ersetzen die Monteure durch eine anspruchsvolle, dreifach verglaste Variante (rechts), welche die modernen norddeutschen Anforderungen in Bezug auf Schlagregendichtigkeit und Luftdichtigkeit erf\u00fcllen.<\/p>\n<p style=\"text-align: center;\">Alle Bilder: Hanno Werk GmbH &amp; Co. KG<\/p>\n<p>&nbsp;<\/p>\n<hr \/>\n<p>&nbsp;<\/p>\n<p>Abdruck honorarfrei, Belegexemplar erbeten<\/p>\n","protected":false},"excerpt":{"rendered":"<p>Eine Bestandsanierung fordert Fachkenntnisse, gutes Werkzeug und Profi-Produkte f\u00fcr erstklassige Qualit\u00e4t. Der Montagebetrieb Ha\u00df zeigt bei der Fenstererneuerung eines Mehrfamilienhauses in Rendsburg, wie es geht.<\/p>\n","protected":false},"author":10,"featured_media":16401,"comment_status":"closed","ping_status":"open","sticky":false,"template":"","format":"standard","meta":{"footnotes":""},"categories":[655],"tags":[194,1743,1745,2774,353,2776,430,439,638,2772],"class_list":["post-16397","post","type-post","status-publish","format-standard","has-post-thumbnail","hentry","category-hanno","tag-fenster","tag-hanno","tag-hannoband","tag-hass","tag-mehrfamilienhaus","tag-montagebetriebhass","tag-renovierung","tag-sanierung","tag-wohnbau","tag-wohnhaus"],"_links":{"self":[{"href":"https:\/\/www.pr-neu.de\/newsroom\/wp-json\/wp\/v2\/posts\/16397","targetHints":{"allow":["GET"]}}],"collection":[{"href":"https:\/\/www.pr-neu.de\/newsroom\/wp-json\/wp\/v2\/posts"}],"about":[{"href":"https:\/\/www.pr-neu.de\/newsroom\/wp-json\/wp\/v2\/types\/post"}],"author":[{"embeddable":true,"href":"https:\/\/www.pr-neu.de\/newsroom\/wp-json\/wp\/v2\/users\/10"}],"replies":[{"embeddable":true,"href":"https:\/\/www.pr-neu.de\/newsroom\/wp-json\/wp\/v2\/comments?post=16397"}],"version-history":[{"count":2,"href":"https:\/\/www.pr-neu.de\/newsroom\/wp-json\/wp\/v2\/posts\/16397\/revisions"}],"predecessor-version":[{"id":16406,"href":"https:\/\/www.pr-neu.de\/newsroom\/wp-json\/wp\/v2\/posts\/16397\/revisions\/16406"}],"wp:featuredmedia":[{"embeddable":true,"href":"https:\/\/www.pr-neu.de\/newsroom\/wp-json\/wp\/v2\/media\/16401"}],"wp:attachment":[{"href":"https:\/\/www.pr-neu.de\/newsroom\/wp-json\/wp\/v2\/media?parent=16397"}],"wp:term":[{"taxonomy":"category","embeddable":true,"href":"https:\/\/www.pr-neu.de\/newsroom\/wp-json\/wp\/v2\/categories?post=16397"},{"taxonomy":"post_tag","embeddable":true,"href":"https:\/\/www.pr-neu.de\/newsroom\/wp-json\/wp\/v2\/tags?post=16397"}],"curies":[{"name":"wp","href":"https:\/\/api.w.org\/{rel}","templated":true}]}}