{"id":16394,"date":"2023-12-12T10:19:10","date_gmt":"2023-12-12T09:19:10","guid":{"rendered":"https:\/\/www.pr-neu.de\/newsroom\/?p=16394"},"modified":"2025-10-06T10:45:21","modified_gmt":"2025-10-06T08:45:21","slug":"der-lastenprimus-unter-den-lamellendaechern","status":"publish","type":"post","link":"https:\/\/www.pr-neu.de\/newsroom\/der-lastenprimus-unter-den-lamellendaechern\/","title":{"rendered":"Der Lastenprimus unter den Lamellend\u00e4chern"},"content":{"rendered":"<p><u>Lamellendach tr\u00e4gt bis 350 kg\/m\u00b2 Schnee<\/u><\/p>\n<p><strong>Mit einer Tragf\u00e4higkeit von 350 Kilogramm\/Quadratmeter ist das Lamellendach von TS-Aluminium au\u00dfergew\u00f6hnlich hoch belastbar und bietet so zum Beispiel auch in \u00d6sterreichs schneereichen Gebieten hohe Sicherheit. Die innovative Lamellensteuerung erm\u00f6glicht zudem individuelle Wahl zwischen Sonne und Schatten unter dem Dach. Aufgrund der Statik ist es nicht nur als Beschattung, sondern auch als Dach nutzbar.<\/strong><\/p>\n<p>Die Qualit\u00e4t eines Terrassendaches zeigt sich in seiner Witterungsbest\u00e4ndigkeit. Wind wirkt besonders auf Lamellend\u00e4cher, der Winter in \u00d6sterreich kann zu hohen Schneelasten f\u00fchren. Hohe Sicherheit bietet hier das neue Lamellendach von TS-Aluminium: Es tr\u00e4gt geschlossen bis 350 Kilogramm pro Quadratmeter und beweist damit die Stabilit\u00e4t der Konstruktion, die auch bei starkem Wind nicht zu Schaden kommt. Aus diesem Grund ist es nicht nur als Beschattung, sondern auch als Dach nutzbar.<\/p>\n<p>Es \u00fcberzeugt zudem durch seine breite Funktionsvielfalt: Die bis 135 Grad drehbaren Lamellen regulieren Licht, Schatten und nat\u00fcrliche Bel\u00fcftung unter dem Dach ganz nach Wunsch \u2013 bequem per App oder Fernbedienung. Eine hochwertige Wetterautomatik (Regenw\u00e4chter) sorgt daf\u00fcr, dass sich das Dach bei Niederschlag von alleine schlie\u00dft.<\/p>\n<p>Als erstes \u00dcberdachungssystem ist die Kombination von Flachdach und Lamellendach m\u00f6glich. Weitere Ausstattungsoptionen wie LED-Beleuchtung oder Heizsysteme verbreitern die Individualisierbarkeit. Der Farbton des Lamellendaches ist dank der werkseitigen Pulverbeschichtung frei w\u00e4hlbar, die Profile kommen gleich im Wunschfarbton auf die Baustelle.<\/p>\n<p>Konstruktionen bis 6,00 Meter Breite und 4,50 Meter Tiefe f\u00fcgen sich durch das geradlinige Design harmonisch in die Architektur von Haus und Garten ein \u2013 egal ob freistehend oder direkt vor die Wand montiert. In der Breite sind bei der Flachdach- und Lamellendach-Kombination keine Grenzen gesetzt, Elemente lassen sich einfach koppeln. Der Zuschnitt des Systems erfolgt einfach und ohne Spezialwerkzeug. Ebenso besteht die Option, ein Dach vorkonfektioniert, also als auf Ma\u00df zugeschnittenen Bausatz zu beziehen.<\/p>\n<p>Mehr Infos unter:<br \/>\n<a href=\"https:\/\/www.ts-alu.com\/produkte\/dachprofilsysteme\/lamellendach\/\" target=\"_blank\" rel=\"noopener\">www.ts-alu.com\/produkte\/dachprofilsysteme\/lamellendach\/<\/a><\/p>\n<p>&nbsp;<\/p>\n<hr \/>\n<p>&nbsp;<\/p>\n<p style=\"text-align: center;\"><a href=\"http:\/\/www.pr-neu.de\/newsroom\/wordpress\/wp-content\/uploads\/2023\/12\/23-02-AT_Lamellendach_Traglast_K.jpg\" target=\"_blank\" rel=\"noopener\"><img loading=\"lazy\" decoding=\"async\" class=\"wp-image-16395 size-medium\" src=\"http:\/\/www.pr-neu.de\/newsroom\/wordpress\/wp-content\/uploads\/2023\/12\/23-02-AT_Lamellendach_Traglast_K-300x236.jpg\" alt=\"\" width=\"300\" height=\"236\" srcset=\"https:\/\/www.pr-neu.de\/newsroom\/wordpress\/wp-content\/uploads\/2023\/12\/23-02-AT_Lamellendach_Traglast_K-300x236.jpg 300w, https:\/\/www.pr-neu.de\/newsroom\/wordpress\/wp-content\/uploads\/2023\/12\/23-02-AT_Lamellendach_Traglast_K-1024x806.jpg 1024w, https:\/\/www.pr-neu.de\/newsroom\/wordpress\/wp-content\/uploads\/2023\/12\/23-02-AT_Lamellendach_Traglast_K-768x605.jpg 768w, https:\/\/www.pr-neu.de\/newsroom\/wordpress\/wp-content\/uploads\/2023\/12\/23-02-AT_Lamellendach_Traglast_K-1536x1210.jpg 1536w, https:\/\/www.pr-neu.de\/newsroom\/wordpress\/wp-content\/uploads\/2023\/12\/23-02-AT_Lamellendach_Traglast_K-2048x1613.jpg 2048w, https:\/\/www.pr-neu.de\/newsroom\/wordpress\/wp-content\/uploads\/2023\/12\/23-02-AT_Lamellendach_Traglast_K-110x87.jpg 110w, https:\/\/www.pr-neu.de\/newsroom\/wordpress\/wp-content\/uploads\/2023\/12\/23-02-AT_Lamellendach_Traglast_K-420x331.jpg 420w, https:\/\/www.pr-neu.de\/newsroom\/wordpress\/wp-content\/uploads\/2023\/12\/23-02-AT_Lamellendach_Traglast_K-546x430.jpg 546w\" sizes=\"auto, (max-width: 300px) 100vw, 300px\" \/><\/a><\/p>\n<p style=\"text-align: center;\">Das Lamellendach von TS-Aluminium tr\u00e4gt geschlossen bis 350 Kilogramm Schneelast pro Quadratmeter \u2013 und ist nicht nur eine Beschattung, sondern auch ein Dach.<br \/>\nBild: TS-Aluminium-Profilsysteme GmbH &amp; Co. KG<\/p>\n<p>&nbsp;<\/p>\n<hr \/>\n<p>&nbsp;<\/p>\n<p>Abdruck honorarfrei, Belegexemplar erbeten<\/p>\n","protected":false},"excerpt":{"rendered":"<p>Mit einer Tragf\u00e4higkeit von 350 Kilogramm\/Quadratmeter ist das Lamellendach von TS-Aluminium au\u00dfergew\u00f6hnlich hoch belastbar und bietet so zum Beispiel auch in \u00d6sterreichs schneereichen Gebieten hohe Sicherheit.<\/p>\n","protected":false},"author":10,"featured_media":16395,"comment_status":"closed","ping_status":"open","sticky":false,"template":"","format":"standard","meta":{"footnotes":""},"categories":[1761],"tags":[2061,1883,2736,2613,2770,2055,1895,2768,1793,634,635],"class_list":["post-16394","post","type-post","status-publish","format-standard","has-post-thumbnail","hentry","category-ts-aluminium","tag-lamellen","tag-lamellendach","tag-oesterreich","tag-schnee","tag-schneelast","tag-terrasse","tag-terrassendach","tag-ts-alu","tag-ts-aluminium","tag-winter","tag-wintergarten"],"_links":{"self":[{"href":"https:\/\/www.pr-neu.de\/newsroom\/wp-json\/wp\/v2\/posts\/16394","targetHints":{"allow":["GET"]}}],"collection":[{"href":"https:\/\/www.pr-neu.de\/newsroom\/wp-json\/wp\/v2\/posts"}],"about":[{"href":"https:\/\/www.pr-neu.de\/newsroom\/wp-json\/wp\/v2\/types\/post"}],"author":[{"embeddable":true,"href":"https:\/\/www.pr-neu.de\/newsroom\/wp-json\/wp\/v2\/users\/10"}],"replies":[{"embeddable":true,"href":"https:\/\/www.pr-neu.de\/newsroom\/wp-json\/wp\/v2\/comments?post=16394"}],"version-history":[{"count":2,"href":"https:\/\/www.pr-neu.de\/newsroom\/wp-json\/wp\/v2\/posts\/16394\/revisions"}],"predecessor-version":[{"id":17947,"href":"https:\/\/www.pr-neu.de\/newsroom\/wp-json\/wp\/v2\/posts\/16394\/revisions\/17947"}],"wp:featuredmedia":[{"embeddable":true,"href":"https:\/\/www.pr-neu.de\/newsroom\/wp-json\/wp\/v2\/media\/16395"}],"wp:attachment":[{"href":"https:\/\/www.pr-neu.de\/newsroom\/wp-json\/wp\/v2\/media?parent=16394"}],"wp:term":[{"taxonomy":"category","embeddable":true,"href":"https:\/\/www.pr-neu.de\/newsroom\/wp-json\/wp\/v2\/categories?post=16394"},{"taxonomy":"post_tag","embeddable":true,"href":"https:\/\/www.pr-neu.de\/newsroom\/wp-json\/wp\/v2\/tags?post=16394"}],"curies":[{"name":"wp","href":"https:\/\/api.w.org\/{rel}","templated":true}]}}