{"id":16385,"date":"2023-12-11T10:37:35","date_gmt":"2023-12-11T09:37:35","guid":{"rendered":"https:\/\/www.pr-neu.de\/newsroom\/?p=16385"},"modified":"2023-12-13T09:56:56","modified_gmt":"2023-12-13T08:56:56","slug":"sockel-und-scheibe","status":"publish","type":"post","link":"https:\/\/www.pr-neu.de\/newsroom\/sockel-und-scheibe\/","title":{"rendered":"Sockel und Scheibe"},"content":{"rendered":"<p><u>Objektreport: Wohnanlage im Seeparkquartier, Wien<\/u><\/p>\n<p>Noch bis in die 2030er Jahre entsteht in Wien ein moderner Stadtteil, der Wohnen, leben und arbeiten vereint: Die Seestadt Aspern, eines der gr\u00f6\u00dften Stadtentwicklungsgebiete in Europa. In mehreren Etappen w\u00e4chst hier Wohnraum f\u00fcr mehr als 25.000 Menschen und Platz f\u00fcr 20.000 Arbeits- und Ausbildungspl\u00e4tze. Auf diesem Areal wetteifern auch fortschrittliche Architektur-Ans\u00e4tze \u2013 technisch vorbildlich, \u00e4sthetisch eigenst\u00e4ndig, nachhaltig. Beispielhaft daf\u00fcr steht der Bau von Hillinger Mayrhofer Architekten. Mit der H\u00f6he und dem ausdifferenzierten Sockelgeschoss reagiert das Geb\u00e4ude auf die st\u00e4dtebaulich prominente Lage.<\/p>\n<p>Der Entwurf kombiniert zwei grundlegende Architekturelemente: Scheibe und Sockel. Mit Einschnitten, Vor- und R\u00fcckspr\u00fcngen im Sockel entstehen Vorplatz, gesch\u00fctzte Zonen und die Eing\u00e4nge. Das weit hervortretende Dach des Sockelgeschosses verbindet den schlanken Bauk\u00f6rper mit dem Stadtraum \u2013 und dient den Bewohnern zugleich als Dachterrasse und so als gro\u00dfz\u00fcgiger Au\u00dfenraum. Die Materialit\u00e4t unterstreicht das Spiel von Sockel und Scheibe: Im Erdgeschoss betonen dunkle Klinkerriemchen die horizontale Achse, die Fassadensegmente der Obergeschosse heben sich davon deutlich ab: Wei\u00dfbeton, mit Matrizen behandelt, gestaltet die Balkonbr\u00fcstungen. Um trotz der Balkone viel Tageslicht in den Innenraum zu lassen, sind diese versetzt angeordnet \u2013 was zugleich f\u00fcr Akzente in der Scheibe sorgt.<\/p>\n<p>&nbsp;<\/p>\n<hr \/>\n<p>&nbsp;<\/p>\n<p><strong>Bautafel: Wohngeb\u00e4ude, Wien<\/strong><\/p>\n<p>Standort<br \/>\nSeestadt Aspern, Wien<\/p>\n<p>Bauherr<br \/>\nBUWOG, Wien<\/p>\n<p>Architekt<br \/>\nHillinger Mayrhofer Architekten, Wien<\/p>\n<p>&nbsp;<\/p>\n<p><strong>Sto-Kompetenzen<\/strong><br \/>\nWDVS StoTherm Vario mit Klinkeroberfl\u00e4che StoBrick<\/p>\n<p>&nbsp;<\/p>\n<hr \/>\n<p>&nbsp;<\/p>\n<p style=\"text-align: center;\"><a href=\"http:\/\/www.pr-neu.de\/newsroom\/wordpress\/wp-content\/uploads\/2023\/12\/23_36_Seepark_1_K.jpg\" target=\"_blank\" rel=\"noopener\"><img loading=\"lazy\" decoding=\"async\" class=\"alignnone wp-image-16387 size-medium\" src=\"http:\/\/www.pr-neu.de\/newsroom\/wordpress\/wp-content\/uploads\/2023\/12\/23_36_Seepark_1_K-300x200.jpg\" alt=\"\" width=\"300\" height=\"200\" srcset=\"https:\/\/www.pr-neu.de\/newsroom\/wordpress\/wp-content\/uploads\/2023\/12\/23_36_Seepark_1_K-300x200.jpg 300w, https:\/\/www.pr-neu.de\/newsroom\/wordpress\/wp-content\/uploads\/2023\/12\/23_36_Seepark_1_K-1024x683.jpg 1024w, https:\/\/www.pr-neu.de\/newsroom\/wordpress\/wp-content\/uploads\/2023\/12\/23_36_Seepark_1_K-768x512.jpg 768w, https:\/\/www.pr-neu.de\/newsroom\/wordpress\/wp-content\/uploads\/2023\/12\/23_36_Seepark_1_K-1536x1024.jpg 1536w, https:\/\/www.pr-neu.de\/newsroom\/wordpress\/wp-content\/uploads\/2023\/12\/23_36_Seepark_1_K-2048x1365.jpg 2048w, https:\/\/www.pr-neu.de\/newsroom\/wordpress\/wp-content\/uploads\/2023\/12\/23_36_Seepark_1_K-110x73.jpg 110w, https:\/\/www.pr-neu.de\/newsroom\/wordpress\/wp-content\/uploads\/2023\/12\/23_36_Seepark_1_K-420x280.jpg 420w, https:\/\/www.pr-neu.de\/newsroom\/wordpress\/wp-content\/uploads\/2023\/12\/23_36_Seepark_1_K-645x430.jpg 645w\" sizes=\"auto, (max-width: 300px) 100vw, 300px\" \/><\/a><\/p>\n<p style=\"text-align: center;\"><a href=\"http:\/\/www.pr-neu.de\/newsroom\/wordpress\/wp-content\/uploads\/2023\/12\/23_36_Seepark_2_K.jpg\" target=\"_blank\" rel=\"noopener\"><img loading=\"lazy\" decoding=\"async\" class=\"alignnone wp-image-16388 size-medium\" src=\"http:\/\/www.pr-neu.de\/newsroom\/wordpress\/wp-content\/uploads\/2023\/12\/23_36_Seepark_2_K-300x200.jpg\" alt=\"\" width=\"300\" height=\"200\" srcset=\"https:\/\/www.pr-neu.de\/newsroom\/wordpress\/wp-content\/uploads\/2023\/12\/23_36_Seepark_2_K-300x200.jpg 300w, https:\/\/www.pr-neu.de\/newsroom\/wordpress\/wp-content\/uploads\/2023\/12\/23_36_Seepark_2_K-1024x683.jpg 1024w, https:\/\/www.pr-neu.de\/newsroom\/wordpress\/wp-content\/uploads\/2023\/12\/23_36_Seepark_2_K-768x512.jpg 768w, https:\/\/www.pr-neu.de\/newsroom\/wordpress\/wp-content\/uploads\/2023\/12\/23_36_Seepark_2_K-1536x1024.jpg 1536w, https:\/\/www.pr-neu.de\/newsroom\/wordpress\/wp-content\/uploads\/2023\/12\/23_36_Seepark_2_K-2048x1365.jpg 2048w, https:\/\/www.pr-neu.de\/newsroom\/wordpress\/wp-content\/uploads\/2023\/12\/23_36_Seepark_2_K-110x73.jpg 110w, https:\/\/www.pr-neu.de\/newsroom\/wordpress\/wp-content\/uploads\/2023\/12\/23_36_Seepark_2_K-420x280.jpg 420w, https:\/\/www.pr-neu.de\/newsroom\/wordpress\/wp-content\/uploads\/2023\/12\/23_36_Seepark_2_K-645x430.jpg 645w\" sizes=\"auto, (max-width: 300px) 100vw, 300px\" \/><\/a><\/p>\n<p style=\"text-align: center;\"><a href=\"http:\/\/www.pr-neu.de\/newsroom\/wordpress\/wp-content\/uploads\/2023\/12\/23_36_Seepark_3_K.jpg\" target=\"_blank\" rel=\"noopener\"><img loading=\"lazy\" decoding=\"async\" class=\"alignnone wp-image-16389 size-medium\" src=\"http:\/\/www.pr-neu.de\/newsroom\/wordpress\/wp-content\/uploads\/2023\/12\/23_36_Seepark_3_K-300x200.jpg\" alt=\"\" width=\"300\" height=\"200\" srcset=\"https:\/\/www.pr-neu.de\/newsroom\/wordpress\/wp-content\/uploads\/2023\/12\/23_36_Seepark_3_K-300x200.jpg 300w, https:\/\/www.pr-neu.de\/newsroom\/wordpress\/wp-content\/uploads\/2023\/12\/23_36_Seepark_3_K-1024x683.jpg 1024w, https:\/\/www.pr-neu.de\/newsroom\/wordpress\/wp-content\/uploads\/2023\/12\/23_36_Seepark_3_K-768x512.jpg 768w, https:\/\/www.pr-neu.de\/newsroom\/wordpress\/wp-content\/uploads\/2023\/12\/23_36_Seepark_3_K-1536x1024.jpg 1536w, https:\/\/www.pr-neu.de\/newsroom\/wordpress\/wp-content\/uploads\/2023\/12\/23_36_Seepark_3_K-2048x1365.jpg 2048w, https:\/\/www.pr-neu.de\/newsroom\/wordpress\/wp-content\/uploads\/2023\/12\/23_36_Seepark_3_K-110x73.jpg 110w, https:\/\/www.pr-neu.de\/newsroom\/wordpress\/wp-content\/uploads\/2023\/12\/23_36_Seepark_3_K-420x280.jpg 420w, https:\/\/www.pr-neu.de\/newsroom\/wordpress\/wp-content\/uploads\/2023\/12\/23_36_Seepark_3_K-645x430.jpg 645w\" sizes=\"auto, (max-width: 300px) 100vw, 300px\" \/><\/a><\/p>\n<p><a href=\"http:\/\/www.pr-neu.de\/newsroom\/wordpress\/wp-content\/uploads\/2023\/12\/23_36_Seepark_4_K.jpg\" target=\"_blank\" rel=\"noopener\"><img loading=\"lazy\" decoding=\"async\" class=\"aligncenter wp-image-16390 size-medium\" src=\"http:\/\/www.pr-neu.de\/newsroom\/wordpress\/wp-content\/uploads\/2023\/12\/23_36_Seepark_4_K-300x227.jpg\" alt=\"\" width=\"300\" height=\"227\" srcset=\"https:\/\/www.pr-neu.de\/newsroom\/wordpress\/wp-content\/uploads\/2023\/12\/23_36_Seepark_4_K-300x227.jpg 300w, https:\/\/www.pr-neu.de\/newsroom\/wordpress\/wp-content\/uploads\/2023\/12\/23_36_Seepark_4_K-1024x775.jpg 1024w, https:\/\/www.pr-neu.de\/newsroom\/wordpress\/wp-content\/uploads\/2023\/12\/23_36_Seepark_4_K-768x581.jpg 768w, https:\/\/www.pr-neu.de\/newsroom\/wordpress\/wp-content\/uploads\/2023\/12\/23_36_Seepark_4_K-1536x1162.jpg 1536w, https:\/\/www.pr-neu.de\/newsroom\/wordpress\/wp-content\/uploads\/2023\/12\/23_36_Seepark_4_K-2048x1550.jpg 2048w, https:\/\/www.pr-neu.de\/newsroom\/wordpress\/wp-content\/uploads\/2023\/12\/23_36_Seepark_4_K-110x83.jpg 110w, https:\/\/www.pr-neu.de\/newsroom\/wordpress\/wp-content\/uploads\/2023\/12\/23_36_Seepark_4_K-420x318.jpg 420w, https:\/\/www.pr-neu.de\/newsroom\/wordpress\/wp-content\/uploads\/2023\/12\/23_36_Seepark_4_K-568x430.jpg 568w\" sizes=\"auto, (max-width: 300px) 100vw, 300px\" \/><\/a><\/p>\n<p style=\"text-align: center;\">Der langgezogene Sockel verbindet das Wohnhaus mit dem Stadtraum und gibt den 103 Wohnungen weiten Raum. Versetzt angeordnete Balkone gliedern die Scheibe und lassen viel Tageslicht im Innenraum zu.<br \/>\nFotos: Christian Schellander \/ Sto SE &amp; Co. KGaA<\/p>\n<p>&nbsp;<\/p>\n<hr \/>\n<p>&nbsp;<\/p>\n<p>Abdruck honorarfrei, Belegexemplar erbeten<\/p>\n","protected":false},"excerpt":{"rendered":"<p>Die Seestadt Aspern, eines der gr\u00f6\u00dften Stadtentwicklungsgebiete in Europa. In mehreren Etappen w\u00e4chst hier Wohnraum f\u00fcr mehr als 25.000 Menschen und Platz f\u00fcr 20.000 Arbeits- und Ausbildungspl\u00e4tze.<\/p>\n","protected":false},"author":9,"featured_media":16390,"comment_status":"closed","ping_status":"open","sticky":false,"template":"","format":"standard","meta":{"footnotes":""},"categories":[15],"tags":[2752,2440,124,187,1707,385,2756,2758,2760,2754,504,2764,533,627,2766,638,2762],"class_list":["post-16385","post","type-post","status-publish","format-standard","has-post-thumbnail","hentry","category-sto","tag-aspern","tag-aussenwand","tag-dammung","tag-fassade","tag-klinker","tag-objektbericht","tag-seepark","tag-seeparkquartier","tag-seequartier","tag-seestadt","tag-sto-2","tag-stobrick","tag-stotherm","tag-wdvs","tag-wien","tag-wohnbau","tag-wohngabaeude"],"_links":{"self":[{"href":"https:\/\/www.pr-neu.de\/newsroom\/wp-json\/wp\/v2\/posts\/16385","targetHints":{"allow":["GET"]}}],"collection":[{"href":"https:\/\/www.pr-neu.de\/newsroom\/wp-json\/wp\/v2\/posts"}],"about":[{"href":"https:\/\/www.pr-neu.de\/newsroom\/wp-json\/wp\/v2\/types\/post"}],"author":[{"embeddable":true,"href":"https:\/\/www.pr-neu.de\/newsroom\/wp-json\/wp\/v2\/users\/9"}],"replies":[{"embeddable":true,"href":"https:\/\/www.pr-neu.de\/newsroom\/wp-json\/wp\/v2\/comments?post=16385"}],"version-history":[{"count":5,"href":"https:\/\/www.pr-neu.de\/newsroom\/wp-json\/wp\/v2\/posts\/16385\/revisions"}],"predecessor-version":[{"id":16407,"href":"https:\/\/www.pr-neu.de\/newsroom\/wp-json\/wp\/v2\/posts\/16385\/revisions\/16407"}],"wp:featuredmedia":[{"embeddable":true,"href":"https:\/\/www.pr-neu.de\/newsroom\/wp-json\/wp\/v2\/media\/16390"}],"wp:attachment":[{"href":"https:\/\/www.pr-neu.de\/newsroom\/wp-json\/wp\/v2\/media?parent=16385"}],"wp:term":[{"taxonomy":"category","embeddable":true,"href":"https:\/\/www.pr-neu.de\/newsroom\/wp-json\/wp\/v2\/categories?post=16385"},{"taxonomy":"post_tag","embeddable":true,"href":"https:\/\/www.pr-neu.de\/newsroom\/wp-json\/wp\/v2\/tags?post=16385"}],"curies":[{"name":"wp","href":"https:\/\/api.w.org\/{rel}","templated":true}]}}