{"id":16376,"date":"2023-12-05T08:00:08","date_gmt":"2023-12-05T07:00:08","guid":{"rendered":"https:\/\/www.pr-neu.de\/newsroom\/?p=16376"},"modified":"2023-12-04T16:16:20","modified_gmt":"2023-12-04T15:16:20","slug":"lager-zu-bueros","status":"publish","type":"post","link":"https:\/\/www.pr-neu.de\/newsroom\/lager-zu-bueros\/","title":{"rendered":"Lager zu B\u00fcros!"},"content":{"rendered":"<p><u>Sanierungsreport: Tech-Headquarter, Kopenhagen<\/u><\/p>\n<p>Abriss \u2013 ein naheliegender Gedanke bei einem alten, Grafitti-verunstalteten Lager, von dem nur noch das rohe Mauerwerk steht. Mangor &amp; Nagel Arkitekter (Kopenhagen) w\u00e4hlten einen besseren, nachhaltigeren Weg: Sie transformierten den Bau in repr\u00e4sentative B\u00fcros. 60 Jahre nach seiner Errichtung ist das Geb\u00e4ude heute die Zentrale eines Sporttechnik-Unternehmens. Die H\u00f6he der R\u00e4ume wurde f\u00fcr die B\u00fcros beibehalten. Um mehr Licht in das Innere zu holen, erhielt die vormals geschlossene Stirnseite neue \u00d6ffnungen \u2013 im Raster der L\u00e4ngsseiten. So wirkt der Bauk\u00f6rper aus einem Guss, die B\u00fcros sind lichtdurchflutet. Der industrielle Charakter des Bauwerks ist auch nach der Sanierung ablesbar: Sichtbetonfl\u00e4chen und Sprossenfenster mit schlanken Stahlprofilen interpretieren die Historie des Bauwerks in einer modernen Sprache. Vielf\u00e4ltig auch die Nutzung: Gro\u00dfraumb\u00fcro, Produktion, Kantine und Caf\u00e9, sogar ein Fu\u00dfballfeld finden hier ihren Platz. Den Zeitsprung in die 2020er macht die Fassade mit: F\u00fcr W\u00e4rmeschutz in den nordischen Wintern sorgt ein nichtbrennbares, mineralisches D\u00e4mmsystem (StoTherm Mineral). Mit der Schlussbeschichtung StoColor Lotusan bleibt die Fassade zudem lange sauber, da Regen Verschmutzungen absp\u00fclt.<\/p>\n<p>&nbsp;<\/p>\n<hr \/>\n<p>&nbsp;<\/p>\n<p><strong>Bautafel: Tech-Headquarter, Kopenhagen<\/strong><\/p>\n<p>Standort<br \/>\nRovsingsgade, Kopenhagen \/ D\u00e4nemark<\/p>\n<p>Architekten<br \/>\nMangor + Nagel Arkitekter, Kopenhagen<\/p>\n<p>Sto-Kompetenzen<br \/>\nWDV-System StoTherm Mineral, StoColor Lotusan<\/p>\n<p>&nbsp;<\/p>\n<hr \/>\n<p>&nbsp;<\/p>\n<p><a href=\"http:\/\/www.pr-neu.de\/newsroom\/wordpress\/wp-content\/uploads\/2023\/12\/23_42_Kopenhagen_1_K.jpg\" target=\"_blank\" rel=\"noopener\"><img loading=\"lazy\" decoding=\"async\" class=\"wp-image-16377 size-medium aligncenter\" src=\"http:\/\/www.pr-neu.de\/newsroom\/wordpress\/wp-content\/uploads\/2023\/12\/23_42_Kopenhagen_1_K-300x200.jpg\" alt=\"\" width=\"300\" height=\"200\" srcset=\"https:\/\/www.pr-neu.de\/newsroom\/wordpress\/wp-content\/uploads\/2023\/12\/23_42_Kopenhagen_1_K-300x200.jpg 300w, https:\/\/www.pr-neu.de\/newsroom\/wordpress\/wp-content\/uploads\/2023\/12\/23_42_Kopenhagen_1_K-1024x683.jpg 1024w, https:\/\/www.pr-neu.de\/newsroom\/wordpress\/wp-content\/uploads\/2023\/12\/23_42_Kopenhagen_1_K-768x512.jpg 768w, https:\/\/www.pr-neu.de\/newsroom\/wordpress\/wp-content\/uploads\/2023\/12\/23_42_Kopenhagen_1_K-1536x1024.jpg 1536w, https:\/\/www.pr-neu.de\/newsroom\/wordpress\/wp-content\/uploads\/2023\/12\/23_42_Kopenhagen_1_K-2048x1365.jpg 2048w, https:\/\/www.pr-neu.de\/newsroom\/wordpress\/wp-content\/uploads\/2023\/12\/23_42_Kopenhagen_1_K-110x73.jpg 110w, https:\/\/www.pr-neu.de\/newsroom\/wordpress\/wp-content\/uploads\/2023\/12\/23_42_Kopenhagen_1_K-420x280.jpg 420w, https:\/\/www.pr-neu.de\/newsroom\/wordpress\/wp-content\/uploads\/2023\/12\/23_42_Kopenhagen_1_K-645x430.jpg 645w\" sizes=\"auto, (max-width: 300px) 100vw, 300px\" \/><\/a><\/p>\n<p><a href=\"http:\/\/www.pr-neu.de\/newsroom\/wordpress\/wp-content\/uploads\/2023\/12\/23_42_Kopenhagen_2_K.jpg\" target=\"_blank\" rel=\"noopener\"><img loading=\"lazy\" decoding=\"async\" class=\"wp-image-16378 size-medium aligncenter\" src=\"http:\/\/www.pr-neu.de\/newsroom\/wordpress\/wp-content\/uploads\/2023\/12\/23_42_Kopenhagen_2_K-300x200.jpg\" alt=\"\" width=\"300\" height=\"200\" srcset=\"https:\/\/www.pr-neu.de\/newsroom\/wordpress\/wp-content\/uploads\/2023\/12\/23_42_Kopenhagen_2_K-300x200.jpg 300w, https:\/\/www.pr-neu.de\/newsroom\/wordpress\/wp-content\/uploads\/2023\/12\/23_42_Kopenhagen_2_K-1024x683.jpg 1024w, https:\/\/www.pr-neu.de\/newsroom\/wordpress\/wp-content\/uploads\/2023\/12\/23_42_Kopenhagen_2_K-768x512.jpg 768w, https:\/\/www.pr-neu.de\/newsroom\/wordpress\/wp-content\/uploads\/2023\/12\/23_42_Kopenhagen_2_K-1536x1024.jpg 1536w, https:\/\/www.pr-neu.de\/newsroom\/wordpress\/wp-content\/uploads\/2023\/12\/23_42_Kopenhagen_2_K-2048x1365.jpg 2048w, https:\/\/www.pr-neu.de\/newsroom\/wordpress\/wp-content\/uploads\/2023\/12\/23_42_Kopenhagen_2_K-110x73.jpg 110w, https:\/\/www.pr-neu.de\/newsroom\/wordpress\/wp-content\/uploads\/2023\/12\/23_42_Kopenhagen_2_K-420x280.jpg 420w, https:\/\/www.pr-neu.de\/newsroom\/wordpress\/wp-content\/uploads\/2023\/12\/23_42_Kopenhagen_2_K-645x430.jpg 645w\" sizes=\"auto, (max-width: 300px) 100vw, 300px\" \/><\/a><\/p>\n<p><a href=\"http:\/\/www.pr-neu.de\/newsroom\/wordpress\/wp-content\/uploads\/2023\/12\/23_42_Kopenhagen_3_K.jpg\" target=\"_blank\" rel=\"noopener\"><img loading=\"lazy\" decoding=\"async\" class=\"wp-image-16379 size-medium aligncenter\" src=\"http:\/\/www.pr-neu.de\/newsroom\/wordpress\/wp-content\/uploads\/2023\/12\/23_42_Kopenhagen_3_K-300x213.jpg\" alt=\"\" width=\"300\" height=\"213\" srcset=\"https:\/\/www.pr-neu.de\/newsroom\/wordpress\/wp-content\/uploads\/2023\/12\/23_42_Kopenhagen_3_K-300x213.jpg 300w, https:\/\/www.pr-neu.de\/newsroom\/wordpress\/wp-content\/uploads\/2023\/12\/23_42_Kopenhagen_3_K-1024x725.jpg 1024w, https:\/\/www.pr-neu.de\/newsroom\/wordpress\/wp-content\/uploads\/2023\/12\/23_42_Kopenhagen_3_K-768x544.jpg 768w, https:\/\/www.pr-neu.de\/newsroom\/wordpress\/wp-content\/uploads\/2023\/12\/23_42_Kopenhagen_3_K-1536x1088.jpg 1536w, https:\/\/www.pr-neu.de\/newsroom\/wordpress\/wp-content\/uploads\/2023\/12\/23_42_Kopenhagen_3_K-2048x1451.jpg 2048w, https:\/\/www.pr-neu.de\/newsroom\/wordpress\/wp-content\/uploads\/2023\/12\/23_42_Kopenhagen_3_K-110x78.jpg 110w, https:\/\/www.pr-neu.de\/newsroom\/wordpress\/wp-content\/uploads\/2023\/12\/23_42_Kopenhagen_3_K-420x298.jpg 420w, https:\/\/www.pr-neu.de\/newsroom\/wordpress\/wp-content\/uploads\/2023\/12\/23_42_Kopenhagen_3_K-607x430.jpg 607w\" sizes=\"auto, (max-width: 300px) 100vw, 300px\" \/><\/a><\/p>\n<p style=\"text-align: center;\">Moderne B\u00fcros im transformierten Lagerbau: Mit dem Umbau des Industriegeb\u00e4udes wurde ein abrissgef\u00e4hrderter Altbau erhalten. Die Architektursprache zeigt den traditionellen Bezug mit modernem Gesicht und zeitgem\u00e4\u00dfer Fassadentechnik: Ged\u00e4mmt und mit bionischer Fassadenfarbe.<\/p>\n<p>&nbsp;<\/p>\n<p><a href=\"http:\/\/www.pr-neu.de\/newsroom\/wordpress\/wp-content\/uploads\/2023\/12\/23_42_Kopenhagen_4_K.jpg\" target=\"_blank\" rel=\"noopener\"><img loading=\"lazy\" decoding=\"async\" class=\"wp-image-16380 size-medium aligncenter\" src=\"http:\/\/www.pr-neu.de\/newsroom\/wordpress\/wp-content\/uploads\/2023\/12\/23_42_Kopenhagen_4_K-300x200.jpg\" alt=\"\" width=\"300\" height=\"200\" srcset=\"https:\/\/www.pr-neu.de\/newsroom\/wordpress\/wp-content\/uploads\/2023\/12\/23_42_Kopenhagen_4_K-300x200.jpg 300w, https:\/\/www.pr-neu.de\/newsroom\/wordpress\/wp-content\/uploads\/2023\/12\/23_42_Kopenhagen_4_K-1024x682.jpg 1024w, https:\/\/www.pr-neu.de\/newsroom\/wordpress\/wp-content\/uploads\/2023\/12\/23_42_Kopenhagen_4_K-768x512.jpg 768w, https:\/\/www.pr-neu.de\/newsroom\/wordpress\/wp-content\/uploads\/2023\/12\/23_42_Kopenhagen_4_K-1536x1023.jpg 1536w, https:\/\/www.pr-neu.de\/newsroom\/wordpress\/wp-content\/uploads\/2023\/12\/23_42_Kopenhagen_4_K-2048x1364.jpg 2048w, https:\/\/www.pr-neu.de\/newsroom\/wordpress\/wp-content\/uploads\/2023\/12\/23_42_Kopenhagen_4_K-110x73.jpg 110w, https:\/\/www.pr-neu.de\/newsroom\/wordpress\/wp-content\/uploads\/2023\/12\/23_42_Kopenhagen_4_K-420x280.jpg 420w, https:\/\/www.pr-neu.de\/newsroom\/wordpress\/wp-content\/uploads\/2023\/12\/23_42_Kopenhagen_4_K-645x430.jpg 645w\" sizes=\"auto, (max-width: 300px) 100vw, 300px\" \/><\/a><\/p>\n<p style=\"text-align: center;\">Heruntergekommene Industrie-Brache: So sah der Leerstand aus, bevor Mangor &amp; Nagel Arkitekter das Bauwerk f\u00fcr seine heutige Nutzung transformierten.<\/p>\n<p style=\"text-align: center;\">Fotos: Michael Ellehammer \/ Sto SE &amp; Co. KGaA<\/p>\n<p>&nbsp;<\/p>\n<hr \/>\n<p>&nbsp;<\/p>\n<p>Abdruck honorarfrei, Belegexemplar erbeten<\/p>\n","protected":false},"excerpt":{"rendered":"<p>Bausubstanz erhalten: Ein Beispiel aus D\u00e4nemark zeigt, wie das durch Umnutzung geht. Hier wurde ein lange leerstehendes Lager zu einem modernen B\u00fcrobau inklusive Cafe und Kantine umgebaut.<\/p>\n","protected":false},"author":9,"featured_media":16379,"comment_status":"closed","ping_status":"open","sticky":false,"template":"","format":"standard","meta":{"footnotes":""},"categories":[15],"tags":[2746,2744,99,124,187,2750,345,439,504,533,2390,2748,627],"class_list":["post-16376","post","type-post","status-publish","format-standard","has-post-thumbnail","hentry","category-sto","tag-bauen-im-bestand","tag-bestand","tag-buro","tag-dammung","tag-fassade","tag-kopenhagen","tag-lotusan","tag-sanierung","tag-sto-2","tag-stotherm","tag-umbau","tag-umnutzung","tag-wdvs"],"_links":{"self":[{"href":"https:\/\/www.pr-neu.de\/newsroom\/wp-json\/wp\/v2\/posts\/16376","targetHints":{"allow":["GET"]}}],"collection":[{"href":"https:\/\/www.pr-neu.de\/newsroom\/wp-json\/wp\/v2\/posts"}],"about":[{"href":"https:\/\/www.pr-neu.de\/newsroom\/wp-json\/wp\/v2\/types\/post"}],"author":[{"embeddable":true,"href":"https:\/\/www.pr-neu.de\/newsroom\/wp-json\/wp\/v2\/users\/9"}],"replies":[{"embeddable":true,"href":"https:\/\/www.pr-neu.de\/newsroom\/wp-json\/wp\/v2\/comments?post=16376"}],"version-history":[{"count":3,"href":"https:\/\/www.pr-neu.de\/newsroom\/wp-json\/wp\/v2\/posts\/16376\/revisions"}],"predecessor-version":[{"id":16383,"href":"https:\/\/www.pr-neu.de\/newsroom\/wp-json\/wp\/v2\/posts\/16376\/revisions\/16383"}],"wp:featuredmedia":[{"embeddable":true,"href":"https:\/\/www.pr-neu.de\/newsroom\/wp-json\/wp\/v2\/media\/16379"}],"wp:attachment":[{"href":"https:\/\/www.pr-neu.de\/newsroom\/wp-json\/wp\/v2\/media?parent=16376"}],"wp:term":[{"taxonomy":"category","embeddable":true,"href":"https:\/\/www.pr-neu.de\/newsroom\/wp-json\/wp\/v2\/categories?post=16376"},{"taxonomy":"post_tag","embeddable":true,"href":"https:\/\/www.pr-neu.de\/newsroom\/wp-json\/wp\/v2\/tags?post=16376"}],"curies":[{"name":"wp","href":"https:\/\/api.w.org\/{rel}","templated":true}]}}