{"id":16363,"date":"2023-11-30T10:08:11","date_gmt":"2023-11-30T09:08:11","guid":{"rendered":"https:\/\/www.pr-neu.de\/newsroom\/?p=16363"},"modified":"2023-11-30T10:08:11","modified_gmt":"2023-11-30T09:08:11","slug":"ts-aluminium-seminare-2024-erstmals-in-oesterreich","status":"publish","type":"post","link":"https:\/\/www.pr-neu.de\/newsroom\/ts-aluminium-seminare-2024-erstmals-in-oesterreich\/","title":{"rendered":"TS-Aluminium Seminare 2024 erstmals in \u00d6sterreich"},"content":{"rendered":"<p><u>Know-how von der TS-Aluminium Akademie<\/u><\/p>\n<p>Mit den aktuellen Terminen f\u00fcr 2024 weitet TS-Aluminium sein Seminarangebot aus und pr\u00e4sentiert seine serviceorientierten Praxiskurse erstmals auch in \u00d6sterreich.<\/p>\n<p>Als Partner des Handwerks teilt TS-Aluminium sein Fachwissen zum Sommergarten-, Wintergarten- und Terrassendachbau. F\u00fcr 2024 sind die Seminare der TS-Aluminium-Akademie erstmals an zwei Veranstaltungsorten in \u00d6sterreich verf\u00fcgbar. In Graz und St. P\u00f6lten veranstaltet der f\u00fchrende Profil-Hersteller Ende Januar seine Seminare zur Planung von Winterg\u00e4rten, Sommerg\u00e4rten und Terrassen\u00fcberdachungen \u2013 praxisnah und zugeschnitten auf die Anforderungen von Planern. Die Seminare umfassen alle wichtigen Grundlagen inklusive hilfreicher Tools wie dem Online-Konfigurator. Neben Statik, Schneelastermittlung und Profilauswahl erfahren Planer unter anderem Wesentliches \u00fcber St\u00fctzenauswahl und Rinnen- und Tr\u00e4ger\u00fcberst\u00e4nde.<\/p>\n<p>Anmeldung unter www.ts-alu.de\/seminare<\/p>\n<p>&nbsp;<\/p>\n<hr \/>\n<p>&nbsp;<\/p>\n<p><strong>Die Seminar-Termine 2024 in \u00d6sterreich<\/strong><\/p>\n<p>TS Seminar Planung f\u00fcr Winterg\u00e4rten, Sommerg\u00e4rten und Terrassend\u00e4cher<br \/>\n30.01.2024 Graz<br \/>\n31.01.2024 St. P\u00f6lten<br \/>\nTeilnahmegeb\u00fchr: 98 Euro zzgl. MwSt.<\/p>\n<p>&nbsp;<\/p>\n<hr \/>\n<p>&nbsp;<\/p>\n<p>Abdruck honorarfrei, Belegexemplar erbeten<\/p>\n","protected":false},"excerpt":{"rendered":"<p>Mit den aktuellen Terminen f\u00fcr 2024 weitet TS-Aluminium sein Seminarangebot aus und pr\u00e4sentiert seine serviceorientierten Praxiskurse erstmals auch in \u00d6sterreich.<\/p>\n","protected":false},"author":10,"featured_media":13939,"comment_status":"closed","ping_status":"open","sticky":false,"template":"","format":"standard","meta":{"footnotes":""},"categories":[1761],"tags":[2535,1971,2736,461,1793,1637],"class_list":["post-16363","post","type-post","status-publish","format-standard","has-post-thumbnail","hentry","category-ts-aluminium","tag-fachwissen","tag-know-how","tag-oesterreich","tag-seminar","tag-ts-aluminium","tag-weiterbildung"],"_links":{"self":[{"href":"https:\/\/www.pr-neu.de\/newsroom\/wp-json\/wp\/v2\/posts\/16363","targetHints":{"allow":["GET"]}}],"collection":[{"href":"https:\/\/www.pr-neu.de\/newsroom\/wp-json\/wp\/v2\/posts"}],"about":[{"href":"https:\/\/www.pr-neu.de\/newsroom\/wp-json\/wp\/v2\/types\/post"}],"author":[{"embeddable":true,"href":"https:\/\/www.pr-neu.de\/newsroom\/wp-json\/wp\/v2\/users\/10"}],"replies":[{"embeddable":true,"href":"https:\/\/www.pr-neu.de\/newsroom\/wp-json\/wp\/v2\/comments?post=16363"}],"version-history":[{"count":1,"href":"https:\/\/www.pr-neu.de\/newsroom\/wp-json\/wp\/v2\/posts\/16363\/revisions"}],"predecessor-version":[{"id":16364,"href":"https:\/\/www.pr-neu.de\/newsroom\/wp-json\/wp\/v2\/posts\/16363\/revisions\/16364"}],"wp:featuredmedia":[{"embeddable":true,"href":"https:\/\/www.pr-neu.de\/newsroom\/wp-json\/wp\/v2\/media\/13939"}],"wp:attachment":[{"href":"https:\/\/www.pr-neu.de\/newsroom\/wp-json\/wp\/v2\/media?parent=16363"}],"wp:term":[{"taxonomy":"category","embeddable":true,"href":"https:\/\/www.pr-neu.de\/newsroom\/wp-json\/wp\/v2\/categories?post=16363"},{"taxonomy":"post_tag","embeddable":true,"href":"https:\/\/www.pr-neu.de\/newsroom\/wp-json\/wp\/v2\/tags?post=16363"}],"curies":[{"name":"wp","href":"https:\/\/api.w.org\/{rel}","templated":true}]}}