{"id":16345,"date":"2023-11-27T10:35:07","date_gmt":"2023-11-27T09:35:07","guid":{"rendered":"https:\/\/www.pr-neu.de\/newsroom\/?p=16345"},"modified":"2023-11-27T10:41:57","modified_gmt":"2023-11-27T09:41:57","slug":"nachhaltige-wandelbarkeit","status":"publish","type":"post","link":"https:\/\/www.pr-neu.de\/newsroom\/nachhaltige-wandelbarkeit\/","title":{"rendered":"Nachhaltige Wandelbarkeit"},"content":{"rendered":"<p><u>Objektreport: \u201eEureka Confluence\u201c, Lyon<\/u><\/p>\n<p>B\u00fcro wird Wohnung, Wohnung wird B\u00fcro: Aires Mateus Architekten (Lissabon) zeigen, wie wandelbar sich ein Geb\u00e4ude heute planen l\u00e4sst. Der kompakte Raumk\u00f6rper bietet ebenso kompakte Einheiten, die sowohl Arbeits- als auch als Wohnraum sein k\u00f6nnen. Das passt perfekt zum Standort: Das neue Viertel \u201eLa Confluence\u201c ist als Smart-City-Demonstrationsquartier nach einem st\u00e4dtebaulichen Rahmenplan von Herzog &amp; de Meuron konzipiert \u2013 gelegen an der Landzunge am Zusammenfluss von Rh\u00f4ne und Sa\u00f4ne im S\u00fcden Lyons. Es sieht eine Mischnutzung von Wohnen, B\u00fcroarbeit, Einzelhandel und weiteren Dienstleistungen vor, bei dem neue Ideen f\u00fcr Nutzung, Zug\u00e4nglichkeit und Nachhaltigkeit realisiert werden. Dem wird auch der flexible Neubau gerecht. Neben den zentral gelegenen Treppenh\u00e4usern bieten die umlaufenden Laubeng\u00e4nge alternative Erschlie\u00dfungswege und zugleich einen gesch\u00fctzten Au\u00dfenraum f\u00fcr die Nutzenden. Ein solch wandelbares Angebot erh\u00f6ht den nachhaltigen Charakter des Bauwerks. Mit der Kombination aus erdfarbenem Putz auf der hocheffizienten vorgeh\u00e4ngten hinterl\u00fcfteten Fassade von Sto und puristischem Wei\u00df f\u00fcr die Tragpfeiler schaffen die Architekten auch eine optische Br\u00fccke zwischen Wohn- und Arbeitswelt.<\/p>\n<p>&nbsp;<\/p>\n<hr \/>\n<p>&nbsp;<\/p>\n<p><strong>Bautafel: \u201eEureka Confluence\u201c Lyon<\/strong><\/p>\n<p><strong>Standort<\/strong><br \/>\nLyon \/ Frankreich<br \/>\n<strong>Bauherr<\/strong><br \/>\nLinkcity Sud-Est, Lyon<br \/>\n<strong>Architekten<\/strong><br \/>\nAires Mateus e Associados, Lissabon<br \/>\n<strong>St\u00e4dtebau<\/strong><br \/>\nHerzog de Meuron, Z\u00fcrich<br \/>\n<strong>Sto-Kompetenzen<\/strong><br \/>\nVHF Sto Ventec R mit Fassadenputz Stolit K 1,5<\/p>\n<p>&nbsp;<\/p>\n<hr \/>\n<p>&nbsp;<\/p>\n<p><a href=\"http:\/\/www.pr-neu.de\/newsroom\/wordpress\/wp-content\/uploads\/2023\/11\/23_41_Lyon_1_K.jpg\" target=\"_blank\" rel=\"noopener\"><img loading=\"lazy\" decoding=\"async\" class=\"wp-image-16346 size-medium aligncenter\" src=\"http:\/\/www.pr-neu.de\/newsroom\/wordpress\/wp-content\/uploads\/2023\/11\/23_41_Lyon_1_K-300x200.jpg\" alt=\"\" width=\"300\" height=\"200\" srcset=\"https:\/\/www.pr-neu.de\/newsroom\/wordpress\/wp-content\/uploads\/2023\/11\/23_41_Lyon_1_K-300x200.jpg 300w, https:\/\/www.pr-neu.de\/newsroom\/wordpress\/wp-content\/uploads\/2023\/11\/23_41_Lyon_1_K-1024x684.jpg 1024w, https:\/\/www.pr-neu.de\/newsroom\/wordpress\/wp-content\/uploads\/2023\/11\/23_41_Lyon_1_K-768x513.jpg 768w, https:\/\/www.pr-neu.de\/newsroom\/wordpress\/wp-content\/uploads\/2023\/11\/23_41_Lyon_1_K-1536x1025.jpg 1536w, https:\/\/www.pr-neu.de\/newsroom\/wordpress\/wp-content\/uploads\/2023\/11\/23_41_Lyon_1_K-2048x1367.jpg 2048w, https:\/\/www.pr-neu.de\/newsroom\/wordpress\/wp-content\/uploads\/2023\/11\/23_41_Lyon_1_K-110x73.jpg 110w, https:\/\/www.pr-neu.de\/newsroom\/wordpress\/wp-content\/uploads\/2023\/11\/23_41_Lyon_1_K-420x280.jpg 420w, https:\/\/www.pr-neu.de\/newsroom\/wordpress\/wp-content\/uploads\/2023\/11\/23_41_Lyon_1_K-644x430.jpg 644w\" sizes=\"auto, (max-width: 300px) 100vw, 300px\" \/><\/a><\/p>\n<p>&nbsp;<\/p>\n<p><a href=\"http:\/\/www.pr-neu.de\/newsroom\/wordpress\/wp-content\/uploads\/2023\/11\/23_41_Lyon_2_K.jpg\" target=\"_blank\" rel=\"noopener\"><img loading=\"lazy\" decoding=\"async\" class=\"wp-image-16347 size-medium aligncenter\" src=\"http:\/\/www.pr-neu.de\/newsroom\/wordpress\/wp-content\/uploads\/2023\/11\/23_41_Lyon_2_K-300x200.jpg\" alt=\"\" width=\"300\" height=\"200\" srcset=\"https:\/\/www.pr-neu.de\/newsroom\/wordpress\/wp-content\/uploads\/2023\/11\/23_41_Lyon_2_K-300x200.jpg 300w, https:\/\/www.pr-neu.de\/newsroom\/wordpress\/wp-content\/uploads\/2023\/11\/23_41_Lyon_2_K-1024x684.jpg 1024w, https:\/\/www.pr-neu.de\/newsroom\/wordpress\/wp-content\/uploads\/2023\/11\/23_41_Lyon_2_K-768x513.jpg 768w, https:\/\/www.pr-neu.de\/newsroom\/wordpress\/wp-content\/uploads\/2023\/11\/23_41_Lyon_2_K-1536x1025.jpg 1536w, https:\/\/www.pr-neu.de\/newsroom\/wordpress\/wp-content\/uploads\/2023\/11\/23_41_Lyon_2_K-2048x1367.jpg 2048w, https:\/\/www.pr-neu.de\/newsroom\/wordpress\/wp-content\/uploads\/2023\/11\/23_41_Lyon_2_K-110x73.jpg 110w, https:\/\/www.pr-neu.de\/newsroom\/wordpress\/wp-content\/uploads\/2023\/11\/23_41_Lyon_2_K-420x280.jpg 420w, https:\/\/www.pr-neu.de\/newsroom\/wordpress\/wp-content\/uploads\/2023\/11\/23_41_Lyon_2_K-644x430.jpg 644w\" sizes=\"auto, (max-width: 300px) 100vw, 300px\" \/><\/a><\/p>\n<p>&nbsp;<\/p>\n<p><a href=\"http:\/\/www.pr-neu.de\/newsroom\/wordpress\/wp-content\/uploads\/2023\/11\/23_41_Lyon_3_K.jpg\" target=\"_blank\" rel=\"noopener\"><img loading=\"lazy\" decoding=\"async\" class=\"wp-image-16348 size-medium aligncenter\" src=\"http:\/\/www.pr-neu.de\/newsroom\/wordpress\/wp-content\/uploads\/2023\/11\/23_41_Lyon_3_K-200x300.jpg\" alt=\"\" width=\"200\" height=\"300\" srcset=\"https:\/\/www.pr-neu.de\/newsroom\/wordpress\/wp-content\/uploads\/2023\/11\/23_41_Lyon_3_K-200x300.jpg 200w, https:\/\/www.pr-neu.de\/newsroom\/wordpress\/wp-content\/uploads\/2023\/11\/23_41_Lyon_3_K-684x1024.jpg 684w, https:\/\/www.pr-neu.de\/newsroom\/wordpress\/wp-content\/uploads\/2023\/11\/23_41_Lyon_3_K-768x1151.jpg 768w, https:\/\/www.pr-neu.de\/newsroom\/wordpress\/wp-content\/uploads\/2023\/11\/23_41_Lyon_3_K-1025x1536.jpg 1025w, https:\/\/www.pr-neu.de\/newsroom\/wordpress\/wp-content\/uploads\/2023\/11\/23_41_Lyon_3_K-1367x2048.jpg 1367w, https:\/\/www.pr-neu.de\/newsroom\/wordpress\/wp-content\/uploads\/2023\/11\/23_41_Lyon_3_K-73x110.jpg 73w, https:\/\/www.pr-neu.de\/newsroom\/wordpress\/wp-content\/uploads\/2023\/11\/23_41_Lyon_3_K-280x420.jpg 280w, https:\/\/www.pr-neu.de\/newsroom\/wordpress\/wp-content\/uploads\/2023\/11\/23_41_Lyon_3_K-287x430.jpg 287w, https:\/\/www.pr-neu.de\/newsroom\/wordpress\/wp-content\/uploads\/2023\/11\/23_41_Lyon_3_K.jpg 1602w\" sizes=\"auto, (max-width: 200px) 100vw, 200px\" \/><\/a><\/p>\n<p style=\"text-align: center;\">Schon die Fassade zeigt die zukunftsorientierte Haltung: Ein Geb\u00e4ude mit dem Willen zum Wandel.<br \/>\nFotos: Sandrine Riviere \/ Sto SE &amp; Co. KGaA<\/p>\n<p>&nbsp;<\/p>\n<hr \/>\n<p>&nbsp;<\/p>\n<p>Abdruck honorarfrei, Belegexemplar erbeten<\/p>\n","protected":false},"excerpt":{"rendered":"<p>Das neue Viertel \u201eLa Confluence\u201c ist als Smart-City-Demonstrationsquartier nach einem st\u00e4dtebaulichen Rahmenplan von Herzog &#038; de Meuron konzipiert \u2013 gelegen an der Landzunge am Zusammenfluss von Rh\u00f4ne und Sa\u00f4ne im S\u00fcden Lyons.<\/p>\n","protected":false},"author":9,"featured_media":16346,"comment_status":"closed","ping_status":"open","sticky":false,"template":"","format":"standard","meta":{"footnotes":""},"categories":[15],"tags":[2726,187,1975,2720,2724,385,2722,504,612],"class_list":["post-16345","post","type-post","status-publish","format-standard","has-post-thumbnail","hentry","category-sto","tag-eureka-confluence","tag-fassade","tag-gebaeude","tag-la-confluence","tag-lyon","tag-objektbericht","tag-smart-city","tag-sto-2","tag-vhf"],"_links":{"self":[{"href":"https:\/\/www.pr-neu.de\/newsroom\/wp-json\/wp\/v2\/posts\/16345","targetHints":{"allow":["GET"]}}],"collection":[{"href":"https:\/\/www.pr-neu.de\/newsroom\/wp-json\/wp\/v2\/posts"}],"about":[{"href":"https:\/\/www.pr-neu.de\/newsroom\/wp-json\/wp\/v2\/types\/post"}],"author":[{"embeddable":true,"href":"https:\/\/www.pr-neu.de\/newsroom\/wp-json\/wp\/v2\/users\/9"}],"replies":[{"embeddable":true,"href":"https:\/\/www.pr-neu.de\/newsroom\/wp-json\/wp\/v2\/comments?post=16345"}],"version-history":[{"count":5,"href":"https:\/\/www.pr-neu.de\/newsroom\/wp-json\/wp\/v2\/posts\/16345\/revisions"}],"predecessor-version":[{"id":16353,"href":"https:\/\/www.pr-neu.de\/newsroom\/wp-json\/wp\/v2\/posts\/16345\/revisions\/16353"}],"wp:featuredmedia":[{"embeddable":true,"href":"https:\/\/www.pr-neu.de\/newsroom\/wp-json\/wp\/v2\/media\/16346"}],"wp:attachment":[{"href":"https:\/\/www.pr-neu.de\/newsroom\/wp-json\/wp\/v2\/media?parent=16345"}],"wp:term":[{"taxonomy":"category","embeddable":true,"href":"https:\/\/www.pr-neu.de\/newsroom\/wp-json\/wp\/v2\/categories?post=16345"},{"taxonomy":"post_tag","embeddable":true,"href":"https:\/\/www.pr-neu.de\/newsroom\/wp-json\/wp\/v2\/tags?post=16345"}],"curies":[{"name":"wp","href":"https:\/\/api.w.org\/{rel}","templated":true}]}}