{"id":16333,"date":"2023-11-20T14:21:34","date_gmt":"2023-11-20T13:21:34","guid":{"rendered":"https:\/\/www.pr-neu.de\/newsroom\/?p=16333"},"modified":"2023-11-21T10:39:58","modified_gmt":"2023-11-21T09:39:58","slug":"volker-brock-im-ivd-vorstand","status":"publish","type":"post","link":"https:\/\/www.pr-neu.de\/newsroom\/volker-brock-im-ivd-vorstand\/","title":{"rendered":"Volker Brock im IVD-Vorstand"},"content":{"rendered":"<p><span style=\"text-decoration: underline;\"><br \/>\nGesch\u00e4ftsf\u00fchrer der Hanno Werk GmbH &amp; Co. KG<\/span><\/p>\n<p>Volker Brock, Gesch\u00e4ftsf\u00fchrer des Dichtstoff-Spezialisten Hanno (Laatzen), ist neues Mitglied im Vorstand des Industrieverbandes Dichtstoffe (IVD). Brock will sich so noch st\u00e4rker f\u00fcr die Interessen der Branche einsetzen. \u201eWir m\u00fcssen das Haus als Ganzes betrachten. Was n\u00fctzen denn alle Ma\u00dfnahmen, wenn die Fuge nicht dicht ist und wir so bis zu 25 Prozent W\u00e4rmeverlust hinnehmen m\u00fcssen?\u201c, verdeutlicht Brock die Bedeutung von Fugendichtungen. Mit seinen innovativen L\u00f6sungen und Services unterst\u00fctzt der Dicht- und D\u00e4mmspezialist Hanno Verarbeiter und H\u00e4ndler und setzt sich schon seit Jahren f\u00fcr nachhaltiges Bauen ein.<\/p>\n<p>&nbsp;<\/p>\n<hr \/>\n<p>&nbsp;<\/p>\n<p style=\"text-align: center;\"><img loading=\"lazy\" decoding=\"async\" class=\"alignnone size-medium wp-image-16334\" src=\"http:\/\/www.pr-neu.de\/newsroom\/wordpress\/wp-content\/uploads\/2023\/11\/23-22_Volker_Brock_K-200x300.jpg\" alt=\"\" width=\"200\" height=\"300\" srcset=\"https:\/\/www.pr-neu.de\/newsroom\/wordpress\/wp-content\/uploads\/2023\/11\/23-22_Volker_Brock_K-200x300.jpg 200w, https:\/\/www.pr-neu.de\/newsroom\/wordpress\/wp-content\/uploads\/2023\/11\/23-22_Volker_Brock_K-683x1024.jpg 683w, https:\/\/www.pr-neu.de\/newsroom\/wordpress\/wp-content\/uploads\/2023\/11\/23-22_Volker_Brock_K-768x1152.jpg 768w, https:\/\/www.pr-neu.de\/newsroom\/wordpress\/wp-content\/uploads\/2023\/11\/23-22_Volker_Brock_K-1024x1536.jpg 1024w, https:\/\/www.pr-neu.de\/newsroom\/wordpress\/wp-content\/uploads\/2023\/11\/23-22_Volker_Brock_K-1365x2048.jpg 1365w, https:\/\/www.pr-neu.de\/newsroom\/wordpress\/wp-content\/uploads\/2023\/11\/23-22_Volker_Brock_K-73x110.jpg 73w, https:\/\/www.pr-neu.de\/newsroom\/wordpress\/wp-content\/uploads\/2023\/11\/23-22_Volker_Brock_K-280x420.jpg 280w, https:\/\/www.pr-neu.de\/newsroom\/wordpress\/wp-content\/uploads\/2023\/11\/23-22_Volker_Brock_K-287x430.jpg 287w, https:\/\/www.pr-neu.de\/newsroom\/wordpress\/wp-content\/uploads\/2023\/11\/23-22_Volker_Brock_K.jpg 1600w\" sizes=\"auto, (max-width: 200px) 100vw, 200px\" \/><\/p>\n<p style=\"text-align: center;\">Hanno-Gesch\u00e4ftsf\u00fchrer Volker Brock ist neues Vorstandsmitglied im IVD Industrieverband Dichtstoffe.<\/p>\n<p style=\"text-align: center;\">Bild: Hanno Werk GmbH &amp; Co. KG<\/p>\n<p>&nbsp;<\/p>\n<hr \/>\n<p>Abdruck honorarfrei. Belegexemplar erbeten.<\/p>\n","protected":false},"excerpt":{"rendered":"<p>Gesch\u00e4ftsf\u00fchrer der Hanno Werk GmbH &amp; Co. KG Volker Brock, Gesch\u00e4ftsf\u00fchrer des Dichtstoff-Spezialisten Hanno (Laatzen), ist neues Mitglied im Vorstand des Industrieverbandes Dichtstoffe (IVD). Brock will sich so noch st\u00e4rker f\u00fcr die Interessen der Branche einsetzen. \u201eWir m\u00fcssen das Haus als Ganzes betrachten. Was n\u00fctzen denn alle Ma\u00dfnahmen, wenn die Fuge nicht dicht ist und [&hellip;]<\/p>\n","protected":false},"author":10,"featured_media":16341,"comment_status":"closed","ping_status":"open","sticky":false,"template":"","format":"standard","meta":{"footnotes":""},"categories":[655],"tags":[2049,2714,1745,2043,2710,1751,2712,2599],"class_list":["post-16333","post","type-post","status-publish","format-standard","has-post-thumbnail","hentry","category-hanno","tag-business","tag-dichtstoffe","tag-hannoband","tag-hannowerk","tag-ivd","tag-personalie","tag-verband","tag-vorstand"],"_links":{"self":[{"href":"https:\/\/www.pr-neu.de\/newsroom\/wp-json\/wp\/v2\/posts\/16333","targetHints":{"allow":["GET"]}}],"collection":[{"href":"https:\/\/www.pr-neu.de\/newsroom\/wp-json\/wp\/v2\/posts"}],"about":[{"href":"https:\/\/www.pr-neu.de\/newsroom\/wp-json\/wp\/v2\/types\/post"}],"author":[{"embeddable":true,"href":"https:\/\/www.pr-neu.de\/newsroom\/wp-json\/wp\/v2\/users\/10"}],"replies":[{"embeddable":true,"href":"https:\/\/www.pr-neu.de\/newsroom\/wp-json\/wp\/v2\/comments?post=16333"}],"version-history":[{"count":1,"href":"https:\/\/www.pr-neu.de\/newsroom\/wp-json\/wp\/v2\/posts\/16333\/revisions"}],"predecessor-version":[{"id":16335,"href":"https:\/\/www.pr-neu.de\/newsroom\/wp-json\/wp\/v2\/posts\/16333\/revisions\/16335"}],"wp:featuredmedia":[{"embeddable":true,"href":"https:\/\/www.pr-neu.de\/newsroom\/wp-json\/wp\/v2\/media\/16341"}],"wp:attachment":[{"href":"https:\/\/www.pr-neu.de\/newsroom\/wp-json\/wp\/v2\/media?parent=16333"}],"wp:term":[{"taxonomy":"category","embeddable":true,"href":"https:\/\/www.pr-neu.de\/newsroom\/wp-json\/wp\/v2\/categories?post=16333"},{"taxonomy":"post_tag","embeddable":true,"href":"https:\/\/www.pr-neu.de\/newsroom\/wp-json\/wp\/v2\/tags?post=16333"}],"curies":[{"name":"wp","href":"https:\/\/api.w.org\/{rel}","templated":true}]}}