{"id":16328,"date":"2023-11-16T11:05:47","date_gmt":"2023-11-16T10:05:47","guid":{"rendered":"https:\/\/www.pr-neu.de\/newsroom\/?p=16328"},"modified":"2023-11-16T11:06:02","modified_gmt":"2023-11-16T10:06:02","slug":"sto-ausgezeichnet-fuer-innovation-und-beratung","status":"publish","type":"post","link":"https:\/\/www.pr-neu.de\/newsroom\/sto-ausgezeichnet-fuer-innovation-und-beratung\/","title":{"rendered":"Sto: Ausgezeichnet f\u00fcr Innovation und Beratung"},"content":{"rendered":"<p>&nbsp;<\/p>\n<p><u>2 x Gold,1 x Bronze bei den Architects\u2018 Darlings<\/u><\/p>\n<p>Doppel-Gold f\u00fcr Sto bei den diesj\u00e4hrigen Architects\u2018 Darling-Awards: Das St\u00fchlinger Unternehmen lag bei der Bewertung durch Planerinnen und Planer in den Kategorien \u201eArchitekten-Beratung\u201c und \u201eProdukt-Innovation Ausbau\u201c vorn.<\/p>\n<p>Das Sto-Vertriebsteam \u00fcberzeugte die Befragten mit Fachkompetenz, Vor-Ort-Beratung, partnerschaftlichem Verhalten und Probleml\u00f6sungsverm\u00f6gen. Beste Produkt-Innovation Ausbau 2023 ist das D\u00e4mmsystem StoTherm AimS mit seinem R\u00fcckbaukonzept. Mit dem D\u00e4mmstoffhalter \u201eStoFix Circonic\u201c wird das System kleberfrei montiert und sp\u00e4ter sortenrein getrennt. Hinzu kommt ein Bronze-Rang in der Kategorie \u201eFarben und Lacke\u201c. Damit geh\u00f6rt Sto auch in diesem Jahr bei den \u201eArchitects&#8216; Darling Awards\u201c zu den Siegern. Heiner R\u00f6hr, Leiter Region Deutschland, freut sich: \u201eDiese dreifache Auszeichnung beweist erneut, dass wir mit unseren Produkten und Services Architekten \u00fcberzeugen.\u201c Die Heinze-Marktforschungsexperten hatten mehr als 1.900 ArchitektInnen und FachplanerInnen befragt und Einreichungen in mehr als 20 Kategorien bewertet. Zudem k\u00fcrte eine 70-k\u00f6pfige Fachjury aus Vertretern bekannter Architekturb\u00fcros aus ganz Deutschland Sieger in 14 Sonderkategorien. Die Gala fand im November im Rahmen des \u201eCeller Werkstofftags\u201d statt.<\/p>\n<p>&nbsp;<\/p>\n<hr \/>\n<p>&nbsp;<\/p>\n<p><a href=\"http:\/\/www.pr-neu.de\/newsroom\/wordpress\/wp-content\/uploads\/2023\/11\/23_43_Sto_ArchDarling2023_K.jpg\" target=\"_blank\" rel=\"noopener\"><img loading=\"lazy\" decoding=\"async\" class=\"wp-image-16329 size-medium aligncenter\" src=\"http:\/\/www.pr-neu.de\/newsroom\/wordpress\/wp-content\/uploads\/2023\/11\/23_43_Sto_ArchDarling2023_K-300x200.jpg\" alt=\"\" width=\"300\" height=\"200\" srcset=\"https:\/\/www.pr-neu.de\/newsroom\/wordpress\/wp-content\/uploads\/2023\/11\/23_43_Sto_ArchDarling2023_K-300x200.jpg 300w, https:\/\/www.pr-neu.de\/newsroom\/wordpress\/wp-content\/uploads\/2023\/11\/23_43_Sto_ArchDarling2023_K-1024x683.jpg 1024w, https:\/\/www.pr-neu.de\/newsroom\/wordpress\/wp-content\/uploads\/2023\/11\/23_43_Sto_ArchDarling2023_K-768x512.jpg 768w, https:\/\/www.pr-neu.de\/newsroom\/wordpress\/wp-content\/uploads\/2023\/11\/23_43_Sto_ArchDarling2023_K-1536x1025.jpg 1536w, https:\/\/www.pr-neu.de\/newsroom\/wordpress\/wp-content\/uploads\/2023\/11\/23_43_Sto_ArchDarling2023_K-2048x1366.jpg 2048w, https:\/\/www.pr-neu.de\/newsroom\/wordpress\/wp-content\/uploads\/2023\/11\/23_43_Sto_ArchDarling2023_K-110x73.jpg 110w, https:\/\/www.pr-neu.de\/newsroom\/wordpress\/wp-content\/uploads\/2023\/11\/23_43_Sto_ArchDarling2023_K-420x280.jpg 420w, https:\/\/www.pr-neu.de\/newsroom\/wordpress\/wp-content\/uploads\/2023\/11\/23_43_Sto_ArchDarling2023_K-645x430.jpg 645w\" sizes=\"auto, (max-width: 300px) 100vw, 300px\" \/><\/a><\/p>\n<p style=\"text-align: center;\">Freuen sich \u00fcber Gold in den Kategorien \u201eArchitekten-Beratung\u201c und \u201eProduktinnovation Ausbau\u201c und \u00fcber Bronze f\u00fcr Farben und Lacke bei den Heinze Architects\u2018 Darlings 2023: Heiner R\u00f6hr (Leiter Region Deutschland bei Sto, links) und Rolf Wohllaib (Leiter Marketing bei Sto).<br \/>\nFoto: Heinze GmbH, Marcus Jacobs<\/p>\n<p>&nbsp;<\/p>\n<hr \/>\n<p>&nbsp;<\/p>\n<p>Abdruck honorarfrei, Belegexemplar erbeten<\/p>\n","protected":false},"excerpt":{"rendered":"<p>Doppel-Gold f\u00fcr Sto bei den diesj\u00e4hrigen Architects\u2018 Darling-Awards: Das St\u00fchlinger Unternehmen lag bei der Bewertung durch Planerinnen und Planer in den Kategorien \u201eArchitekten-Beratung\u201c und \u201eProdukt-Innovation Ausbau\u201c vorn.<\/p>\n","protected":false},"author":9,"featured_media":16329,"comment_status":"closed","ping_status":"open","sticky":false,"template":"","format":"standard","meta":{"footnotes":""},"categories":[15],"tags":[2195,60,1759,2706,405,2708,504],"class_list":["post-16328","post","type-post","status-publish","format-standard","has-post-thumbnail","hentry","category-sto","tag-architects-darlings","tag-architekten","tag-auszeichnung","tag-gold","tag-preis","tag-sieger","tag-sto-2"],"_links":{"self":[{"href":"https:\/\/www.pr-neu.de\/newsroom\/wp-json\/wp\/v2\/posts\/16328","targetHints":{"allow":["GET"]}}],"collection":[{"href":"https:\/\/www.pr-neu.de\/newsroom\/wp-json\/wp\/v2\/posts"}],"about":[{"href":"https:\/\/www.pr-neu.de\/newsroom\/wp-json\/wp\/v2\/types\/post"}],"author":[{"embeddable":true,"href":"https:\/\/www.pr-neu.de\/newsroom\/wp-json\/wp\/v2\/users\/9"}],"replies":[{"embeddable":true,"href":"https:\/\/www.pr-neu.de\/newsroom\/wp-json\/wp\/v2\/comments?post=16328"}],"version-history":[{"count":2,"href":"https:\/\/www.pr-neu.de\/newsroom\/wp-json\/wp\/v2\/posts\/16328\/revisions"}],"predecessor-version":[{"id":16331,"href":"https:\/\/www.pr-neu.de\/newsroom\/wp-json\/wp\/v2\/posts\/16328\/revisions\/16331"}],"wp:featuredmedia":[{"embeddable":true,"href":"https:\/\/www.pr-neu.de\/newsroom\/wp-json\/wp\/v2\/media\/16329"}],"wp:attachment":[{"href":"https:\/\/www.pr-neu.de\/newsroom\/wp-json\/wp\/v2\/media?parent=16328"}],"wp:term":[{"taxonomy":"category","embeddable":true,"href":"https:\/\/www.pr-neu.de\/newsroom\/wp-json\/wp\/v2\/categories?post=16328"},{"taxonomy":"post_tag","embeddable":true,"href":"https:\/\/www.pr-neu.de\/newsroom\/wp-json\/wp\/v2\/tags?post=16328"}],"curies":[{"name":"wp","href":"https:\/\/api.w.org\/{rel}","templated":true}]}}