{"id":16320,"date":"2023-11-14T09:47:30","date_gmt":"2023-11-14T08:47:30","guid":{"rendered":"https:\/\/www.pr-neu.de\/newsroom\/?p=16320"},"modified":"2023-11-14T11:58:22","modified_gmt":"2023-11-14T10:58:22","slug":"4-000-baeume-fuer-den-teutoburger-wald","status":"publish","type":"post","link":"https:\/\/www.pr-neu.de\/newsroom\/4-000-baeume-fuer-den-teutoburger-wald\/","title":{"rendered":"4.000 B\u00e4ume f\u00fcr den Teutoburger Wald"},"content":{"rendered":"<p><u>Baumpflanzaktion von Teckentrup und Schutzgemeinschaft Deutscher Wald<\/u><\/p>\n<p><strong>Das Verler Unternehmen Teckentrup Door Solutions hat in diesem Jahr in Kooperation mit der Schutzgemeinschaft Deutscher Wald 4.000 B\u00e4ume f\u00fcr die Wiederbewaldung im Teutoburger Wald gepflanzt. Die Baumpflanzung der neuen Laub-Nadelmischw\u00e4lder erstreckte sich \u00fcber zwei verschiedene Kulturen. Die B\u00e4ume kamen im Rahmen der CarTeck Promotion 2022\/23 zusammen. Die Aktion unterst\u00fctzt nicht nur die Umwelt, sondern st\u00e4rkt auch den Waldschutz in Deutschland.<\/strong><\/p>\n<p>In den vergangenen Jahren haben St\u00fcrme, Trockenheit und die Borkenk\u00e4ferplage \u00fcber 500.000 Hektar Wald in Deutschland vernichtet. Um die kommenden Herausforderungen des Klimawandels zu bew\u00e4ltigen, ist es entscheidend, widerstandsf\u00e4hige Mischw\u00e4lder zu schaffen. Durch die Baumpflanzaktion wurden zwei ehemalige Fichtenreinbest\u00e4nde, die dem Borkenk\u00e4fer zum Opfer gefallen sind, in klimaresiliente Mischw\u00e4lder umgewandelt. Diese neuen W\u00e4lder werden nicht nur extremen Wetterereignissen widerstehen, sondern auch zahlreichen Tier- und Pflanzenarten einen Lebensraum bieten. Christoph Rullmann, Bundesgesch\u00e4ftsf\u00fchrer Schutzgemeinschaft Deutscher Wald Bundesverband: \u201eDer Wald in Deutschland steht aktuell vor sehr gro\u00dfen Herausforderungen. Ein Engagement wie das von Teckentrup leistet einen Beitrag, um die gesch\u00e4digten W\u00e4lder aufzubauen und f\u00fcr den Klimawandel fit zu machen.\u201c<\/p>\n<p>Der Waldschutz geht uns alle an und Teckentrup ruft dazu auf, sich gemeinsam f\u00fcr unsere heimischen W\u00e4lder zu engagieren. Die Aktion wird von Teckentrup in diesem Jahr weitergef\u00fchrt. Die n\u00e4chste Baumspende ist im Fr\u00fchjahr 2024 im Harz geplant.<\/p>\n<p>Insgesamt wurden 4.000 B\u00e4ume gepflanzt, wobei verschiedene Baumarten sorgf\u00e4ltig ausgew\u00e4hlt wurden, um einen vitalen Laub-Nadelmischwald zu schaffen. Die Liste der B\u00e4ume umfasst unter anderem Traubeneichen, Kiefern, Bergahorn, Vogelkirschen, Stieleichen, Hainbuchen, Europ\u00e4ische L\u00e4rchen, Spitzahorn, Erlen und Holzapfel.<\/p>\n<p>Uwe G\u00f6tze, Leiter Marketing bei Teckentrup, \u00fcber den Erfolg: \u201eWir freuen uns, dass wir mit dieser Aktion die wichtige Aufforstung des Teutoburger Waldes unterst\u00fctzen konnten und bedanken uns bei allen, die dies durch den Kauf eines Teckentrup Garagentors m\u00f6glich gemacht haben.\u201c<\/p>\n<p>&nbsp;<\/p>\n<hr \/>\n<p>&nbsp;<\/p>\n<p style=\"text-align: center;\"><a href=\"http:\/\/www.pr-neu.de\/newsroom\/wordpress\/wp-content\/uploads\/2023\/11\/23-20_Baumpflanzaktion_Goetze_K.jpg\" target=\"_blank\" rel=\"noopener\"><img loading=\"lazy\" decoding=\"async\" class=\"wp-image-16322 size-medium\" src=\"http:\/\/www.pr-neu.de\/newsroom\/wordpress\/wp-content\/uploads\/2023\/11\/23-20_Baumpflanzaktion_Goetze_K-169x300.jpg\" alt=\"\" width=\"169\" height=\"300\" srcset=\"https:\/\/www.pr-neu.de\/newsroom\/wordpress\/wp-content\/uploads\/2023\/11\/23-20_Baumpflanzaktion_Goetze_K-169x300.jpg 169w, https:\/\/www.pr-neu.de\/newsroom\/wordpress\/wp-content\/uploads\/2023\/11\/23-20_Baumpflanzaktion_Goetze_K-576x1024.jpg 576w, https:\/\/www.pr-neu.de\/newsroom\/wordpress\/wp-content\/uploads\/2023\/11\/23-20_Baumpflanzaktion_Goetze_K-768x1365.jpg 768w, https:\/\/www.pr-neu.de\/newsroom\/wordpress\/wp-content\/uploads\/2023\/11\/23-20_Baumpflanzaktion_Goetze_K-864x1536.jpg 864w, https:\/\/www.pr-neu.de\/newsroom\/wordpress\/wp-content\/uploads\/2023\/11\/23-20_Baumpflanzaktion_Goetze_K-1152x2048.jpg 1152w, https:\/\/www.pr-neu.de\/newsroom\/wordpress\/wp-content\/uploads\/2023\/11\/23-20_Baumpflanzaktion_Goetze_K-62x110.jpg 62w, https:\/\/www.pr-neu.de\/newsroom\/wordpress\/wp-content\/uploads\/2023\/11\/23-20_Baumpflanzaktion_Goetze_K-236x420.jpg 236w, https:\/\/www.pr-neu.de\/newsroom\/wordpress\/wp-content\/uploads\/2023\/11\/23-20_Baumpflanzaktion_Goetze_K-242x430.jpg 242w, https:\/\/www.pr-neu.de\/newsroom\/wordpress\/wp-content\/uploads\/2023\/11\/23-20_Baumpflanzaktion_Goetze_K.jpg 1350w\" sizes=\"auto, (max-width: 169px) 100vw, 169px\" \/><\/a><\/p>\n<p style=\"text-align: center;\">Uwe G\u00f6tze (Leiter Marketing, Teckentrup) setzt symbolisch ein Zeichen f\u00fcr die Umwelt.<\/p>\n<p>&nbsp;<\/p>\n<p style=\"text-align: center;\"><a href=\"http:\/\/www.pr-neu.de\/newsroom\/wordpress\/wp-content\/uploads\/2023\/11\/23-20_Vogelkirsche_K.jpg\" target=\"_blank\" rel=\"noopener\"><img loading=\"lazy\" decoding=\"async\" class=\"wp-image-16321 size-medium\" src=\"http:\/\/www.pr-neu.de\/newsroom\/wordpress\/wp-content\/uploads\/2023\/11\/23-20_Vogelkirsche_K-225x300.jpg\" alt=\"\" width=\"225\" height=\"300\" srcset=\"https:\/\/www.pr-neu.de\/newsroom\/wordpress\/wp-content\/uploads\/2023\/11\/23-20_Vogelkirsche_K-225x300.jpg 225w, https:\/\/www.pr-neu.de\/newsroom\/wordpress\/wp-content\/uploads\/2023\/11\/23-20_Vogelkirsche_K-768x1024.jpg 768w, https:\/\/www.pr-neu.de\/newsroom\/wordpress\/wp-content\/uploads\/2023\/11\/23-20_Vogelkirsche_K-1152x1536.jpg 1152w, https:\/\/www.pr-neu.de\/newsroom\/wordpress\/wp-content\/uploads\/2023\/11\/23-20_Vogelkirsche_K-1536x2048.jpg 1536w, https:\/\/www.pr-neu.de\/newsroom\/wordpress\/wp-content\/uploads\/2023\/11\/23-20_Vogelkirsche_K-83x110.jpg 83w, https:\/\/www.pr-neu.de\/newsroom\/wordpress\/wp-content\/uploads\/2023\/11\/23-20_Vogelkirsche_K-315x420.jpg 315w, https:\/\/www.pr-neu.de\/newsroom\/wordpress\/wp-content\/uploads\/2023\/11\/23-20_Vogelkirsche_K-323x430.jpg 323w, https:\/\/www.pr-neu.de\/newsroom\/wordpress\/wp-content\/uploads\/2023\/11\/23-20_Vogelkirsche_K.jpg 1800w\" sizes=\"auto, (max-width: 225px) 100vw, 225px\" \/><\/a><\/p>\n<p style=\"text-align: center;\">Vogelkirsche gepflanzt: Ein Zeichen f\u00fcr nat\u00fcrliche Sch\u00f6nheit und die wichtige Rolle von B\u00e4umen als Nahrungsquelle f\u00fcr die Tierwelt.<\/p>\n<p>&nbsp;<\/p>\n<p style=\"text-align: center;\"><a href=\"http:\/\/www.pr-neu.de\/newsroom\/wordpress\/wp-content\/uploads\/2023\/11\/23-20_Kiefer_K.jpg\" target=\"_blank\" rel=\"noopener\"><img loading=\"lazy\" decoding=\"async\" class=\"wp-image-16323 size-medium\" src=\"http:\/\/www.pr-neu.de\/newsroom\/wordpress\/wp-content\/uploads\/2023\/11\/23-20_Kiefer_K-300x225.jpg\" alt=\"\" width=\"300\" height=\"225\" srcset=\"https:\/\/www.pr-neu.de\/newsroom\/wordpress\/wp-content\/uploads\/2023\/11\/23-20_Kiefer_K-300x225.jpg 300w, https:\/\/www.pr-neu.de\/newsroom\/wordpress\/wp-content\/uploads\/2023\/11\/23-20_Kiefer_K-1024x768.jpg 1024w, https:\/\/www.pr-neu.de\/newsroom\/wordpress\/wp-content\/uploads\/2023\/11\/23-20_Kiefer_K-768x576.jpg 768w, https:\/\/www.pr-neu.de\/newsroom\/wordpress\/wp-content\/uploads\/2023\/11\/23-20_Kiefer_K-1536x1152.jpg 1536w, https:\/\/www.pr-neu.de\/newsroom\/wordpress\/wp-content\/uploads\/2023\/11\/23-20_Kiefer_K-2048x1536.jpg 2048w, https:\/\/www.pr-neu.de\/newsroom\/wordpress\/wp-content\/uploads\/2023\/11\/23-20_Kiefer_K-110x83.jpg 110w, https:\/\/www.pr-neu.de\/newsroom\/wordpress\/wp-content\/uploads\/2023\/11\/23-20_Kiefer_K-420x315.jpg 420w, https:\/\/www.pr-neu.de\/newsroom\/wordpress\/wp-content\/uploads\/2023\/11\/23-20_Kiefer_K-573x430.jpg 573w\" sizes=\"auto, (max-width: 300px) 100vw, 300px\" \/><\/a><\/p>\n<p style=\"text-align: center;\">Der Kiefernbaum steht f\u00fcr Widerstandsf\u00e4higkeit und Ausdauer, Eigenschaften, die unser Wald in Zeiten des Wandels ben\u00f6tigt.<\/p>\n<p style=\"text-align: center;\">Alle Bilder: Teckentrup<\/p>\n<p>&nbsp;<\/p>\n<hr \/>\n<p>&nbsp;<\/p>\n<p>Abdruck honorarfrei, Belegexemplar erbeten<\/p>\n","protected":false},"excerpt":{"rendered":"<p>Das Verler Unternehmen Teckentrup Door Solutions hat in diesem Jahr in Kooperation mit der Schutzgemeinschaft Deutscher Wald 4.000 B\u00e4ume f\u00fcr die Wiederbewaldung im Teutoburger Wald gepflanzt.<\/p>\n","protected":false},"author":9,"featured_media":16327,"comment_status":"closed","ping_status":"open","sticky":false,"template":"","format":"standard","meta":{"footnotes":""},"categories":[18],"tags":[2700,2408,102,2702,367,2107,2698,565,2694,599,2696],"class_list":["post-16320","post","type-post","status-publish","format-standard","has-post-thumbnail","hentry","category-teckentrup","tag-aufforstung","tag-baum","tag-carteck","tag-kiefer","tag-nachhaltigkeit","tag-natur","tag-pflanzen","tag-teckentrup","tag-teutoburger-wald","tag-umwelt","tag-wald"],"_links":{"self":[{"href":"https:\/\/www.pr-neu.de\/newsroom\/wp-json\/wp\/v2\/posts\/16320","targetHints":{"allow":["GET"]}}],"collection":[{"href":"https:\/\/www.pr-neu.de\/newsroom\/wp-json\/wp\/v2\/posts"}],"about":[{"href":"https:\/\/www.pr-neu.de\/newsroom\/wp-json\/wp\/v2\/types\/post"}],"author":[{"embeddable":true,"href":"https:\/\/www.pr-neu.de\/newsroom\/wp-json\/wp\/v2\/users\/9"}],"replies":[{"embeddable":true,"href":"https:\/\/www.pr-neu.de\/newsroom\/wp-json\/wp\/v2\/comments?post=16320"}],"version-history":[{"count":2,"href":"https:\/\/www.pr-neu.de\/newsroom\/wp-json\/wp\/v2\/posts\/16320\/revisions"}],"predecessor-version":[{"id":16325,"href":"https:\/\/www.pr-neu.de\/newsroom\/wp-json\/wp\/v2\/posts\/16320\/revisions\/16325"}],"wp:featuredmedia":[{"embeddable":true,"href":"https:\/\/www.pr-neu.de\/newsroom\/wp-json\/wp\/v2\/media\/16327"}],"wp:attachment":[{"href":"https:\/\/www.pr-neu.de\/newsroom\/wp-json\/wp\/v2\/media?parent=16320"}],"wp:term":[{"taxonomy":"category","embeddable":true,"href":"https:\/\/www.pr-neu.de\/newsroom\/wp-json\/wp\/v2\/categories?post=16320"},{"taxonomy":"post_tag","embeddable":true,"href":"https:\/\/www.pr-neu.de\/newsroom\/wp-json\/wp\/v2\/tags?post=16320"}],"curies":[{"name":"wp","href":"https:\/\/api.w.org\/{rel}","templated":true}]}}