{"id":16311,"date":"2023-11-08T14:36:57","date_gmt":"2023-11-08T13:36:57","guid":{"rendered":"https:\/\/www.pr-neu.de\/newsroom\/?p=16311"},"modified":"2023-11-14T11:58:46","modified_gmt":"2023-11-14T10:58:46","slug":"komplexe-technik-braucht-fachwissen","status":"publish","type":"post","link":"https:\/\/www.pr-neu.de\/newsroom\/komplexe-technik-braucht-fachwissen\/","title":{"rendered":"Komplexe Technik braucht Fachwissen"},"content":{"rendered":"<p>&nbsp;<\/p>\n<p><span style=\"text-decoration: underline;\">Jonas M\u00fcglich im Interview: T\u00fcrtechnik im DFATT-Seminar<\/span><\/p>\n<p><strong>Auf &#8211; zu. So kurz k\u00f6nnte die Funktion einer T\u00fcr erkl\u00e4rt sein, doch das Bauelement ist viel mehr als ein Durchgang: Einbruchschutz, W\u00e4rme- und Schallschutz, dazu kommen oft Anforderungen des Brandschutzes und der Fluchtwegplanung sowie zur Barrierefreiheit. Fachwissen ist also an vielen Stellen notwendig: In den Planungsb\u00fcros, die ein Bauelement korrekt definieren m\u00fcssen, bei den ausf\u00fchrenden Betrieben, die diese Elemente den Regeln der Technik entsprechend einbauen m\u00fcssen und schlie\u00dflich auf Seiten der Betreiber, die die dauerhafte Funktion sicherzustellen haben und auf Wartung und Instandhaltung achten m\u00fcssen. Die DFATT &#8211; Deutsche Fachakademie f\u00fcr T\u00fcrtechnik &#8211; setzt genau hier an und hat einen interdisziplin\u00e4ren Lehrgang entwickelt, der sich an alle Beteiligte wendet und so auch die Grenzen zwischen den Beteiligten abbaut. Wir sprachen mit Jonas M\u00fcglich, Fachplaner f\u00fcr T\u00fcren bei der FC-Gruppe und einer der ersten Teilnehmer des Lehrgangs, \u00fcber seine Erfahrungen und Eindr\u00fccke.<\/strong><\/p>\n<p>? <em>Herr M\u00fcglich, als Teilnehmer des ersten Kurses zum Fachplaner T\u00fcrtechnik gab es keine Referenz, die Sie zu einer Teilnahme \u00fcberzeugen konnte. Was war das f\u00fcr Sie entscheidende Argument, um diese neue Weiterbildung zu absolvieren?<\/em><\/p>\n<p><strong>M\u00fcglich<\/strong>: Ich bin \u00fcberwiegend in den Leistungsphasen 5 bis 8 aktiv, also mit planerischen Aufgaben bis hin zur Bauleitung befasst. In der FC-Gruppe besteht zudem die \u00dcberzeugung, dass ein T\u00fcrfachplaner f\u00fcr die optimale Bearbeitung insbeson-dere bei Vorhaben in Bereichen wie Forschung und Lehre notwendig ist. Der entscheidende Grund f\u00fcr dieses Seminar lag in der gemeinsamen Ausbildung von Planern und Bauleitern. Davon profitieren beide Seiten, in allen Leistungsphasen.<\/p>\n<p>? <em>Zu den Lehrinhalten: Waren diese vollst\u00e4ndig und richtig gewichtet? Welche Themen waren neu \u2013 und haben Sie etwas vermisst?<\/em><\/p>\n<p><strong>M\u00fcglich<\/strong>: Gut f\u00fcr den Start war, dass Basiswissen vorausgesetzt und auch von allen Teilnehmern mitgebracht wurde. Je tiefer es ins Detail ging, desto interessanter wurde es, dort gab es auch Neues \u2013 ob Baurecht, Brandschutz, feinmechanisches oder elektronisches Verst\u00e4ndnis. Ich denke, dass gilt f\u00fcr alle Lehrgangs-Teilnehmer. F\u00fcr die n\u00e4chste Auflage rege ich an, ein Grundvokabular, ein Glossar f\u00fcr T\u00fcrbauteile zu erstellen. Das k\u00f6nnte die unterschiedlichen Personen aus ihren unterschied-lichen Berufen schneller auf denselben \u201eStart-Nenner\u201c bringen.<\/p>\n<p>? <em>Wie hat Ihnen die Mischung aus Pr\u00e4senz und Online-Kurs gefallen und wie gut lie\u00df sich das in den Arbeitsalltag integrieren?<\/em><\/p>\n<p><strong>M\u00fcglich<\/strong>: Durch meinen Standort in Leipzig erforderte ein Pr\u00e4senztermin immer mindestens f\u00fcnf Stunden Fahrt \u2013 da war es schon aufw\u00e4ndig, parallel dazu die Baustellen zu betreuen. Dank mobilem Arbeiten hat es aber geklappt. Daher haben mir auch die Online-Seminare gut gefallen \u2013 nur ganz ersetzen diese ein Pr\u00e4senzformat eben nicht. Die Mischung hat sich bew\u00e4hrt.<\/p>\n<p>? <em>Zum DFATT-Ansatz geh\u00f6rt es, Planer und Bauleiter besser miteinander zu verbinden. Die Seminare finden daher f\u00fcr beide Gruppen gemeinsam statt. Wer die Sicht des Partners besser kennt, findet leichter gemeinsame L\u00f6sungen, ist die Idee dahinter. Klappt das?<\/em><\/p>\n<p><strong>M\u00fcglich<\/strong>: Ja, sehr gut. Die unterschiedlichen Eindr\u00fccke und \u201eGeheimtipps\u201c f\u00fchrten zu regem Austausch. Was f\u00fcr die eine Person selbstverst\u00e4ndlich war, brachte andere richtig weiter. Dieses Miteinander kann ich nur empfehlen und sollte auf andere Seminare \u00fcbertragen werden. Zu oft wird aneinander vorbei-geredet. Tats\u00e4chlich die gleiche Sprache zu sprechen, ist Gold wert, spart Zeit und Nerven und schafft dazu Sympathie. Das ist ein gro\u00dfer Pluspunkt dieses Lehrgangs, dies erreicht zu haben.<\/p>\n<p>? <em>Dieser \u201eGemeinsam-Ansatz\u201c f\u00fchrt dann auch zu der ungew\u00f6hnlichen Form der Pr\u00fcfung. Zu leisten ist eine Projekt-Gruppenarbeit mit Pr\u00e4sentation und Diskussion. Hilft auch das, die Lehrinhalte praktisch anzuwenden und die Aufgaben des Fachplaners f\u00fcr T\u00fcrtechnik (besser) zu verstehen und umsetzen zu k\u00f6nnen?<\/em><\/p>\n<p><strong>M\u00fcglich<\/strong>: Wie gut das gelingt, h\u00e4ngt stark von der Gruppendynamik ab. Durch die bereits im Seminar entwickelte Diskussion kamen wir schnell auf einen gemeinsamen Nenner und haben auch tats\u00e4chlich die gleiche Sprache gesprochen. Die Probleme waren typisch f\u00fcr Gruppen: Terminfindung, Arbeit am Wochenende oder nach Feierabend, Aufgabenverteilung. Durch das Arbeiten auf einem gemeinsamen Server hatte jeder jederzeit Zugriff und konnte seine Kommentare verfassen. Diese \u201eRemote-Diskussion\u201c hat gut funktioniert. Die Inhalte konnten 1:1 auf die Pr\u00fcfung \u00fcbertragen werden.<\/p>\n<p>? <em>Stichwort Networking der Teilnehmer: Hat sich die Sicht auf die Aufgaben verbessert \u2013 auch auf die Rolle der Bauleiter und Ausf\u00fchrenden? Und sind die Kontakte aus dem Seminar noch aktiv?<\/em><\/p>\n<p><strong>M\u00fcglich<\/strong>: Kontakte gibt es, aber der Alltag holt einen schnell ein. Der Wunsch, Kontakte weiterhin zu pflegen \u00fcber j\u00e4hrliche oder zwei-j\u00e4hrliche Treffen, existiert weiterhin.<\/p>\n<p>? <em>Wie reagieren andere Fachpartner auf die Qualifikation \u201eFachplaner f\u00fcr T\u00fcrtechnik?\u201c Gibt es positive Resonanzen?<\/em><\/p>\n<p><strong>M\u00fcglich<\/strong>: Positiv ist, dass ich sofort Fachwissen in laufende Projekte einflie\u00dfen lassen konnte. Die Fragen von Kolleginnen und Kollegen werden wesentlich umfangreicher beantwortet, Fachverst\u00e4ndnis wird vermittelt.<\/p>\n<p>? <em>Mit dem neuen Wissen \u00fcber das multifunktionale Bauelement \u201eT\u00fcr\u201c, das Zugang ist, aber in vielen F\u00e4llen weitere Anford-erungen zu erf\u00fcllen hat \u2013 Brandschutz, Flucht- und Rettungsweg, Barrierefreiheit, Schallschutz, W\u00e4rmeschutz, Einbruchschutz: Gibt es einen generellen Bedarf f\u00fcr Fortbildung von Fachkr\u00e4ften, braucht es mehr Expertise? Und ist ein Angebot wie der Kurs der DFATT auch f\u00fcr weitere Disziplinen w\u00fcnschenswert?<\/em><\/p>\n<p><strong>M\u00fcglich<\/strong>: Weiterbildung wird bei uns stets gef\u00f6rdert. Wir profitieren alle voneinander, auch b\u00fcro\u00fcbergreifend im Austausch mit Kollegen und Kolleginnen wie auch Firmen. Das Lernen h\u00f6rt nie auf und das Fachwissen wird entsprechend auch weiterhin wachsen, mit Erfahrung, mit anderen Seminaren deren Inhalte sich \u00fcbertragen lassen.<\/p>\n<p>&nbsp;<\/p>\n<hr \/>\n<p>&nbsp;<\/p>\n<p>Jonas M\u00fcglich ist M.A. Architektur und arbeitet in der FC-Generalplanung GmbH in Leipzig als Projektleiter: In dieser Funktion ist er insbesondere mit Planung \/ Koordination, Ausschreibung und Objekt\u00fcberwachung von komplexen Bauvorhaben f\u00fcr Gesundheit Forschung und Lehre betraut.<\/p>\n<p>&nbsp;<\/p>\n<hr \/>\n<p>&nbsp;<\/p>\n<p style=\"text-align: center;\"><a href=\"http:\/\/www.pr-neu.de\/newsroom\/wordpress\/wp-content\/uploads\/2023\/11\/23_01_Teilnehmer_K-1.jpg\" target=\"_blank\" rel=\"noopener\"><img loading=\"lazy\" decoding=\"async\" class=\"aligncenter wp-image-16313 size-medium\" src=\"http:\/\/www.pr-neu.de\/newsroom\/wordpress\/wp-content\/uploads\/2023\/11\/23_01_Teilnehmer_K-1-300x189.jpg\" alt=\"\" width=\"300\" height=\"189\" srcset=\"https:\/\/www.pr-neu.de\/newsroom\/wordpress\/wp-content\/uploads\/2023\/11\/23_01_Teilnehmer_K-1-300x189.jpg 300w, https:\/\/www.pr-neu.de\/newsroom\/wordpress\/wp-content\/uploads\/2023\/11\/23_01_Teilnehmer_K-1-1024x646.jpg 1024w, https:\/\/www.pr-neu.de\/newsroom\/wordpress\/wp-content\/uploads\/2023\/11\/23_01_Teilnehmer_K-1-768x485.jpg 768w, https:\/\/www.pr-neu.de\/newsroom\/wordpress\/wp-content\/uploads\/2023\/11\/23_01_Teilnehmer_K-1-1536x970.jpg 1536w, https:\/\/www.pr-neu.de\/newsroom\/wordpress\/wp-content\/uploads\/2023\/11\/23_01_Teilnehmer_K-1-2048x1293.jpg 2048w, https:\/\/www.pr-neu.de\/newsroom\/wordpress\/wp-content\/uploads\/2023\/11\/23_01_Teilnehmer_K-1-110x69.jpg 110w, https:\/\/www.pr-neu.de\/newsroom\/wordpress\/wp-content\/uploads\/2023\/11\/23_01_Teilnehmer_K-1-420x265.jpg 420w, https:\/\/www.pr-neu.de\/newsroom\/wordpress\/wp-content\/uploads\/2023\/11\/23_01_Teilnehmer_K-1-681x430.jpg 681w\" sizes=\"auto, (max-width: 300px) 100vw, 300px\" \/><\/a><\/p>\n<p style=\"text-align: center;\">Erfolgreich: Die Absolventen des ersten Lehrgangs.<\/p>\n<p style=\"text-align: center;\">Bild: DFATT<\/p>\n<p style=\"text-align: center;\"><a href=\"http:\/\/www.pr-neu.de\/newsroom\/wordpress\/wp-content\/uploads\/2023\/11\/23_01_Mueglich_Jonas_K.jpg\" target=\"_blank\" rel=\"noopener\"><img loading=\"lazy\" decoding=\"async\" class=\"alignnone wp-image-16314 size-medium\" src=\"http:\/\/www.pr-neu.de\/newsroom\/wordpress\/wp-content\/uploads\/2023\/11\/23_01_Mueglich_Jonas_K-200x300.jpg\" alt=\"\" width=\"200\" height=\"300\" srcset=\"https:\/\/www.pr-neu.de\/newsroom\/wordpress\/wp-content\/uploads\/2023\/11\/23_01_Mueglich_Jonas_K-200x300.jpg 200w, https:\/\/www.pr-neu.de\/newsroom\/wordpress\/wp-content\/uploads\/2023\/11\/23_01_Mueglich_Jonas_K-683x1024.jpg 683w, https:\/\/www.pr-neu.de\/newsroom\/wordpress\/wp-content\/uploads\/2023\/11\/23_01_Mueglich_Jonas_K-768x1151.jpg 768w, https:\/\/www.pr-neu.de\/newsroom\/wordpress\/wp-content\/uploads\/2023\/11\/23_01_Mueglich_Jonas_K-1025x1536.jpg 1025w, https:\/\/www.pr-neu.de\/newsroom\/wordpress\/wp-content\/uploads\/2023\/11\/23_01_Mueglich_Jonas_K-1366x2048.jpg 1366w, https:\/\/www.pr-neu.de\/newsroom\/wordpress\/wp-content\/uploads\/2023\/11\/23_01_Mueglich_Jonas_K-73x110.jpg 73w, https:\/\/www.pr-neu.de\/newsroom\/wordpress\/wp-content\/uploads\/2023\/11\/23_01_Mueglich_Jonas_K-280x420.jpg 280w, https:\/\/www.pr-neu.de\/newsroom\/wordpress\/wp-content\/uploads\/2023\/11\/23_01_Mueglich_Jonas_K-287x430.jpg 287w, https:\/\/www.pr-neu.de\/newsroom\/wordpress\/wp-content\/uploads\/2023\/11\/23_01_Mueglich_Jonas_K.jpg 1601w\" sizes=\"auto, (max-width: 200px) 100vw, 200px\" \/><\/a><\/p>\n<p style=\"text-align: center;\">Jonas M\u00fcglich<\/p>\n<p style=\"text-align: center;\">Bild: DFATT<\/p>\n<p>&nbsp;<\/p>\n<hr \/>\n<p>&nbsp;<\/p>\n<p><strong>Die DFATT \u2013 Deutsche Fachakademie f\u00fcr T\u00fcrtechnik<\/strong><br \/>\nDie DFATT vermittelt herstellerneutral Qualifikationen zu den spezifischen Anforderungen des Bauelements \u201eT\u00fcr\u201c. Die Seminare richten sich an Planer, Ausf\u00fchrende und Betreiber von gro\u00dfen Liegenschaften. Inhalte der Lehrg\u00e4nge sind Planung, Montage, Pr\u00fcfung und Wartung von T\u00fcren (und Toren). Dazu geh\u00f6rt auch Normenwissen und Betreiberpflichten.<br \/>\nDas Kernangebot sind Tagesseminare-zu praktischen Themen wie Montage und Instandhaltung sowie zu grundlegendem Wissen f\u00fcr Projektverantwortliche rund um das Bauelement T\u00fcr. Die tiefgreifenden Lehrg\u00e4nge Fachplaner und Fachbauleiter f\u00fcr T\u00fcrtechnik wurden von der DFATT entwickelt, um den Verantwortlichen in Planung und Ausf\u00fchrung die notwendige Kompetenz zu vermitteln, mit der sie die Qualit\u00e4tssicherung f\u00fcr funktionale T\u00fcren leisten k\u00f6nnen.<br \/>\nZiel der DFATT ist es, die handelnden Akteure zu sensibilisieren und zu qualifizieren, das Bauelement T\u00fcr mit seinen vielen Anforderungen ganzheitlich zu verstehen: Brandschutz, Fluchtweg, Einbruchschutz, Schall- und W\u00e4rmeschutz, Barrierefreiheit: Damit die T\u00fcr all diese Funktionen dauerhaft und zuverl\u00e4ssig erf\u00fcllt, m\u00fcssen alle Beteiligte \u00fcber umfassendes Fachwissen verf\u00fcgen \u2013 auch die Betreiber, die f\u00fcr die reibungslose Funktion \u00fcber den Lebenszyklus der T\u00fcr verantwortlich sind.<br \/>\nF\u00fcr die einzelnen Module der Lehrg\u00e4nge haben die Gr\u00fcnder und Gesch\u00e4ftsf\u00fchrer Josef Fa\u00dfbender (\u00f6.b.u.v. Sachverst\u00e4ndiger f\u00fcr das Metallbauerhandwerk) und Andreas Steynes ein mehrk\u00f6pfiges Spezialistenteam zusammengestellt, so dass f\u00fcr jedes Unterthema h\u00f6chste Expertise bereitsteht.<br \/>\ndfatt.de<\/p>\n<p>&nbsp;<\/p>\n<hr \/>\n<p>Abdruck honorarfrei, Belegexemplar erbeten<\/p>\n","protected":false},"excerpt":{"rendered":"<p>Fachwissen f\u00fcr Planer, Monteure und Betreiber: Die Deutsche Fachakademie f\u00fcr T\u00fcrtechnik (DFATT) hat einen interdisziplin\u00e4ren Lehrgang entwickelt, der alle Beiteiligten \u00fcber die vielf\u00e4ltigen Anforderungen wie Einbruchschutz, Brandschutz oder Fluchtwegplanung schult. Einer der ersten Teilnehmern, Jonas M\u00fcglich von der FC-Gruppe, berichtet dazu im Interview \u00fcber seine Erfahrungen und Eindr\u00fccke.<\/p>\n","protected":false},"author":9,"featured_media":16312,"comment_status":"closed","ping_status":"open","sticky":false,"template":"","format":"standard","meta":{"footnotes":""},"categories":[2704],"tags":[94,2690,150,2535,1965,461,466,589,592,2692,1637],"class_list":["post-16311","post","type-post","status-publish","format-standard","has-post-thumbnail","hentry","category-dfatt","tag-brandschutz","tag-dfatt","tag-einbruchsschutz","tag-fachwissen","tag-lehrgang","tag-seminar","tag-sicherheit","tag-tur","tag-turen","tag-tuertechnik","tag-weiterbildung"],"_links":{"self":[{"href":"https:\/\/www.pr-neu.de\/newsroom\/wp-json\/wp\/v2\/posts\/16311","targetHints":{"allow":["GET"]}}],"collection":[{"href":"https:\/\/www.pr-neu.de\/newsroom\/wp-json\/wp\/v2\/posts"}],"about":[{"href":"https:\/\/www.pr-neu.de\/newsroom\/wp-json\/wp\/v2\/types\/post"}],"author":[{"embeddable":true,"href":"https:\/\/www.pr-neu.de\/newsroom\/wp-json\/wp\/v2\/users\/9"}],"replies":[{"embeddable":true,"href":"https:\/\/www.pr-neu.de\/newsroom\/wp-json\/wp\/v2\/comments?post=16311"}],"version-history":[{"count":4,"href":"https:\/\/www.pr-neu.de\/newsroom\/wp-json\/wp\/v2\/posts\/16311\/revisions"}],"predecessor-version":[{"id":16318,"href":"https:\/\/www.pr-neu.de\/newsroom\/wp-json\/wp\/v2\/posts\/16311\/revisions\/16318"}],"wp:featuredmedia":[{"embeddable":true,"href":"https:\/\/www.pr-neu.de\/newsroom\/wp-json\/wp\/v2\/media\/16312"}],"wp:attachment":[{"href":"https:\/\/www.pr-neu.de\/newsroom\/wp-json\/wp\/v2\/media?parent=16311"}],"wp:term":[{"taxonomy":"category","embeddable":true,"href":"https:\/\/www.pr-neu.de\/newsroom\/wp-json\/wp\/v2\/categories?post=16311"},{"taxonomy":"post_tag","embeddable":true,"href":"https:\/\/www.pr-neu.de\/newsroom\/wp-json\/wp\/v2\/tags?post=16311"}],"curies":[{"name":"wp","href":"https:\/\/api.w.org\/{rel}","templated":true}]}}