{"id":16270,"date":"2023-10-23T14:37:55","date_gmt":"2023-10-23T12:37:55","guid":{"rendered":"https:\/\/www.pr-neu.de\/newsroom\/?p=16270"},"modified":"2023-10-23T14:38:08","modified_gmt":"2023-10-23T12:38:08","slug":"aesthetischer-brand-und-waermeschutz-ueber-elf-geschosse","status":"publish","type":"post","link":"https:\/\/www.pr-neu.de\/newsroom\/aesthetischer-brand-und-waermeschutz-ueber-elf-geschosse\/","title":{"rendered":"\u00c4sthetischer Brand- und W\u00e4rmeschutz \u00fcber elf Geschosse"},"content":{"rendered":"<p><u><br \/>\n6.500 Quadratmeter Fassade saniert<\/u><\/p>\n<p><strong>Endlich ged\u00e4mmt: Ein elfgeschossiger Wohnbau in Wiesbaden aus den 1960ern Jahren erhielt jetzt eine neue Fassade. Damit sinkt der Energiebedarf von 88 Wohnungen, zugleich ist die Waschbeton-Optik einer attraktiven Putz-Fassade im Besenstrich-Look gewichen. Bei einer Geb\u00e4udeh\u00f6he von 43 Metern war aus Brandschutzgr\u00fcnden mit Mineralwolle zu d\u00e4mmen. Ahmet Yilmaz, Gesch\u00e4ftsf\u00fchrer des ausf\u00fchrenden Malerbetriebes Henrich GmbH aus Wehrheim, entschied sich f\u00fcr das System StoTherm Mineral.<\/strong><\/p>\n<p>Unged\u00e4mmt und mit Waschbetonplatten verkleidet: Das Hochhaus in der August-Bebel-Stra\u00dfe in Wiesbaden aus den 1960er-Jahren war energetisch schon lange nicht mehr auf der H\u00f6he der Zeit. Um dies zu \u00e4ndern, schrieb die Eigent\u00fcmerin, die GWH Wohnungsgesellschaft, die Sanierung des elfgeschossigen Geb\u00e4udes aus. Den Auftrag erhielt der Malerbetrieb Henrich GmbH aus Wehrheim. \u201eF\u00fcr Geb\u00e4ude \u00fcber der Hochhausgrenze kommen nur nichtbrennbare D\u00e4mmsysteme infrage. Wir haben also bereits in der Ausschreibung mit einem Mineralwolle-System geplant, mit StoTherm Mineral\u201c, berichtet Gesch\u00e4ftsf\u00fchrer Ahmet Yilmaz.<\/p>\n<p><strong>Systematisch saniert<\/strong><\/p>\n<p>Ged\u00e4mmt ist das Hochhaus mit der Sto-Steinwolleplatte Xtra2\/B\/H2 in einer Dicke von 160 mm, darauf liegt ein mineralischer Leichtm\u00f6rtel (StoLevell Novo) als Armierungsmasse in 8 bis 10 mm Schichtdicke. Um die Waschbeton-Optik modern zu interpretieren, entwickelte das Architekturb\u00fcro Friedhelm Schmidt eine besondere Idee f\u00fcr die Fassadengestaltung: In den (wiederum mineralischen) K3-Oberputz wurden Fugen eingezogen, so dass die Felder den urspr\u00fcnglichen Platten entsprechen. Diese Felder wurden dann mit einem Besen texturiert. Die Schlussbeschichtung: StoColor Dryonic als bionische Farbe, die Regentropfen und Tau in Rekordzeit abf\u00fchrt und auf diese Weise einem Algen- und Pilzbefall vorbeugt. In die noch nasse Fassadenfarbe blies das Profi-Team die Effekt-Glasmischung StoEffect Vetro mit einer Trichterpistole ein.<\/p>\n<p>Auch die Laubeng\u00e4nge wurden mit der bionischen Farbe gestrichen, hier in einem intensiven Rot. Ahmet Yilmaz freut sich \u00fcber die au\u00dfergew\u00f6hnlich gestaltete Au\u00dfenwand: \u201eDer Besenstrich gibt der Putzfassade eine hochwertige Optik und durch die Glassplitter kommt die Textur in der Sonne besonders sch\u00f6n zur Geltung.\u201c Das Gestaltungskonzept gef\u00e4llt auch der GWH, die mittlerweile zwei weitere Geb\u00e4ude in dieser Technik beauftragt hat.<\/p>\n<p>Die Investition hat sich f\u00fcr die Eigent\u00fcmerin gelohnt: Ihr Geb\u00e4ude ist wieder attraktiv, sowohl optisch als auch, was den Wohnwert betrifft. Zudem erf\u00fcllt die Sanierung die Vorgaben der KfW, so dass die GWH f\u00fcr dieses Projekt F\u00f6rdermittel erhielt.<\/p>\n<p>&nbsp;<\/p>\n<hr \/>\n<p>&nbsp;<\/p>\n<p><strong>Info<\/strong><\/p>\n<p>Ausf\u00fchrung: Henrich GmbH, 61273 Wehrheim<br \/>\nAuftraggeber: GWH Wohnungsgesellschaft<\/p>\n<p>&nbsp;<\/p>\n<hr \/>\n<p>&nbsp;<\/p>\n<p style=\"text-align: center;\"><a href=\"http:\/\/www.pr-neu.de\/newsroom\/wordpress\/wp-content\/uploads\/2023\/10\/23-07_1_Wohngebaeude_Wiesbaden_K.jpg\" target=\"_blank\" rel=\"noopener\"><img loading=\"lazy\" decoding=\"async\" class=\"alignnone wp-image-16273 size-medium\" src=\"http:\/\/www.pr-neu.de\/newsroom\/wordpress\/wp-content\/uploads\/2023\/10\/23-07_1_Wohngebaeude_Wiesbaden_K-198x300.jpg\" alt=\"\" width=\"198\" height=\"300\" srcset=\"https:\/\/www.pr-neu.de\/newsroom\/wordpress\/wp-content\/uploads\/2023\/10\/23-07_1_Wohngebaeude_Wiesbaden_K-198x300.jpg 198w, https:\/\/www.pr-neu.de\/newsroom\/wordpress\/wp-content\/uploads\/2023\/10\/23-07_1_Wohngebaeude_Wiesbaden_K-677x1024.jpg 677w, https:\/\/www.pr-neu.de\/newsroom\/wordpress\/wp-content\/uploads\/2023\/10\/23-07_1_Wohngebaeude_Wiesbaden_K-768x1161.jpg 768w, https:\/\/www.pr-neu.de\/newsroom\/wordpress\/wp-content\/uploads\/2023\/10\/23-07_1_Wohngebaeude_Wiesbaden_K-1016x1536.jpg 1016w, https:\/\/www.pr-neu.de\/newsroom\/wordpress\/wp-content\/uploads\/2023\/10\/23-07_1_Wohngebaeude_Wiesbaden_K-1354x2048.jpg 1354w, https:\/\/www.pr-neu.de\/newsroom\/wordpress\/wp-content\/uploads\/2023\/10\/23-07_1_Wohngebaeude_Wiesbaden_K-73x110.jpg 73w, https:\/\/www.pr-neu.de\/newsroom\/wordpress\/wp-content\/uploads\/2023\/10\/23-07_1_Wohngebaeude_Wiesbaden_K-278x420.jpg 278w, https:\/\/www.pr-neu.de\/newsroom\/wordpress\/wp-content\/uploads\/2023\/10\/23-07_1_Wohngebaeude_Wiesbaden_K-284x430.jpg 284w, https:\/\/www.pr-neu.de\/newsroom\/wordpress\/wp-content\/uploads\/2023\/10\/23-07_1_Wohngebaeude_Wiesbaden_K.jpg 1587w\" sizes=\"auto, (max-width: 198px) 100vw, 198px\" \/><\/a><\/p>\n<p style=\"text-align: center;\">Energetisch und optisch saniert: Fassade eines elfgeschossigen Wohnbaus in Wiesbaden.<\/p>\n<p>&nbsp;<\/p>\n<p style=\"text-align: center;\"><a href=\"http:\/\/www.pr-neu.de\/newsroom\/wordpress\/wp-content\/uploads\/2023\/10\/23-07_2_Fassade_K.jpg\" target=\"_blank\" rel=\"noopener\"><img loading=\"lazy\" decoding=\"async\" class=\"alignnone wp-image-16271 size-medium\" src=\"http:\/\/www.pr-neu.de\/newsroom\/wordpress\/wp-content\/uploads\/2023\/10\/23-07_2_Fassade_K-300x211.jpg\" alt=\"\" width=\"300\" height=\"211\" srcset=\"https:\/\/www.pr-neu.de\/newsroom\/wordpress\/wp-content\/uploads\/2023\/10\/23-07_2_Fassade_K-300x211.jpg 300w, https:\/\/www.pr-neu.de\/newsroom\/wordpress\/wp-content\/uploads\/2023\/10\/23-07_2_Fassade_K-1024x719.jpg 1024w, https:\/\/www.pr-neu.de\/newsroom\/wordpress\/wp-content\/uploads\/2023\/10\/23-07_2_Fassade_K-768x539.jpg 768w, https:\/\/www.pr-neu.de\/newsroom\/wordpress\/wp-content\/uploads\/2023\/10\/23-07_2_Fassade_K-1536x1078.jpg 1536w, https:\/\/www.pr-neu.de\/newsroom\/wordpress\/wp-content\/uploads\/2023\/10\/23-07_2_Fassade_K-2048x1438.jpg 2048w, https:\/\/www.pr-neu.de\/newsroom\/wordpress\/wp-content\/uploads\/2023\/10\/23-07_2_Fassade_K-110x77.jpg 110w, https:\/\/www.pr-neu.de\/newsroom\/wordpress\/wp-content\/uploads\/2023\/10\/23-07_2_Fassade_K-420x295.jpg 420w, https:\/\/www.pr-neu.de\/newsroom\/wordpress\/wp-content\/uploads\/2023\/10\/23-07_2_Fassade_K-612x430.jpg 612w\" sizes=\"auto, (max-width: 300px) 100vw, 300px\" \/><\/a><\/p>\n<p style=\"text-align: center;\">Die Gestaltung greift das urspr\u00fcngliche Raster der Waschbetonplatten auf \u2013 modern interpretiert mit Putz auf einem nichtbrennbaren WDV-System,<\/p>\n<p>&nbsp;<\/p>\n<p style=\"text-align: center;\"><a href=\"http:\/\/www.pr-neu.de\/newsroom\/wordpress\/wp-content\/uploads\/2023\/10\/23-07_Portrait_Ahmed_Yilmaz_K.jpg\" target=\"_blank\" rel=\"noopener\"><img loading=\"lazy\" decoding=\"async\" class=\"alignnone wp-image-16272 size-medium\" src=\"http:\/\/www.pr-neu.de\/newsroom\/wordpress\/wp-content\/uploads\/2023\/10\/23-07_Portrait_Ahmed_Yilmaz_K-300x200.jpg\" alt=\"\" width=\"300\" height=\"200\" srcset=\"https:\/\/www.pr-neu.de\/newsroom\/wordpress\/wp-content\/uploads\/2023\/10\/23-07_Portrait_Ahmed_Yilmaz_K-300x200.jpg 300w, https:\/\/www.pr-neu.de\/newsroom\/wordpress\/wp-content\/uploads\/2023\/10\/23-07_Portrait_Ahmed_Yilmaz_K-1024x683.jpg 1024w, https:\/\/www.pr-neu.de\/newsroom\/wordpress\/wp-content\/uploads\/2023\/10\/23-07_Portrait_Ahmed_Yilmaz_K-768x512.jpg 768w, https:\/\/www.pr-neu.de\/newsroom\/wordpress\/wp-content\/uploads\/2023\/10\/23-07_Portrait_Ahmed_Yilmaz_K-1536x1025.jpg 1536w, https:\/\/www.pr-neu.de\/newsroom\/wordpress\/wp-content\/uploads\/2023\/10\/23-07_Portrait_Ahmed_Yilmaz_K-2048x1366.jpg 2048w, https:\/\/www.pr-neu.de\/newsroom\/wordpress\/wp-content\/uploads\/2023\/10\/23-07_Portrait_Ahmed_Yilmaz_K-110x73.jpg 110w, https:\/\/www.pr-neu.de\/newsroom\/wordpress\/wp-content\/uploads\/2023\/10\/23-07_Portrait_Ahmed_Yilmaz_K-420x280.jpg 420w, https:\/\/www.pr-neu.de\/newsroom\/wordpress\/wp-content\/uploads\/2023\/10\/23-07_Portrait_Ahmed_Yilmaz_K-645x430.jpg 645w\" sizes=\"auto, (max-width: 300px) 100vw, 300px\" \/><\/a><\/p>\n<p style=\"text-align: center;\">Henrich-Gesch\u00e4ftsf\u00fchrer Ahmed Yilmaz.<\/p>\n<p style=\"text-align: center;\">Fotos: Martin Baitinger \/ Sto SE &amp; Co. KGaA<\/p>\n<p>&nbsp;<\/p>\n<hr \/>\n<p>&nbsp;<\/p>\n<p>Abdruck honorarfrei, Belegexemplar erbeten<\/p>\n","protected":false},"excerpt":{"rendered":"<p>Ein elfgeschossiger Wohnbau in Wiesbaden aus den 1960ern Jahren erhielt jetzt eine neue Fassade. Bei einer Geb\u00e4udeh\u00f6he von 43 Metern war aus Brandschutzgr\u00fcnden mit Mineralwolle zu d\u00e4mmen.<\/p>\n","protected":false},"author":9,"featured_media":16271,"comment_status":"closed","ping_status":"open","sticky":false,"template":"","format":"standard","meta":{"footnotes":""},"categories":[15],"tags":[1569,124,187,2674,439,504,627,2676,638,2672],"class_list":["post-16270","post","type-post","status-publish","format-standard","has-post-thumbnail","hentry","category-sto","tag-daemmen","tag-dammung","tag-fassade","tag-mineralwolle","tag-sanierung","tag-sto-2","tag-wdvs","tag-wiesbaden","tag-wohnbau","tag-wohngebaeude"],"_links":{"self":[{"href":"https:\/\/www.pr-neu.de\/newsroom\/wp-json\/wp\/v2\/posts\/16270","targetHints":{"allow":["GET"]}}],"collection":[{"href":"https:\/\/www.pr-neu.de\/newsroom\/wp-json\/wp\/v2\/posts"}],"about":[{"href":"https:\/\/www.pr-neu.de\/newsroom\/wp-json\/wp\/v2\/types\/post"}],"author":[{"embeddable":true,"href":"https:\/\/www.pr-neu.de\/newsroom\/wp-json\/wp\/v2\/users\/9"}],"replies":[{"embeddable":true,"href":"https:\/\/www.pr-neu.de\/newsroom\/wp-json\/wp\/v2\/comments?post=16270"}],"version-history":[{"count":2,"href":"https:\/\/www.pr-neu.de\/newsroom\/wp-json\/wp\/v2\/posts\/16270\/revisions"}],"predecessor-version":[{"id":16275,"href":"https:\/\/www.pr-neu.de\/newsroom\/wp-json\/wp\/v2\/posts\/16270\/revisions\/16275"}],"wp:featuredmedia":[{"embeddable":true,"href":"https:\/\/www.pr-neu.de\/newsroom\/wp-json\/wp\/v2\/media\/16271"}],"wp:attachment":[{"href":"https:\/\/www.pr-neu.de\/newsroom\/wp-json\/wp\/v2\/media?parent=16270"}],"wp:term":[{"taxonomy":"category","embeddable":true,"href":"https:\/\/www.pr-neu.de\/newsroom\/wp-json\/wp\/v2\/categories?post=16270"},{"taxonomy":"post_tag","embeddable":true,"href":"https:\/\/www.pr-neu.de\/newsroom\/wp-json\/wp\/v2\/tags?post=16270"}],"curies":[{"name":"wp","href":"https:\/\/api.w.org\/{rel}","templated":true}]}}