{"id":16259,"date":"2023-10-09T14:52:06","date_gmt":"2023-10-09T12:52:06","guid":{"rendered":"https:\/\/www.pr-neu.de\/newsroom\/?p=16259"},"modified":"2023-10-09T14:52:06","modified_gmt":"2023-10-09T12:52:06","slug":"wie-man-weisst-hochdeckende-innenfarbe-fuer-optimale-waende","status":"publish","type":"post","link":"https:\/\/www.pr-neu.de\/newsroom\/wie-man-weisst-hochdeckende-innenfarbe-fuer-optimale-waende\/","title":{"rendered":"Wie man wei\u00df(t): Hochdeckende Innenfarbe f\u00fcr optimale W\u00e4nde"},"content":{"rendered":"<p>&nbsp;<\/p>\n<p><u>Profi XXL Deckkraft nochmals verbessert<\/u><\/p>\n<p><strong>Wie man wei\u00df(t): Hochdeckende Innenfarbe f\u00fcr optimale W\u00e4nde<\/strong><\/p>\n<p>Gutes besser machen \u2013 das hat S\u00fcdwest mit der neuen \u201eProfi XXL\u201c geschafft. Mit hohem Wei\u00dfgrad und extremer Deckkraft gen\u00fcgt bereits ein einziger Anstrich f\u00fcr eine perfekt gewei\u00dfte Wand \u2013 sogar auf schwierigen Untergr\u00fcnden. Emissionsarm, l\u00f6semittel- und weichmacherfrei, ohne Konservierungsmittel und frei von fogging-aktiven Substanzen tr\u00e4gt \u201eProfi XXL\u201c auch zu einem wohngesunden Umfeld bei. Als desinfektionsmittelbest\u00e4ndige Farbe der Nassabriebklasse 2 eignet sie sich zudem f\u00fcr Bad oder K\u00fcche und mit der Brandschutzklasse A2-s1, d0 (nach EN 13501-1) erf\u00fcllt sie die Voraussetzungen f\u00fcr den Einsatz in R\u00e4umen mit hohen Brandschutzvorgaben. Aufgrund dieser Eigenschaften ist sie der Allrounder f\u00fcr nahezu jeden Raum, ob gewerblich oder privat genutzt. Neben markt\u00fcblichen Gebindegr\u00f6\u00dfen gibt es \u201eProfi XXL\u201c f\u00fcr Gro\u00dfprojekte auch in Einheiten \u00e0 30 bzw. 120 Liter. Die Innenfarbe \u00fcberzeugt zudem mit enormer Flutschigkeit \u2013 das f\u00fchrt zu niedrigem Rollwiderstand und sehr einfacher Applikation.<\/p>\n<p>&nbsp;<\/p>\n<hr \/>\n<p>&nbsp;<\/p>\n<p><img loading=\"lazy\" decoding=\"async\" class=\"size-medium wp-image-16260 aligncenter\" src=\"http:\/\/www.pr-neu.de\/newsroom\/wordpress\/wp-content\/uploads\/2023\/10\/23-17_Profi_XXL_Innenraum_K-300x215.jpg\" alt=\"\" width=\"300\" height=\"215\" srcset=\"https:\/\/www.pr-neu.de\/newsroom\/wordpress\/wp-content\/uploads\/2023\/10\/23-17_Profi_XXL_Innenraum_K-300x215.jpg 300w, https:\/\/www.pr-neu.de\/newsroom\/wordpress\/wp-content\/uploads\/2023\/10\/23-17_Profi_XXL_Innenraum_K-1024x733.jpg 1024w, https:\/\/www.pr-neu.de\/newsroom\/wordpress\/wp-content\/uploads\/2023\/10\/23-17_Profi_XXL_Innenraum_K-768x549.jpg 768w, https:\/\/www.pr-neu.de\/newsroom\/wordpress\/wp-content\/uploads\/2023\/10\/23-17_Profi_XXL_Innenraum_K-1536x1099.jpg 1536w, https:\/\/www.pr-neu.de\/newsroom\/wordpress\/wp-content\/uploads\/2023\/10\/23-17_Profi_XXL_Innenraum_K-2048x1465.jpg 2048w, https:\/\/www.pr-neu.de\/newsroom\/wordpress\/wp-content\/uploads\/2023\/10\/23-17_Profi_XXL_Innenraum_K-110x79.jpg 110w, https:\/\/www.pr-neu.de\/newsroom\/wordpress\/wp-content\/uploads\/2023\/10\/23-17_Profi_XXL_Innenraum_K-420x300.jpg 420w, https:\/\/www.pr-neu.de\/newsroom\/wordpress\/wp-content\/uploads\/2023\/10\/23-17_Profi_XXL_Innenraum_K-601x430.jpg 601w\" sizes=\"auto, (max-width: 300px) 100vw, 300px\" \/><\/p>\n<p style=\"text-align: center;\">H\u00f6herer Wei\u00dfgrad, bessere Deckkraft, weichmacher- und l\u00f6semittelfrei: Mit der verbesserten Innenfarbe &#8222;Profi XXL&#8220; von S\u00fcdwest gen\u00fcgt ein Anstrich f\u00fcr perfekte W\u00e4nde.<\/p>\n<p style=\"text-align: center;\">Bild: istockphoto.com<\/p>\n<p>&nbsp;<\/p>\n<hr \/>\n<p>Abdruck honorarfrei, Belegexemplar erbeten.<\/p>\n","protected":false},"excerpt":{"rendered":"<p>Ein einziger Anstrich gen\u00fcgt f\u00fcr perfekt gewei\u00dfte W\u00e4nde \u2013 die verbesserte Innenfarbe \u201eProfi XXL\u201c von S\u00fcdwest \u00fcberzeugt mit hoher Deckkraft. Die Farbe ist zudem emissionsarm, l\u00f6semittel- und weichmacherfrei, ohne Konservierungsmittel und frei von fogging-aktiven Substanzen, damit optimal f\u00fcr wohngesunde Raumkonzepte.<\/p>\n","protected":false},"author":9,"featured_media":16260,"comment_status":"closed","ping_status":"open","sticky":false,"template":"","format":"standard","meta":{"footnotes":""},"categories":[17],"tags":[127,180,283,2286,347,2017,2253,554,2670],"class_list":["post-16259","post","type-post","status-publish","format-standard","has-post-thumbnail","hentry","category-sudwest","tag-deckkraft","tag-farbe","tag-innenraum","tag-innenwand","tag-maler","tag-renovieren","tag-streichen","tag-sudwest","tag-weissen"],"_links":{"self":[{"href":"https:\/\/www.pr-neu.de\/newsroom\/wp-json\/wp\/v2\/posts\/16259","targetHints":{"allow":["GET"]}}],"collection":[{"href":"https:\/\/www.pr-neu.de\/newsroom\/wp-json\/wp\/v2\/posts"}],"about":[{"href":"https:\/\/www.pr-neu.de\/newsroom\/wp-json\/wp\/v2\/types\/post"}],"author":[{"embeddable":true,"href":"https:\/\/www.pr-neu.de\/newsroom\/wp-json\/wp\/v2\/users\/9"}],"replies":[{"embeddable":true,"href":"https:\/\/www.pr-neu.de\/newsroom\/wp-json\/wp\/v2\/comments?post=16259"}],"version-history":[{"count":3,"href":"https:\/\/www.pr-neu.de\/newsroom\/wp-json\/wp\/v2\/posts\/16259\/revisions"}],"predecessor-version":[{"id":16262,"href":"https:\/\/www.pr-neu.de\/newsroom\/wp-json\/wp\/v2\/posts\/16259\/revisions\/16262"}],"wp:featuredmedia":[{"embeddable":true,"href":"https:\/\/www.pr-neu.de\/newsroom\/wp-json\/wp\/v2\/media\/16260"}],"wp:attachment":[{"href":"https:\/\/www.pr-neu.de\/newsroom\/wp-json\/wp\/v2\/media?parent=16259"}],"wp:term":[{"taxonomy":"category","embeddable":true,"href":"https:\/\/www.pr-neu.de\/newsroom\/wp-json\/wp\/v2\/categories?post=16259"},{"taxonomy":"post_tag","embeddable":true,"href":"https:\/\/www.pr-neu.de\/newsroom\/wp-json\/wp\/v2\/tags?post=16259"}],"curies":[{"name":"wp","href":"https:\/\/api.w.org\/{rel}","templated":true}]}}