{"id":16256,"date":"2023-10-05T15:41:39","date_gmt":"2023-10-05T13:41:39","guid":{"rendered":"https:\/\/www.pr-neu.de\/newsroom\/?p=16256"},"modified":"2023-10-05T15:41:53","modified_gmt":"2023-10-05T13:41:53","slug":"celler-heerstrasse-in-watenbuettel-kanalsanierung-ab-9-oktober-2023","status":"publish","type":"post","link":"https:\/\/www.pr-neu.de\/newsroom\/celler-heerstrasse-in-watenbuettel-kanalsanierung-ab-9-oktober-2023\/","title":{"rendered":"Celler Heerstra\u00dfe in Watenb\u00fcttel: Kanalsanierung ab 9. Oktober 2023"},"content":{"rendered":"<p><!--MBNHE--><\/p>\n<p><span style=\"font-size: medium;\"><span style=\"font-family: Arial;\"><u>Braunschweig, 05. Oktober 2023<\/u>. Am 9. Oktober beginnt die Stadtentw\u00e4sserung Braunschweig GmbH (SEBS) mit der Renovierung der schadhaften Schmutzwasser-Kan\u00e4le unter der Celler Heerstra\u00dfe in Watenb\u00fcttel. Die Arbeiten erfolgen in Abstimmung mit dem Leitungsbau von BS Netz. Voraussichtlich bis Ende M\u00e4rz 2024 kommt es dadurch zu punktuellen Verkehrsbehinderungen. Beginnend am s\u00fcd\u00f6stlichen Ortsrand (Richtung \u00d6lper) werden die Arbeiten in Richtung Kanalbr\u00fccke fortlaufend auf der n\u00f6rdlichen Seite der Fahrbahn (also Fahrspur Richtung A2) bzw. der dortigen Nebenanlagen in der sogenannten geschlossenen Bauweise ausgef\u00fchrt. Dadurch kommt es nur zu kleinen Baufeldern in Abst\u00e4nden von rund 100 Metern, an denen nur kleine Kopfl\u00f6cher gesetzt werden, \u00fcber die die Sanierung dann unterirdisch erfolgt. <\/span><\/span><\/p>\n<p><span style=\"font-size: medium;\"><span style=\"font-family: Arial;\">Der Verkehr wird in beiden Richtungen \u00fcber die gesamte Bauzeit aufrecht erhalten, weitgehend ohne wechselseitige Schleusungen. F\u00fcr Fu\u00dfg\u00e4nger und Radfahrer kommt es zu lokalen Umleitungen auf die andere Stra\u00dfenseite. Entlang des jeweils aktuellen Baubereichs entfallen zeitweilig Parkpl\u00e4tze.<\/span><\/span><\/p>\n<p><span style=\"font-size: medium;\"><span style=\"font-family: Arial;\">Die SEBS bittet um Verst\u00e4ndnis.<\/span><\/span><\/p>\n","protected":false},"excerpt":{"rendered":"<p>Am 9. Oktober beginnt die Stadtentw\u00e4sserung Braunschweig GmbH (SEBS) mit der Renovierung der schadhaften Schmutzwasser-Kan\u00e4le unter der Celler Heerstra\u00dfe in Watenb\u00fcttel.<\/p>\n","protected":false},"author":9,"featured_media":8697,"comment_status":"closed","ping_status":"open","sticky":false,"template":"","format":"standard","meta":{"footnotes":""},"categories":[1517],"tags":[1591,1559,1557,2029,1561,1799,1879,1595,1563,1601,2668],"class_list":["post-16256","post","type-post","status-publish","format-standard","has-post-thumbnail","hentry","category-sebs","tag-bauarbeiten","tag-baustelle","tag-braunschweig","tag-bs-energy","tag-kanal","tag-kanalarbeiten","tag-kanalerneuerung","tag-kanalisation","tag-se-bs","tag-stadtentwaesserung","tag-watenbuettel"],"_links":{"self":[{"href":"https:\/\/www.pr-neu.de\/newsroom\/wp-json\/wp\/v2\/posts\/16256","targetHints":{"allow":["GET"]}}],"collection":[{"href":"https:\/\/www.pr-neu.de\/newsroom\/wp-json\/wp\/v2\/posts"}],"about":[{"href":"https:\/\/www.pr-neu.de\/newsroom\/wp-json\/wp\/v2\/types\/post"}],"author":[{"embeddable":true,"href":"https:\/\/www.pr-neu.de\/newsroom\/wp-json\/wp\/v2\/users\/9"}],"replies":[{"embeddable":true,"href":"https:\/\/www.pr-neu.de\/newsroom\/wp-json\/wp\/v2\/comments?post=16256"}],"version-history":[{"count":1,"href":"https:\/\/www.pr-neu.de\/newsroom\/wp-json\/wp\/v2\/posts\/16256\/revisions"}],"predecessor-version":[{"id":16257,"href":"https:\/\/www.pr-neu.de\/newsroom\/wp-json\/wp\/v2\/posts\/16256\/revisions\/16257"}],"wp:featuredmedia":[{"embeddable":true,"href":"https:\/\/www.pr-neu.de\/newsroom\/wp-json\/wp\/v2\/media\/8697"}],"wp:attachment":[{"href":"https:\/\/www.pr-neu.de\/newsroom\/wp-json\/wp\/v2\/media?parent=16256"}],"wp:term":[{"taxonomy":"category","embeddable":true,"href":"https:\/\/www.pr-neu.de\/newsroom\/wp-json\/wp\/v2\/categories?post=16256"},{"taxonomy":"post_tag","embeddable":true,"href":"https:\/\/www.pr-neu.de\/newsroom\/wp-json\/wp\/v2\/tags?post=16256"}],"curies":[{"name":"wp","href":"https:\/\/api.w.org\/{rel}","templated":true}]}}