{"id":16244,"date":"2023-10-02T11:47:43","date_gmt":"2023-10-02T09:47:43","guid":{"rendered":"https:\/\/www.pr-neu.de\/newsroom\/?p=16244"},"modified":"2023-10-02T11:47:43","modified_gmt":"2023-10-02T09:47:43","slug":"nach-25-jahren-wechsel-an-der-spitze-kai-teckentrup-wechselt-in-den-beirat","status":"publish","type":"post","link":"https:\/\/www.pr-neu.de\/newsroom\/nach-25-jahren-wechsel-an-der-spitze-kai-teckentrup-wechselt-in-den-beirat\/","title":{"rendered":"Nach 25 Jahren Wechsel an der Spitze: Kai Teckentrup wechselt in den Beirat"},"content":{"rendered":"<p><u><br \/>\nChristian Hanke und Jens Heckenm\u00fcller \u00fcbernehmen Gesch\u00e4ftsf\u00fchrung<\/u><\/p>\n<p><strong>Ein bedeutendes Kapitel in der Erfolgsgeschichte von Teckentrup Door Solutions geht zu Ende: Nach 25 Jahren an der Unternehmensspitze wechselt Kai Teckentrup, der das Familienunternehmen ma\u00dfgeblich gepr\u00e4gt hat, aus der Gesch\u00e4ftsf\u00fchrung in den Beirat des T\u00fcr- und Torherstellers.<\/strong><\/p>\n<p>In den letzten zwei Jahrzehnten hat Teckentrup seinen Platz in der Branche festigen k\u00f6nnen und sich unter der Leitung von Kai Teckentrup als eines der f\u00fchrenden Unternehmen in der Bauindustrie etabliert. Seine Innovationskraft, sein Engagement und seine klare Vision f\u00fcr die Zukunft haben das ostwestf\u00e4lische Unternehmen erfolgreich durch verschiedene Marktphasen gef\u00fchrt, wobei er stets die Balance zwischen Tradition und Fortschritt gewahrt hat.<\/p>\n<p>Kai Teckentrup: \u201eIch blicke mit gro\u00dfem Stolz auf das zur\u00fcck, was wir in den letzten 25 Jahren erreicht haben. Es war eine Ehre, dieses gro\u00dfartige Team zu leiten. Jetzt ist es an der Zeit, eine neue Rolle anzunehmen und das Unternehmen aus einer anderen Perspektive zu unterst\u00fctzen. Ich bin \u00fcberzeugt, dass ich im Beirat wertvolle Impulse setzen kann.&#8220;<br \/>\nKai Teckentrup ist zuversichtlich und hat volles Vertrauen in die beiden neuen Gesch\u00e4ftsf\u00fchrer, Christian Hanke und Jens Heckenm\u00fcller, die zuk\u00fcnftig die Geschicke des Unternehmens leiten werden. Hanke, 40 Jahre alt und seit 15 Jahren bei Teckentrup, sowie Heckenm\u00fcller, 44 Jahre alt und seit 5 Jahren im Unternehmen t\u00e4tig, bringen umfangreiche Erfahrung und Expertise in ihre Positionen in der Unternehmensf\u00fchrung ein.<\/p>\n<p>\u201eWir freuen uns, die Tradition und den Erfolg, den Kai Teckentrup f\u00fcr dieses Unternehmen geschaffen hat, weiterf\u00fchren zu d\u00fcrfen. Gemeinsam wollen wir Teckentrup in eine vielversprechende Zukunft f\u00fchren und an die bisherigen Erfolge ankn\u00fcpfen\u201c, so die beiden neuen Gesch\u00e4ftsf\u00fchrer.<\/p>\n<p>&nbsp;<\/p>\n<hr \/>\n<p>&nbsp;<\/p>\n<figure id=\"attachment_16245\" aria-describedby=\"caption-attachment-16245\" style=\"width: 300px\" class=\"wp-caption aligncenter\"><a href=\"http:\/\/www.pr-neu.de\/newsroom\/wordpress\/wp-content\/uploads\/2023\/10\/23-19_Teckentrup_neue_Geschaeftsfuehrung_K.jpg\" target=\"_blank\" rel=\"noopener\"><img loading=\"lazy\" decoding=\"async\" class=\"wp-image-16245 size-medium\" src=\"http:\/\/www.pr-neu.de\/newsroom\/wordpress\/wp-content\/uploads\/2023\/10\/23-19_Teckentrup_neue_Geschaeftsfuehrung_K-300x200.jpg\" alt=\"\" width=\"300\" height=\"200\" srcset=\"https:\/\/www.pr-neu.de\/newsroom\/wordpress\/wp-content\/uploads\/2023\/10\/23-19_Teckentrup_neue_Geschaeftsfuehrung_K-300x200.jpg 300w, https:\/\/www.pr-neu.de\/newsroom\/wordpress\/wp-content\/uploads\/2023\/10\/23-19_Teckentrup_neue_Geschaeftsfuehrung_K-1024x683.jpg 1024w, https:\/\/www.pr-neu.de\/newsroom\/wordpress\/wp-content\/uploads\/2023\/10\/23-19_Teckentrup_neue_Geschaeftsfuehrung_K-768x512.jpg 768w, https:\/\/www.pr-neu.de\/newsroom\/wordpress\/wp-content\/uploads\/2023\/10\/23-19_Teckentrup_neue_Geschaeftsfuehrung_K-1536x1025.jpg 1536w, https:\/\/www.pr-neu.de\/newsroom\/wordpress\/wp-content\/uploads\/2023\/10\/23-19_Teckentrup_neue_Geschaeftsfuehrung_K-2048x1366.jpg 2048w, https:\/\/www.pr-neu.de\/newsroom\/wordpress\/wp-content\/uploads\/2023\/10\/23-19_Teckentrup_neue_Geschaeftsfuehrung_K-110x73.jpg 110w, https:\/\/www.pr-neu.de\/newsroom\/wordpress\/wp-content\/uploads\/2023\/10\/23-19_Teckentrup_neue_Geschaeftsfuehrung_K-420x280.jpg 420w, https:\/\/www.pr-neu.de\/newsroom\/wordpress\/wp-content\/uploads\/2023\/10\/23-19_Teckentrup_neue_Geschaeftsfuehrung_K-645x430.jpg 645w\" sizes=\"auto, (max-width: 300px) 100vw, 300px\" \/><\/a><figcaption id=\"caption-attachment-16245\" class=\"wp-caption-text\">Kai Teckentrup (m.) wechselt in den Beirat von Teckentrup und \u00fcbergibt die Gesch\u00e4ftsf\u00fchrung an Christian Hanke (l.) und Jens Heckenm\u00fcller (r.)<\/figcaption><\/figure>\n<p>&nbsp;<\/p>\n<p style=\"text-align: center;\">Bild: Teckentrup<\/p>\n<p>&nbsp;<\/p>\n<hr \/>\n<p>Abdruck honorarfrei, Belegexemplar erbeten<\/p>\n","protected":false},"excerpt":{"rendered":"<p>Die Gesch\u00e4ftsf\u00fchrung bei Teckentrup Door Solutions ist neu aufgestellt: Kai Teckentrup wechselt aus der Gesch\u00e4ftsf\u00fchrung in den Beirat, Christian Hanke und Jens Heckenm\u00fcller \u00fcbernehmen die Gesch\u00e4ftsf\u00fchrung.<\/p>\n","protected":false},"author":9,"featured_media":16245,"comment_status":"closed","ping_status":"open","sticky":false,"template":"","format":"standard","meta":{"footnotes":""},"categories":[18],"tags":[1863,393,1751,565,1757],"class_list":["post-16244","post","type-post","status-publish","format-standard","has-post-thumbnail","hentry","category-teckentrup","tag-geschaeftsfuehrung","tag-personalia","tag-personalie","tag-teckentrup","tag-unternehmen"],"_links":{"self":[{"href":"https:\/\/www.pr-neu.de\/newsroom\/wp-json\/wp\/v2\/posts\/16244","targetHints":{"allow":["GET"]}}],"collection":[{"href":"https:\/\/www.pr-neu.de\/newsroom\/wp-json\/wp\/v2\/posts"}],"about":[{"href":"https:\/\/www.pr-neu.de\/newsroom\/wp-json\/wp\/v2\/types\/post"}],"author":[{"embeddable":true,"href":"https:\/\/www.pr-neu.de\/newsroom\/wp-json\/wp\/v2\/users\/9"}],"replies":[{"embeddable":true,"href":"https:\/\/www.pr-neu.de\/newsroom\/wp-json\/wp\/v2\/comments?post=16244"}],"version-history":[{"count":3,"href":"https:\/\/www.pr-neu.de\/newsroom\/wp-json\/wp\/v2\/posts\/16244\/revisions"}],"predecessor-version":[{"id":16248,"href":"https:\/\/www.pr-neu.de\/newsroom\/wp-json\/wp\/v2\/posts\/16244\/revisions\/16248"}],"wp:featuredmedia":[{"embeddable":true,"href":"https:\/\/www.pr-neu.de\/newsroom\/wp-json\/wp\/v2\/media\/16245"}],"wp:attachment":[{"href":"https:\/\/www.pr-neu.de\/newsroom\/wp-json\/wp\/v2\/media?parent=16244"}],"wp:term":[{"taxonomy":"category","embeddable":true,"href":"https:\/\/www.pr-neu.de\/newsroom\/wp-json\/wp\/v2\/categories?post=16244"},{"taxonomy":"post_tag","embeddable":true,"href":"https:\/\/www.pr-neu.de\/newsroom\/wp-json\/wp\/v2\/tags?post=16244"}],"curies":[{"name":"wp","href":"https:\/\/api.w.org\/{rel}","templated":true}]}}