{"id":16223,"date":"2023-09-25T15:33:55","date_gmt":"2023-09-25T13:33:55","guid":{"rendered":"https:\/\/www.pr-neu.de\/newsroom\/?p=16223"},"modified":"2023-09-25T15:34:17","modified_gmt":"2023-09-25T13:34:17","slug":"vorgespanntes-glas-ohne-anisotropien","status":"publish","type":"post","link":"https:\/\/www.pr-neu.de\/newsroom\/vorgespanntes-glas-ohne-anisotropien\/","title":{"rendered":"Vorgespanntes Glas ohne Anisotropien"},"content":{"rendered":"<p><u>sedak tempered+: Makelloser Durchblick<\/u><\/p>\n<p><strong>Mit \u201esedak tempered+\u201c liefert Glasveredler sedak das erste vorgespannte Glas ohne Anisotropien. Ein patentierter Tempering-Prozess erm\u00f6glicht die Produktion von TVG und ESG mit optimalen optischen Eigenschaften \u2013 ohne das f\u00fcr Anisotropien charakteristische Schimmern.<\/strong><\/p>\n<p>&#8222;Unser Hauptaugenmerk ist und bleibt, Gl\u00e4ser in h\u00f6chster Qualit\u00e4t weit \u00fcber dem Industriestandard zu liefern. Mit der Entwicklung von sedak tempered+ liefern wir nun das erste vorgespannte Glas ohne sichtbare Anisotropien und setzen neue Ma\u00dfst\u00e4be am Markt&#8220;, sagte Kevin Berni, sedak-Vertriebsleiter, bei der Produktvorstellung im September 2023.<\/p>\n<p><strong>Die Beseitigung von Anisotropien<\/strong><\/p>\n<p>Thermisch vorgespanntes Glas ist aus der Architektur nicht wegzudenken. Durch den Vorspannprozess entstehen jedoch sogenannte Anisotropien \u2013 ein Doppelbrechungs-Ph\u00e4nomen, das meist als schimmerndes Muster im Glas wahrgenommen wird.<\/p>\n<p>\u201eAnisotropien im Glas sind in der Regel kaum zu vermeiden, k\u00f6nnen jedoch mit einem optimierten Tempering-Verfahren reduziert werden. Mit unserem patentierten Vorspannprozess ist es nun gelungen, diesen Effekt auf nahezu Null zu reduzieren\u201c, erkl\u00e4rt Fritz Schl\u00f6gl, Leiter der Forschung und Entwicklung bei sedak. \u201eDas ist insbesondere bei Mehrfachlaminaten ein entscheidender Vorteil, da sich der Effekt durch die Schichtung mehrerer Einzelgl\u00e4ser tendenziell verst\u00e4rkt. Mit sedak tempered+ sind Anisotropien mit dem menschlichen Auge nicht wahrzunehmen.\u201c<\/p>\n<p>sedak tempered+ wird wie konventionell vorgespanntes Glas durch Erhitzen (in der Regel auf etwa 640\u00b0C) und anschlie\u00dfendes schnelles Abk\u00fchlen mit Hilfe von Gebl\u00e4sen hergestellt. Durch sein hochmodernes Herstellungsverfahren erreicht sedak tempered+ alle technischen Eigenschaften, die f\u00fcr vorgespanntes Glas erforderlich sind. sedak tempered+ erf\u00fcllt alle g\u00e4ngigen Normen und Richtlinien und besticht dar\u00fcber hinaus mit Klarheit und Transparenz.<\/p>\n<p>&nbsp;<\/p>\n<hr \/>\n<p>&nbsp;<\/p>\n<p style=\"text-align: center;\"><a href=\"http:\/\/www.pr-neu.de\/newsroom\/wordpress\/wp-content\/uploads\/2023\/09\/23-09-DE_00_sedak-tempered_launch_NYC_K.jpg\" target=\"_blank\" rel=\"noopener\"><img loading=\"lazy\" decoding=\"async\" class=\"aligncenter wp-image-16224 size-medium\" src=\"http:\/\/www.pr-neu.de\/newsroom\/wordpress\/wp-content\/uploads\/2023\/09\/23-09-DE_00_sedak-tempered_launch_NYC_K-200x300.jpg\" alt=\"\" width=\"200\" height=\"300\" srcset=\"https:\/\/www.pr-neu.de\/newsroom\/wordpress\/wp-content\/uploads\/2023\/09\/23-09-DE_00_sedak-tempered_launch_NYC_K-200x300.jpg 200w, https:\/\/www.pr-neu.de\/newsroom\/wordpress\/wp-content\/uploads\/2023\/09\/23-09-DE_00_sedak-tempered_launch_NYC_K-683x1024.jpg 683w, https:\/\/www.pr-neu.de\/newsroom\/wordpress\/wp-content\/uploads\/2023\/09\/23-09-DE_00_sedak-tempered_launch_NYC_K-768x1152.jpg 768w, https:\/\/www.pr-neu.de\/newsroom\/wordpress\/wp-content\/uploads\/2023\/09\/23-09-DE_00_sedak-tempered_launch_NYC_K-1024x1536.jpg 1024w, https:\/\/www.pr-neu.de\/newsroom\/wordpress\/wp-content\/uploads\/2023\/09\/23-09-DE_00_sedak-tempered_launch_NYC_K-1365x2048.jpg 1365w, https:\/\/www.pr-neu.de\/newsroom\/wordpress\/wp-content\/uploads\/2023\/09\/23-09-DE_00_sedak-tempered_launch_NYC_K-73x110.jpg 73w, https:\/\/www.pr-neu.de\/newsroom\/wordpress\/wp-content\/uploads\/2023\/09\/23-09-DE_00_sedak-tempered_launch_NYC_K-280x420.jpg 280w, https:\/\/www.pr-neu.de\/newsroom\/wordpress\/wp-content\/uploads\/2023\/09\/23-09-DE_00_sedak-tempered_launch_NYC_K-287x430.jpg 287w, https:\/\/www.pr-neu.de\/newsroom\/wordpress\/wp-content\/uploads\/2023\/09\/23-09-DE_00_sedak-tempered_launch_NYC_K.jpg 1600w\" sizes=\"auto, (max-width: 200px) 100vw, 200px\" \/><\/a><\/p>\n<p style=\"text-align: center;\">sedak tempered+ ist das erste vorgespannte Glas ohne Anisotropien.<br \/>\nBild: Eric Vitale Photography<\/p>\n<p>&nbsp;<\/p>\n<p style=\"text-align: center;\"><a href=\"http:\/\/www.pr-neu.de\/newsroom\/wordpress\/wp-content\/uploads\/2023\/09\/23-09-DE_01_sedak-tempered_launch_NYC_K.jpg\" target=\"_blank\" rel=\"noopener\"><img loading=\"lazy\" decoding=\"async\" class=\"aligncenter wp-image-16225 size-medium\" src=\"http:\/\/www.pr-neu.de\/newsroom\/wordpress\/wp-content\/uploads\/2023\/09\/23-09-DE_01_sedak-tempered_launch_NYC_K-300x201.jpg\" alt=\"\" width=\"300\" height=\"201\" srcset=\"https:\/\/www.pr-neu.de\/newsroom\/wordpress\/wp-content\/uploads\/2023\/09\/23-09-DE_01_sedak-tempered_launch_NYC_K-300x201.jpg 300w, https:\/\/www.pr-neu.de\/newsroom\/wordpress\/wp-content\/uploads\/2023\/09\/23-09-DE_01_sedak-tempered_launch_NYC_K-1024x684.jpg 1024w, https:\/\/www.pr-neu.de\/newsroom\/wordpress\/wp-content\/uploads\/2023\/09\/23-09-DE_01_sedak-tempered_launch_NYC_K-768x513.jpg 768w, https:\/\/www.pr-neu.de\/newsroom\/wordpress\/wp-content\/uploads\/2023\/09\/23-09-DE_01_sedak-tempered_launch_NYC_K-1536x1027.jpg 1536w, https:\/\/www.pr-neu.de\/newsroom\/wordpress\/wp-content\/uploads\/2023\/09\/23-09-DE_01_sedak-tempered_launch_NYC_K-2048x1369.jpg 2048w, https:\/\/www.pr-neu.de\/newsroom\/wordpress\/wp-content\/uploads\/2023\/09\/23-09-DE_01_sedak-tempered_launch_NYC_K-110x74.jpg 110w, https:\/\/www.pr-neu.de\/newsroom\/wordpress\/wp-content\/uploads\/2023\/09\/23-09-DE_01_sedak-tempered_launch_NYC_K-420x281.jpg 420w, https:\/\/www.pr-neu.de\/newsroom\/wordpress\/wp-content\/uploads\/2023\/09\/23-09-DE_01_sedak-tempered_launch_NYC_K-643x430.jpg 643w\" sizes=\"auto, (max-width: 300px) 100vw, 300px\" \/><\/a><\/p>\n<p style=\"text-align: center;\">Anisotropien k\u00f6nnen mit Hilfe einer Polfilterfolie sichtbar gemacht werden.<br \/>\nBild: sedak GmbH &amp; Co. KG<\/p>\n<p>&nbsp;<\/p>\n<p style=\"text-align: center;\"><a href=\"http:\/\/www.pr-neu.de\/newsroom\/wordpress\/wp-content\/uploads\/2023\/09\/23-09-DE_02_sedak-tempered_launch_NYC_K.jpg\" target=\"_blank\" rel=\"noopener\"><img loading=\"lazy\" decoding=\"async\" class=\"aligncenter wp-image-16226 size-medium\" src=\"http:\/\/www.pr-neu.de\/newsroom\/wordpress\/wp-content\/uploads\/2023\/09\/23-09-DE_02_sedak-tempered_launch_NYC_K-300x200.jpg\" alt=\"\" width=\"300\" height=\"200\" srcset=\"https:\/\/www.pr-neu.de\/newsroom\/wordpress\/wp-content\/uploads\/2023\/09\/23-09-DE_02_sedak-tempered_launch_NYC_K-300x200.jpg 300w, https:\/\/www.pr-neu.de\/newsroom\/wordpress\/wp-content\/uploads\/2023\/09\/23-09-DE_02_sedak-tempered_launch_NYC_K-1024x683.jpg 1024w, https:\/\/www.pr-neu.de\/newsroom\/wordpress\/wp-content\/uploads\/2023\/09\/23-09-DE_02_sedak-tempered_launch_NYC_K-768x512.jpg 768w, https:\/\/www.pr-neu.de\/newsroom\/wordpress\/wp-content\/uploads\/2023\/09\/23-09-DE_02_sedak-tempered_launch_NYC_K-1536x1025.jpg 1536w, https:\/\/www.pr-neu.de\/newsroom\/wordpress\/wp-content\/uploads\/2023\/09\/23-09-DE_02_sedak-tempered_launch_NYC_K-2048x1366.jpg 2048w, https:\/\/www.pr-neu.de\/newsroom\/wordpress\/wp-content\/uploads\/2023\/09\/23-09-DE_02_sedak-tempered_launch_NYC_K-110x73.jpg 110w, https:\/\/www.pr-neu.de\/newsroom\/wordpress\/wp-content\/uploads\/2023\/09\/23-09-DE_02_sedak-tempered_launch_NYC_K-420x280.jpg 420w, https:\/\/www.pr-neu.de\/newsroom\/wordpress\/wp-content\/uploads\/2023\/09\/23-09-DE_02_sedak-tempered_launch_NYC_K-645x430.jpg 645w\" sizes=\"auto, (max-width: 300px) 100vw, 300px\" \/><\/a><\/p>\n<p style=\"text-align: center;\">sedak-Vertriebsleiter Kevin Berni pr\u00e4sentierte bei der Produktvorstellung den Unterschied zwischen herk\u00f6mmlich vorgespanntem Glas (rechts) und sedak tempered+ (links). Sichtbar werden die Anisotropien durch das Tragen einer polarisierten Sonnenbrille.<br \/>\nBild: Eric Vitale Photography<\/p>\n<p>&nbsp;<\/p>\n<p style=\"text-align: center;\"><a href=\"http:\/\/www.pr-neu.de\/newsroom\/wordpress\/wp-content\/uploads\/2023\/09\/23-09-DE_03_sedak-tempered_launch_NYC_K.jpg\" target=\"_blank\" rel=\"noopener\"><img loading=\"lazy\" decoding=\"async\" class=\"aligncenter wp-image-16227 size-medium\" src=\"http:\/\/www.pr-neu.de\/newsroom\/wordpress\/wp-content\/uploads\/2023\/09\/23-09-DE_03_sedak-tempered_launch_NYC_K-300x200.jpg\" alt=\"\" width=\"300\" height=\"200\" srcset=\"https:\/\/www.pr-neu.de\/newsroom\/wordpress\/wp-content\/uploads\/2023\/09\/23-09-DE_03_sedak-tempered_launch_NYC_K-300x200.jpg 300w, https:\/\/www.pr-neu.de\/newsroom\/wordpress\/wp-content\/uploads\/2023\/09\/23-09-DE_03_sedak-tempered_launch_NYC_K-1024x683.jpg 1024w, https:\/\/www.pr-neu.de\/newsroom\/wordpress\/wp-content\/uploads\/2023\/09\/23-09-DE_03_sedak-tempered_launch_NYC_K-768x512.jpg 768w, https:\/\/www.pr-neu.de\/newsroom\/wordpress\/wp-content\/uploads\/2023\/09\/23-09-DE_03_sedak-tempered_launch_NYC_K-1536x1024.jpg 1536w, https:\/\/www.pr-neu.de\/newsroom\/wordpress\/wp-content\/uploads\/2023\/09\/23-09-DE_03_sedak-tempered_launch_NYC_K-2048x1365.jpg 2048w, https:\/\/www.pr-neu.de\/newsroom\/wordpress\/wp-content\/uploads\/2023\/09\/23-09-DE_03_sedak-tempered_launch_NYC_K-110x73.jpg 110w, https:\/\/www.pr-neu.de\/newsroom\/wordpress\/wp-content\/uploads\/2023\/09\/23-09-DE_03_sedak-tempered_launch_NYC_K-420x280.jpg 420w, https:\/\/www.pr-neu.de\/newsroom\/wordpress\/wp-content\/uploads\/2023\/09\/23-09-DE_03_sedak-tempered_launch_NYC_K-645x430.jpg 645w\" sizes=\"auto, (max-width: 300px) 100vw, 300px\" \/><\/a><\/p>\n<p style=\"text-align: center;\">Bei der Produktpr\u00e4sentation von sedak tempered+ am 13. September in New York stellten sich u.a. Beatriz Fernandez, Vertrieb Nordamerika sedak, Maic Pannwitz, VP sedak inc., und Kevin Berni, Vertriebsleiter sedak, den Fragen der rund 100 G\u00e4ste.<br \/>\nBild: Eric Vitale Photography<\/p>\n<p>&nbsp;<\/p>\n<p style=\"text-align: center;\"><a href=\"http:\/\/www.pr-neu.de\/newsroom\/wordpress\/wp-content\/uploads\/2023\/09\/23-09-DE_04_sedak-tempered_launch_NYC_K.jpg\" target=\"_blank\" rel=\"noopener\"><img loading=\"lazy\" decoding=\"async\" class=\"wp-image-16228 size-medium\" src=\"http:\/\/www.pr-neu.de\/newsroom\/wordpress\/wp-content\/uploads\/2023\/09\/23-09-DE_04_sedak-tempered_launch_NYC_K-300x200.jpg\" alt=\"\" width=\"300\" height=\"200\" srcset=\"https:\/\/www.pr-neu.de\/newsroom\/wordpress\/wp-content\/uploads\/2023\/09\/23-09-DE_04_sedak-tempered_launch_NYC_K-300x200.jpg 300w, https:\/\/www.pr-neu.de\/newsroom\/wordpress\/wp-content\/uploads\/2023\/09\/23-09-DE_04_sedak-tempered_launch_NYC_K-1024x683.jpg 1024w, https:\/\/www.pr-neu.de\/newsroom\/wordpress\/wp-content\/uploads\/2023\/09\/23-09-DE_04_sedak-tempered_launch_NYC_K-768x512.jpg 768w, https:\/\/www.pr-neu.de\/newsroom\/wordpress\/wp-content\/uploads\/2023\/09\/23-09-DE_04_sedak-tempered_launch_NYC_K-1536x1024.jpg 1536w, https:\/\/www.pr-neu.de\/newsroom\/wordpress\/wp-content\/uploads\/2023\/09\/23-09-DE_04_sedak-tempered_launch_NYC_K-2048x1365.jpg 2048w, https:\/\/www.pr-neu.de\/newsroom\/wordpress\/wp-content\/uploads\/2023\/09\/23-09-DE_04_sedak-tempered_launch_NYC_K-110x73.jpg 110w, https:\/\/www.pr-neu.de\/newsroom\/wordpress\/wp-content\/uploads\/2023\/09\/23-09-DE_04_sedak-tempered_launch_NYC_K-420x280.jpg 420w, https:\/\/www.pr-neu.de\/newsroom\/wordpress\/wp-content\/uploads\/2023\/09\/23-09-DE_04_sedak-tempered_launch_NYC_K-645x430.jpg 645w\" sizes=\"auto, (max-width: 300px) 100vw, 300px\" \/><\/a><\/p>\n<p style=\"text-align: center;\">sedak-Gesch\u00e4ftsf\u00fchrer Bernhard Veh (re.)<br \/>\nbei der Produkteinf\u00fchrung in New York.<br \/>\nIm Hintergrund: Gery Chinzi (li) und Gaia Sperotto (mitte) (beide sedak Vertrieb).<br \/>\nBild: Eric Vitale Photography<\/p>\n<p>&nbsp;<\/p>\n<hr \/>\n<p>&nbsp;<\/p>\n<p>Abdruck honorarfrei, Belegexemplar erbeten<\/p>\n","protected":false},"excerpt":{"rendered":"<p>Mit \u201esedak tempered+\u201c liefert Glasveredler sedak das erste vorgespannte Glas ohne Anisotropien. TVG und ESG mit optimalen optischen Eigenschaften \u2013 ohne das f\u00fcr Anisotropien charakteristische Schimmern.<\/p>\n","protected":false},"author":9,"featured_media":16225,"comment_status":"closed","ping_status":"open","sticky":false,"template":"","format":"standard","meta":{"footnotes":""},"categories":[12],"tags":[2653,2657,230,236,2257,2651,2659,2655],"class_list":["post-16223","post","type-post","status-publish","format-standard","has-post-thumbnail","hentry","category-sedak","tag-anisotropie","tag-esg","tag-glas","tag-glass","tag-sedak","tag-tempered","tag-transparenz","tag-tvg"],"_links":{"self":[{"href":"https:\/\/www.pr-neu.de\/newsroom\/wp-json\/wp\/v2\/posts\/16223","targetHints":{"allow":["GET"]}}],"collection":[{"href":"https:\/\/www.pr-neu.de\/newsroom\/wp-json\/wp\/v2\/posts"}],"about":[{"href":"https:\/\/www.pr-neu.de\/newsroom\/wp-json\/wp\/v2\/types\/post"}],"author":[{"embeddable":true,"href":"https:\/\/www.pr-neu.de\/newsroom\/wp-json\/wp\/v2\/users\/9"}],"replies":[{"embeddable":true,"href":"https:\/\/www.pr-neu.de\/newsroom\/wp-json\/wp\/v2\/comments?post=16223"}],"version-history":[{"count":2,"href":"https:\/\/www.pr-neu.de\/newsroom\/wp-json\/wp\/v2\/posts\/16223\/revisions"}],"predecessor-version":[{"id":16230,"href":"https:\/\/www.pr-neu.de\/newsroom\/wp-json\/wp\/v2\/posts\/16223\/revisions\/16230"}],"wp:featuredmedia":[{"embeddable":true,"href":"https:\/\/www.pr-neu.de\/newsroom\/wp-json\/wp\/v2\/media\/16225"}],"wp:attachment":[{"href":"https:\/\/www.pr-neu.de\/newsroom\/wp-json\/wp\/v2\/media?parent=16223"}],"wp:term":[{"taxonomy":"category","embeddable":true,"href":"https:\/\/www.pr-neu.de\/newsroom\/wp-json\/wp\/v2\/categories?post=16223"},{"taxonomy":"post_tag","embeddable":true,"href":"https:\/\/www.pr-neu.de\/newsroom\/wp-json\/wp\/v2\/tags?post=16223"}],"curies":[{"name":"wp","href":"https:\/\/api.w.org\/{rel}","templated":true}]}}