{"id":16195,"date":"2023-09-14T13:34:34","date_gmt":"2023-09-14T11:34:34","guid":{"rendered":"https:\/\/www.pr-neu.de\/newsroom\/?p=16195"},"modified":"2023-09-19T10:11:15","modified_gmt":"2023-09-19T08:11:15","slug":"umbaukurpark-quartier-bad-gandersheim","status":"publish","type":"post","link":"https:\/\/www.pr-neu.de\/newsroom\/umbaukurpark-quartier-bad-gandersheim\/","title":{"rendered":"Umbau: Kurpark-Quartier Bad Gandersheim"},"content":{"rendered":"<p><u>Objektreportage: Flachdach- und Balkonentw\u00e4sserung<\/u><\/p>\n<p><strong>Das neue Kurpark-Quartier in Bad Gandersheim, ehemals \u201eHotel Bartels\u201c, ist nach dem Umbau der Zentralbau am Kurpark \u2013 und somit 2023 direkt am Gel\u00e4nde der Landesgartenschau. Neben der Nutzung als Hotel und Boardinghaus kommt ein Trakt mit Wohnungen hinzu. Das Ensemble gibt der Kleinstadt im S\u00fcdharz so neuen, attraktiven Mietraum. Das gesamte Projekt ist hochwertig geplant und ausgef\u00fchrt. Dazu geh\u00f6rt die Flachdach- und Balkonentw\u00e4sserung, die technisch erstklassig auch \u00e4sthetisch \u00fcberzeugt und zur anspruchsvollen Architektur des Ensembles passt.<\/strong><\/p>\n<p>F\u00fcr eine Kurstadt z\u00e4hlt der Kur-Betrieb zu den wichtigsten Wirtschaftszweigen der Kommune. Das gilt f\u00fcr kleinere Orte umso mehr \u2013 und auch f\u00fcr Bad Gandersheim. Die Stadt im S\u00fcdharz k\u00e4mpft wie viele Kleinst\u00e4dte damit, gegen die Zentren zu bestehen und als Standort attraktiv zu bleiben. Einen wichtigen Schritt dazu haben nun lokale Investoren umgesetzt: Direkt am Kurpark liegt das ehemalige \u201eHotel Bartels\u201c, das auch schon als Fl\u00fcchtlingswohnheim diente. Nach der umfassenden Sanierung ist es heute ein modernes Hotel, Boardinghaus und Wohngeb\u00e4ude. Mit der Fertigstellung 2023 fiel die Er\u00f6ffnung in die Zeit der Landesgartenschau \u2013 eine win-win-Situation f\u00fcr Investoren und Stadt. Das Hotel bietet insbesondere den Touristen ein optimal gelegenes \u00dcbernachtungsangebot. Das Boardinghaus mit Appartements, von deren Mietern das Hotel zum Beispiel f\u00fcr das Fr\u00fchst\u00fcck genutzt werden kann, ist f\u00fcr mittelfristige Aufenthalte gedacht. Die Wohnungen erg\u00e4nzen das lokale Angebot um hochwertigen Mietraum.<\/p>\n<p><strong>Technisch und \u00e4sthetisch anspruchsvoll: Der Weg des Wassers<\/strong><\/p>\n<p>Mit dem umfangreichen Umbau erhielt das gesamte Ensemble ein modernes Aussehen \u2013 und Technik auf dem neuesten Stand. Das schlie\u00dft die Entw\u00e4sserung von Flachd\u00e4chern und Balkonen ein. Hier halfen die Spezialisten von Loro, ebenfalls in Bad Gandersheim beheimatet, schon bei der Planung: Um die optimalen Abflusspunkte unter Ber\u00fccksichtigung der orts\u00fcblichen Regenspende zu berechnen, unterst\u00fctzte das Serviceteam die Architekten mit einer normgerechten (DIN 1986-100) Auslegung f\u00fcr die Haupt- und die Notentw\u00e4sserung. Dabei ber\u00fccksichtigte das Spezialisten-Team Abflussbeiwert, H\u00f6hen, L\u00e4ngen und Fl\u00e4chen und definierte die genaue Position und Dimension von Abl\u00e4ufen und Fallleitungen.<\/p>\n<p>Das Ergebnis ist eine elegante wie wirtschaftliche L\u00f6sung: In der \u201eHaupt-Not-Kombi\u201c sind beide Entw\u00e4sserungswege in einem Bauteil vereint. Das spart Durchbr\u00fcche an der Attika (und Bauzeit) bei hoher Sicherheit f\u00fcr die Entw\u00e4sserung. Mit der Rohr-in-Rohr-Idee bleibt der Weg des Wassers auch von den Dachterrassen \u00e4sthetisch. Das Loro-System \u201eDuostream\u201c f\u00fcr die kaskadierende Entw\u00e4sserung ist so ausgelegt, dass auch \u00fcber abgestufte Etagen nur je eine Leitung f\u00fcr die Haupt- und die Notentw\u00e4sserung gen\u00fcgt. Da die horizontalen Leitungen in der D\u00e4mmebene liegen, ist auch bei kalten Temperaturen ein sicherer Abfluss gew\u00e4hrleistet. Optisch bestechen die hochwertigen Fallrohre aus Stahl: Sie gliedern den Bauk\u00f6rper und tragen zur anspruchsvollen Architektur des Geb\u00e4udes bei \u2013 und die Balkone lassen sich elegant an die Fallleitung anschlie\u00dfen. Um selbst bei extremen Niederschl\u00e4gen auf der sicheren Seite zu sein, sind die Fallrohre zudem mit dem Loro-X HS\u00dc ausgestattet. Der Hochsicherheits-\u00dcberlauf verhindert den R\u00fcckstau in das Abflussrohr, wenn die Kanalisation kein Wasser mehr aufnehmen kann. Dann entw\u00e4ssert das System auf die Fl\u00e4che.<\/p>\n<p><em>\u201eDoppelte Sicherheit bei der Flachdach- und Balkonentw\u00e4sserung: F\u00fcr das Kurpark-Quartier setzten wir auf normgerechte Berechnung mit dem Loro-Service und auf die zuverl\u00e4ssigen Entw\u00e4sserungssysteme.\u201c<\/em><br \/>\nArchitekt Michael Schleder.<\/p>\n<p><em>\u201eLanglebig und \u00e4sthetisch hochwertig: Das hat uns bei der Wahl der Flachdachentw\u00e4sserung \u00fcberzeugt. Zudem freut es uns in diesem Fall, dass mit Loro ein ortsans\u00e4ssiges Unternehmen an Bord ist\u201c.<\/em><br \/>\nHolger Leicht, Appel + Leicht<\/p>\n<p>&nbsp;<\/p>\n<hr \/>\n<p>&nbsp;<\/p>\n<p><strong>Bautafel: Umbau Kurpark Quartier (Hotel Bartels)<\/strong><\/p>\n<p><em>Bauherr<\/em><br \/>\nAppel &amp; Leicht, Bad Gandersheim<\/p>\n<p><em>Architekt<\/em><br \/>\nMichael Schleder Architekten, Bad Gandersheim<\/p>\n<p><em>Dachentw\u00e4sserung<\/em><br \/>\nu.a. Kaskadenentw\u00e4sserung Loro-X Duostream, Haupt-Not-Kombi, Loro, Bad Gandersheim<\/p>\n<p><em>Verarbeiter<\/em><br \/>\nKoch-Bau GmbH, Zimmer- und Dachdeckermeister Christopher L\u00fcder, Einbeck-Rittierode<\/p>\n<p>&nbsp;<\/p>\n<hr \/>\n<p>&nbsp;<\/p>\n<p style=\"text-align: center;\"><a href=\"http:\/\/www.pr-neu.de\/newsroom\/wordpress\/wp-content\/uploads\/2023\/09\/23_10_Kurpark_Totale_K.jpg\" target=\"_blank\" rel=\"noopener\"><img loading=\"lazy\" decoding=\"async\" class=\"wp-image-16198 size-medium\" src=\"http:\/\/www.pr-neu.de\/newsroom\/wordpress\/wp-content\/uploads\/2023\/09\/23_10_Kurpark_Totale_K-300x225.jpg\" alt=\"\" width=\"300\" height=\"225\" srcset=\"https:\/\/www.pr-neu.de\/newsroom\/wordpress\/wp-content\/uploads\/2023\/09\/23_10_Kurpark_Totale_K-300x225.jpg 300w, https:\/\/www.pr-neu.de\/newsroom\/wordpress\/wp-content\/uploads\/2023\/09\/23_10_Kurpark_Totale_K-1024x768.jpg 1024w, https:\/\/www.pr-neu.de\/newsroom\/wordpress\/wp-content\/uploads\/2023\/09\/23_10_Kurpark_Totale_K-768x576.jpg 768w, https:\/\/www.pr-neu.de\/newsroom\/wordpress\/wp-content\/uploads\/2023\/09\/23_10_Kurpark_Totale_K-1536x1152.jpg 1536w, https:\/\/www.pr-neu.de\/newsroom\/wordpress\/wp-content\/uploads\/2023\/09\/23_10_Kurpark_Totale_K-2048x1536.jpg 2048w, https:\/\/www.pr-neu.de\/newsroom\/wordpress\/wp-content\/uploads\/2023\/09\/23_10_Kurpark_Totale_K-110x83.jpg 110w, https:\/\/www.pr-neu.de\/newsroom\/wordpress\/wp-content\/uploads\/2023\/09\/23_10_Kurpark_Totale_K-420x315.jpg 420w, https:\/\/www.pr-neu.de\/newsroom\/wordpress\/wp-content\/uploads\/2023\/09\/23_10_Kurpark_Totale_K-573x430.jpg 573w\" sizes=\"auto, (max-width: 300px) 100vw, 300px\" \/><\/a><\/p>\n<p style=\"text-align: center;\">Wieder sch\u00f6n: Das sanierte und umgenutzte Kurpark-Quartier in Bad Gandersheim bietet Hotel, Boarding House und Wohnungen unter einem Dach.<\/p>\n<p>&nbsp;<\/p>\n<p style=\"text-align: center;\"><a href=\"http:\/\/www.pr-neu.de\/newsroom\/wordpress\/wp-content\/uploads\/2023\/09\/23_10_Kurpark_Balkon_K.jpg\" target=\"_blank\" rel=\"noopener\"><img loading=\"lazy\" decoding=\"async\" class=\"aligncenter wp-image-16203 size-medium\" src=\"http:\/\/www.pr-neu.de\/newsroom\/wordpress\/wp-content\/uploads\/2023\/09\/23_10_Kurpark_Balkon_K-225x300.jpg\" alt=\"\" width=\"225\" height=\"300\" srcset=\"https:\/\/www.pr-neu.de\/newsroom\/wordpress\/wp-content\/uploads\/2023\/09\/23_10_Kurpark_Balkon_K-225x300.jpg 225w, https:\/\/www.pr-neu.de\/newsroom\/wordpress\/wp-content\/uploads\/2023\/09\/23_10_Kurpark_Balkon_K-768x1024.jpg 768w, https:\/\/www.pr-neu.de\/newsroom\/wordpress\/wp-content\/uploads\/2023\/09\/23_10_Kurpark_Balkon_K-1152x1536.jpg 1152w, https:\/\/www.pr-neu.de\/newsroom\/wordpress\/wp-content\/uploads\/2023\/09\/23_10_Kurpark_Balkon_K-1536x2048.jpg 1536w, https:\/\/www.pr-neu.de\/newsroom\/wordpress\/wp-content\/uploads\/2023\/09\/23_10_Kurpark_Balkon_K-83x110.jpg 83w, https:\/\/www.pr-neu.de\/newsroom\/wordpress\/wp-content\/uploads\/2023\/09\/23_10_Kurpark_Balkon_K-315x420.jpg 315w, https:\/\/www.pr-neu.de\/newsroom\/wordpress\/wp-content\/uploads\/2023\/09\/23_10_Kurpark_Balkon_K-323x430.jpg 323w, https:\/\/www.pr-neu.de\/newsroom\/wordpress\/wp-content\/uploads\/2023\/09\/23_10_Kurpark_Balkon_K.jpg 1800w\" sizes=\"auto, (max-width: 225px) 100vw, 225px\" \/><\/a>Die Fallleitungen entw\u00e4ssern die Balkone \u00fcber einen Strang.<\/p>\n<p>&nbsp;<\/p>\n<p><a href=\"http:\/\/www.pr-neu.de\/newsroom\/wordpress\/wp-content\/uploads\/2023\/09\/23_10_Kurpark_Flachdach_1_K.jpg\" target=\"_blank\" rel=\"noopener\"><img loading=\"lazy\" decoding=\"async\" class=\"aligncenter wp-image-16204 size-medium\" src=\"http:\/\/www.pr-neu.de\/newsroom\/wordpress\/wp-content\/uploads\/2023\/09\/23_10_Kurpark_Flachdach_1_K-225x300.jpg\" alt=\"\" width=\"225\" height=\"300\" srcset=\"https:\/\/www.pr-neu.de\/newsroom\/wordpress\/wp-content\/uploads\/2023\/09\/23_10_Kurpark_Flachdach_1_K-225x300.jpg 225w, https:\/\/www.pr-neu.de\/newsroom\/wordpress\/wp-content\/uploads\/2023\/09\/23_10_Kurpark_Flachdach_1_K-83x110.jpg 83w, https:\/\/www.pr-neu.de\/newsroom\/wordpress\/wp-content\/uploads\/2023\/09\/23_10_Kurpark_Flachdach_1_K-315x420.jpg 315w, https:\/\/www.pr-neu.de\/newsroom\/wordpress\/wp-content\/uploads\/2023\/09\/23_10_Kurpark_Flachdach_1_K-323x430.jpg 323w, https:\/\/www.pr-neu.de\/newsroom\/wordpress\/wp-content\/uploads\/2023\/09\/23_10_Kurpark_Flachdach_1_K.jpg 480w\" sizes=\"auto, (max-width: 225px) 100vw, 225px\" \/><\/a><\/p>\n<p><a href=\"http:\/\/www.pr-neu.de\/newsroom\/wordpress\/wp-content\/uploads\/2023\/09\/23_10_Kurpark_Flachdach_2_K.jpg\" target=\"_blank\" rel=\"noopener\"><img loading=\"lazy\" decoding=\"async\" class=\"aligncenter wp-image-16196 size-medium\" src=\"http:\/\/www.pr-neu.de\/newsroom\/wordpress\/wp-content\/uploads\/2023\/09\/23_10_Kurpark_Flachdach_2_K-225x300.jpg\" alt=\"\" width=\"225\" height=\"300\" srcset=\"https:\/\/www.pr-neu.de\/newsroom\/wordpress\/wp-content\/uploads\/2023\/09\/23_10_Kurpark_Flachdach_2_K-225x300.jpg 225w, https:\/\/www.pr-neu.de\/newsroom\/wordpress\/wp-content\/uploads\/2023\/09\/23_10_Kurpark_Flachdach_2_K-768x1024.jpg 768w, https:\/\/www.pr-neu.de\/newsroom\/wordpress\/wp-content\/uploads\/2023\/09\/23_10_Kurpark_Flachdach_2_K-1152x1536.jpg 1152w, https:\/\/www.pr-neu.de\/newsroom\/wordpress\/wp-content\/uploads\/2023\/09\/23_10_Kurpark_Flachdach_2_K-1536x2048.jpg 1536w, https:\/\/www.pr-neu.de\/newsroom\/wordpress\/wp-content\/uploads\/2023\/09\/23_10_Kurpark_Flachdach_2_K-83x110.jpg 83w, https:\/\/www.pr-neu.de\/newsroom\/wordpress\/wp-content\/uploads\/2023\/09\/23_10_Kurpark_Flachdach_2_K-315x420.jpg 315w, https:\/\/www.pr-neu.de\/newsroom\/wordpress\/wp-content\/uploads\/2023\/09\/23_10_Kurpark_Flachdach_2_K-323x430.jpg 323w, https:\/\/www.pr-neu.de\/newsroom\/wordpress\/wp-content\/uploads\/2023\/09\/23_10_Kurpark_Flachdach_2_K.jpg 1800w\" sizes=\"auto, (max-width: 225px) 100vw, 225px\" \/><\/a><\/p>\n<p style=\"text-align: center;\"><a href=\"http:\/\/www.pr-neu.de\/newsroom\/wordpress\/wp-content\/uploads\/2023\/09\/23_10_Kurpark_Flachdach_3_K.jpg\" target=\"_blank\" rel=\"noopener\"><img loading=\"lazy\" decoding=\"async\" class=\"wp-image-16197 size-medium\" src=\"http:\/\/www.pr-neu.de\/newsroom\/wordpress\/wp-content\/uploads\/2023\/09\/23_10_Kurpark_Flachdach_3_K-300x225.jpg\" alt=\"\" width=\"300\" height=\"225\" srcset=\"https:\/\/www.pr-neu.de\/newsroom\/wordpress\/wp-content\/uploads\/2023\/09\/23_10_Kurpark_Flachdach_3_K-300x225.jpg 300w, https:\/\/www.pr-neu.de\/newsroom\/wordpress\/wp-content\/uploads\/2023\/09\/23_10_Kurpark_Flachdach_3_K-1024x768.jpg 1024w, https:\/\/www.pr-neu.de\/newsroom\/wordpress\/wp-content\/uploads\/2023\/09\/23_10_Kurpark_Flachdach_3_K-768x576.jpg 768w, https:\/\/www.pr-neu.de\/newsroom\/wordpress\/wp-content\/uploads\/2023\/09\/23_10_Kurpark_Flachdach_3_K-1536x1152.jpg 1536w, https:\/\/www.pr-neu.de\/newsroom\/wordpress\/wp-content\/uploads\/2023\/09\/23_10_Kurpark_Flachdach_3_K-2048x1536.jpg 2048w, https:\/\/www.pr-neu.de\/newsroom\/wordpress\/wp-content\/uploads\/2023\/09\/23_10_Kurpark_Flachdach_3_K-110x83.jpg 110w, https:\/\/www.pr-neu.de\/newsroom\/wordpress\/wp-content\/uploads\/2023\/09\/23_10_Kurpark_Flachdach_3_K-420x315.jpg 420w, https:\/\/www.pr-neu.de\/newsroom\/wordpress\/wp-content\/uploads\/2023\/09\/23_10_Kurpark_Flachdach_3_K-573x430.jpg 573w\" sizes=\"auto, (max-width: 300px) 100vw, 300px\" \/><\/a><\/p>\n<p style=\"text-align: center;\">Haupt- und Notentw\u00e4sserung auf dem Flachdach sind nach einem optimierten Verlege-Plan angeordnet. Mit den orangefarbenen Kappen sind die Notabl\u00e4ufe zudem gut zu erkennen. Ein Anstauwehr stellt sicher, dass die Notentw\u00e4sserung nur bei entsprechend hoher Wasserbelastung beansprucht wird.<\/p>\n<p>&nbsp;<\/p>\n<p style=\"text-align: center;\"><a href=\"http:\/\/www.pr-neu.de\/newsroom\/wordpress\/wp-content\/uploads\/2023\/09\/23_10_Kurpark_Ablauf_K.jpg\" target=\"_blank\" rel=\"noopener\"><img loading=\"lazy\" decoding=\"async\" class=\"wp-image-16202 size-medium\" src=\"http:\/\/www.pr-neu.de\/newsroom\/wordpress\/wp-content\/uploads\/2023\/09\/23_10_Kurpark_Ablauf_K-225x300.jpg\" alt=\"\" width=\"225\" height=\"300\" srcset=\"https:\/\/www.pr-neu.de\/newsroom\/wordpress\/wp-content\/uploads\/2023\/09\/23_10_Kurpark_Ablauf_K-225x300.jpg 225w, https:\/\/www.pr-neu.de\/newsroom\/wordpress\/wp-content\/uploads\/2023\/09\/23_10_Kurpark_Ablauf_K-83x110.jpg 83w, https:\/\/www.pr-neu.de\/newsroom\/wordpress\/wp-content\/uploads\/2023\/09\/23_10_Kurpark_Ablauf_K-315x420.jpg 315w, https:\/\/www.pr-neu.de\/newsroom\/wordpress\/wp-content\/uploads\/2023\/09\/23_10_Kurpark_Ablauf_K-323x430.jpg 323w, https:\/\/www.pr-neu.de\/newsroom\/wordpress\/wp-content\/uploads\/2023\/09\/23_10_Kurpark_Ablauf_K.jpg 480w\" sizes=\"auto, (max-width: 225px) 100vw, 225px\" \/><\/a><\/p>\n<p style=\"text-align: center;\">Mit den Loro-Rainstar-Abl\u00e4ufen l\u00e4sst sich die Entw\u00e4sserung in die D\u00e4mmebene legen.<\/p>\n<p>&nbsp;<\/p>\n<p><a href=\"http:\/\/www.pr-neu.de\/newsroom\/wordpress\/wp-content\/uploads\/2023\/09\/23-10_Kurpark_HSU_1_K.jpg\" target=\"_blank\" rel=\"noopener\"><img loading=\"lazy\" decoding=\"async\" class=\"aligncenter wp-image-16199 size-medium\" src=\"http:\/\/www.pr-neu.de\/newsroom\/wordpress\/wp-content\/uploads\/2023\/09\/23-10_Kurpark_HSU_1_K-225x300.jpg\" alt=\"\" width=\"225\" height=\"300\" srcset=\"https:\/\/www.pr-neu.de\/newsroom\/wordpress\/wp-content\/uploads\/2023\/09\/23-10_Kurpark_HSU_1_K-225x300.jpg 225w, https:\/\/www.pr-neu.de\/newsroom\/wordpress\/wp-content\/uploads\/2023\/09\/23-10_Kurpark_HSU_1_K-83x110.jpg 83w, https:\/\/www.pr-neu.de\/newsroom\/wordpress\/wp-content\/uploads\/2023\/09\/23-10_Kurpark_HSU_1_K-315x420.jpg 315w, https:\/\/www.pr-neu.de\/newsroom\/wordpress\/wp-content\/uploads\/2023\/09\/23-10_Kurpark_HSU_1_K-323x430.jpg 323w, https:\/\/www.pr-neu.de\/newsroom\/wordpress\/wp-content\/uploads\/2023\/09\/23-10_Kurpark_HSU_1_K.jpg 480w\" sizes=\"auto, (max-width: 225px) 100vw, 225px\" \/><\/a><\/p>\n<p style=\"text-align: center;\">Sicherheit inklusive: Der \u201eLoro HS\u00dc\u201c (Hochleistungs-Sicherheits-\u00dcberlauf) sorgt daf\u00fcr, dass bei extremem Regen oder verstopften Abwasserkan\u00e4len kein R\u00fcckfluss nach oben erfolgt, sondern das Wasser auf die freie Fl\u00e4che flie\u00dft den<\/p>\n<p>&nbsp;<\/p>\n<p><a href=\"http:\/\/www.pr-neu.de\/newsroom\/wordpress\/wp-content\/uploads\/2023\/09\/23-10_Kurpark_Revision_K.jpg\" target=\"_blank\" rel=\"noopener\"><img loading=\"lazy\" decoding=\"async\" class=\"aligncenter wp-image-16201 size-medium\" src=\"http:\/\/www.pr-neu.de\/newsroom\/wordpress\/wp-content\/uploads\/2023\/09\/23-10_Kurpark_Revision_K-225x300.jpg\" alt=\"\" width=\"225\" height=\"300\" srcset=\"https:\/\/www.pr-neu.de\/newsroom\/wordpress\/wp-content\/uploads\/2023\/09\/23-10_Kurpark_Revision_K-225x300.jpg 225w, https:\/\/www.pr-neu.de\/newsroom\/wordpress\/wp-content\/uploads\/2023\/09\/23-10_Kurpark_Revision_K-768x1024.jpg 768w, https:\/\/www.pr-neu.de\/newsroom\/wordpress\/wp-content\/uploads\/2023\/09\/23-10_Kurpark_Revision_K-1152x1536.jpg 1152w, https:\/\/www.pr-neu.de\/newsroom\/wordpress\/wp-content\/uploads\/2023\/09\/23-10_Kurpark_Revision_K-1536x2048.jpg 1536w, https:\/\/www.pr-neu.de\/newsroom\/wordpress\/wp-content\/uploads\/2023\/09\/23-10_Kurpark_Revision_K-83x110.jpg 83w, https:\/\/www.pr-neu.de\/newsroom\/wordpress\/wp-content\/uploads\/2023\/09\/23-10_Kurpark_Revision_K-315x420.jpg 315w, https:\/\/www.pr-neu.de\/newsroom\/wordpress\/wp-content\/uploads\/2023\/09\/23-10_Kurpark_Revision_K-323x430.jpg 323w, https:\/\/www.pr-neu.de\/newsroom\/wordpress\/wp-content\/uploads\/2023\/09\/23-10_Kurpark_Revision_K.jpg 1800w\" sizes=\"auto, (max-width: 225px) 100vw, 225px\" \/><\/a><\/p>\n<p style=\"text-align: center;\">In den nicht gef\u00e4hrdeten Abfl\u00fcssen sind Revisionsklappen verbaut.<\/p>\n<p>&nbsp;<\/p>\n<p><a href=\"http:\/\/www.pr-neu.de\/newsroom\/wordpress\/wp-content\/uploads\/2023\/09\/23-10_Hotel_Bartels_alt_K.jpg\" target=\"_blank\" rel=\"noopener\"><img loading=\"lazy\" decoding=\"async\" class=\"aligncenter wp-image-16216 size-medium\" src=\"http:\/\/www.pr-neu.de\/newsroom\/wordpress\/wp-content\/uploads\/2023\/09\/23-10_Hotel_Bartels_alt_K-300x169.jpg\" alt=\"\" width=\"300\" height=\"169\" srcset=\"https:\/\/www.pr-neu.de\/newsroom\/wordpress\/wp-content\/uploads\/2023\/09\/23-10_Hotel_Bartels_alt_K-300x169.jpg 300w, https:\/\/www.pr-neu.de\/newsroom\/wordpress\/wp-content\/uploads\/2023\/09\/23-10_Hotel_Bartels_alt_K-1024x576.jpg 1024w, https:\/\/www.pr-neu.de\/newsroom\/wordpress\/wp-content\/uploads\/2023\/09\/23-10_Hotel_Bartels_alt_K-768x432.jpg 768w, https:\/\/www.pr-neu.de\/newsroom\/wordpress\/wp-content\/uploads\/2023\/09\/23-10_Hotel_Bartels_alt_K-1536x864.jpg 1536w, https:\/\/www.pr-neu.de\/newsroom\/wordpress\/wp-content\/uploads\/2023\/09\/23-10_Hotel_Bartels_alt_K-2048x1152.jpg 2048w, https:\/\/www.pr-neu.de\/newsroom\/wordpress\/wp-content\/uploads\/2023\/09\/23-10_Hotel_Bartels_alt_K-110x62.jpg 110w, https:\/\/www.pr-neu.de\/newsroom\/wordpress\/wp-content\/uploads\/2023\/09\/23-10_Hotel_Bartels_alt_K-420x236.jpg 420w, https:\/\/www.pr-neu.de\/newsroom\/wordpress\/wp-content\/uploads\/2023\/09\/23-10_Hotel_Bartels_alt_K-770x430.jpg 770w, https:\/\/www.pr-neu.de\/newsroom\/wordpress\/wp-content\/uploads\/2023\/09\/23-10_Hotel_Bartels_alt_K-764x430.jpg 764w\" sizes=\"auto, (max-width: 300px) 100vw, 300px\" \/><\/a><\/p>\n<p style=\"text-align: center;\">Das ehemalige \u201eHotel Bartels\u201c vor der Sanierung.<\/p>\n<p>&nbsp;<\/p>\n<p><a href=\"http:\/\/www.pr-neu.de\/newsroom\/wordpress\/wp-content\/uploads\/2023\/09\/23-10_Kurpark_Baustelle_K.jpg\" target=\"_blank\" rel=\"noopener\"><img loading=\"lazy\" decoding=\"async\" class=\"aligncenter wp-image-16218 size-medium\" src=\"http:\/\/www.pr-neu.de\/newsroom\/wordpress\/wp-content\/uploads\/2023\/09\/23-10_Kurpark_Baustelle_K-225x300.jpg\" alt=\"\" width=\"225\" height=\"300\" srcset=\"https:\/\/www.pr-neu.de\/newsroom\/wordpress\/wp-content\/uploads\/2023\/09\/23-10_Kurpark_Baustelle_K-225x300.jpg 225w, https:\/\/www.pr-neu.de\/newsroom\/wordpress\/wp-content\/uploads\/2023\/09\/23-10_Kurpark_Baustelle_K-768x1024.jpg 768w, https:\/\/www.pr-neu.de\/newsroom\/wordpress\/wp-content\/uploads\/2023\/09\/23-10_Kurpark_Baustelle_K-1152x1536.jpg 1152w, https:\/\/www.pr-neu.de\/newsroom\/wordpress\/wp-content\/uploads\/2023\/09\/23-10_Kurpark_Baustelle_K-1536x2048.jpg 1536w, https:\/\/www.pr-neu.de\/newsroom\/wordpress\/wp-content\/uploads\/2023\/09\/23-10_Kurpark_Baustelle_K-83x110.jpg 83w, https:\/\/www.pr-neu.de\/newsroom\/wordpress\/wp-content\/uploads\/2023\/09\/23-10_Kurpark_Baustelle_K-315x420.jpg 315w, https:\/\/www.pr-neu.de\/newsroom\/wordpress\/wp-content\/uploads\/2023\/09\/23-10_Kurpark_Baustelle_K-323x430.jpg 323w, https:\/\/www.pr-neu.de\/newsroom\/wordpress\/wp-content\/uploads\/2023\/09\/23-10_Kurpark_Baustelle_K.jpg 1800w\" sizes=\"auto, (max-width: 225px) 100vw, 225px\" \/><\/a><\/p>\n<p style=\"text-align: center;\">Der gesamte Komplex wurde umfassend saniert.<\/p>\n<p>&nbsp;<\/p>\n<p style=\"text-align: center;\">Alle Bilder: Loro<\/p>\n<p>&nbsp;<\/p>\n<hr \/>\n<p>&nbsp;<\/p>\n<p>Abdruck honorarfrei, Belegexemplar erbeten<\/p>\n","protected":false},"excerpt":{"rendered":"<p>Das neue Kurpark-Quartier in Bad Gandersheim, ehemals \u201eHotel Bartels\u201c, ist nach dem Umbau der Zentralbau am Kurpark \u2013 und somit 2023 direkt am Gel\u00e4nde der Landesgartenschau.<\/p>\n","protected":false},"author":9,"featured_media":16198,"comment_status":"closed","ping_status":"open","sticky":false,"template":"","format":"standard","meta":{"footnotes":""},"categories":[1531],"tags":[1905,2645,112,1673,1671,2647,2649,1669,1679,385,2503,1689],"class_list":["post-16195","post","type-post","status-publish","format-standard","has-post-thumbnail","hentry","category-loro","tag-abfluss","tag-bad-gandersheim","tag-dach","tag-entwaesserung","tag-flachdach","tag-hotel-bartels","tag-kurpark-quartier","tag-loro","tag-objekt","tag-objektbericht","tag-regen","tag-rohr"],"_links":{"self":[{"href":"https:\/\/www.pr-neu.de\/newsroom\/wp-json\/wp\/v2\/posts\/16195","targetHints":{"allow":["GET"]}}],"collection":[{"href":"https:\/\/www.pr-neu.de\/newsroom\/wp-json\/wp\/v2\/posts"}],"about":[{"href":"https:\/\/www.pr-neu.de\/newsroom\/wp-json\/wp\/v2\/types\/post"}],"author":[{"embeddable":true,"href":"https:\/\/www.pr-neu.de\/newsroom\/wp-json\/wp\/v2\/users\/9"}],"replies":[{"embeddable":true,"href":"https:\/\/www.pr-neu.de\/newsroom\/wp-json\/wp\/v2\/comments?post=16195"}],"version-history":[{"count":6,"href":"https:\/\/www.pr-neu.de\/newsroom\/wp-json\/wp\/v2\/posts\/16195\/revisions"}],"predecessor-version":[{"id":16220,"href":"https:\/\/www.pr-neu.de\/newsroom\/wp-json\/wp\/v2\/posts\/16195\/revisions\/16220"}],"wp:featuredmedia":[{"embeddable":true,"href":"https:\/\/www.pr-neu.de\/newsroom\/wp-json\/wp\/v2\/media\/16198"}],"wp:attachment":[{"href":"https:\/\/www.pr-neu.de\/newsroom\/wp-json\/wp\/v2\/media?parent=16195"}],"wp:term":[{"taxonomy":"category","embeddable":true,"href":"https:\/\/www.pr-neu.de\/newsroom\/wp-json\/wp\/v2\/categories?post=16195"},{"taxonomy":"post_tag","embeddable":true,"href":"https:\/\/www.pr-neu.de\/newsroom\/wp-json\/wp\/v2\/tags?post=16195"}],"curies":[{"name":"wp","href":"https:\/\/api.w.org\/{rel}","templated":true}]}}