{"id":16183,"date":"2023-09-08T15:19:40","date_gmt":"2023-09-08T13:19:40","guid":{"rendered":"https:\/\/www.pr-neu.de\/newsroom\/?p=16183"},"modified":"2023-09-14T10:07:16","modified_gmt":"2023-09-14T08:07:16","slug":"heiz-und-baukosten-sparen","status":"publish","type":"post","link":"https:\/\/www.pr-neu.de\/newsroom\/heiz-und-baukosten-sparen\/","title":{"rendered":"Heiz- und Baukosten sparen"},"content":{"rendered":"<p><u>Nachhaltige und effiziente Fassadend\u00e4mmung<\/u><\/p>\n<p><strong>Jan Wucherpfennig ber\u00e4t h\u00e4ufig private Bauherren, die ihren Altbau sanieren m\u00f6chten. Der Stuckateur wei\u00df, worauf es ankommt: Eine neue Fassade soll das Haus dauerhaft vor der Witterung sch\u00fctzen, energetisch optimieren und lange sch\u00f6n bleiben \u2013 bei m\u00f6glichst niedrigen Baukosten. Zugleich suchen Auftraggeber immer h\u00e4ufiger umweltfreundliche Baustoffe und nachhaltige Materialien. Ein Haus in der N\u00e4he von G\u00f6ttingen hat Wucherpfennig nun mit der Sto-D\u00e4mmplatte Top32 Biomass ged\u00e4mmt, um alle Bauherren-W\u00fcnsche zu ber\u00fccksichtigen.<\/strong><\/p>\n<p>Der Start: Ein privater Bauherr w\u00fcnschte sich einen nachhaltigen D\u00e4mmstoff an seiner Wand \u2013 zu einem wettbewerbsf\u00e4higen Preis Jan Wucherpfennig empfahl \u201eTop32 Biomass\u201c, eine D\u00e4mmplatte aus Styropor. Sie basiert vollst\u00e4ndig auf nachwachsenden Rohstoffen der Land- und Forstwirtschaft und ist preislich g\u00fcnstiger als Steinwolle. Jan Wucherpfennig: \u201eImmer h\u00e4ufiger fragen Bauherren nach nachhaltigen Produkten, aber der Preis spielt auch eine Rolle. Deshalb w\u00e4hlen wir aus einem breiten Portfolio an D\u00e4mmstoffen und Fassadenbeschichtungen, um ma\u00dfgeschneidert und individuell auf die W\u00fcnsche unserer Bauherren eingehen zu k\u00f6nnen\u201c. Im Holzbau empfiehlt der Experte oft eine Holzweichfaser-D\u00e4mmung, da diese aus nachwachsenden Rohstoffen besteht und optimal zum Wandbaustoff passt. \u201eEine breite Auswahl mit allen g\u00e4ngigen D\u00e4mmstoffen bekomme ich bei Sto aus einer Hand \u2013 dadurch ist es einfach, flexibel auf Bauherrenw\u00fcnsche zu reagieren\u201c.<\/p>\n<p><strong>Sicherheit an der Fassade<\/strong><br \/>\nObwohl die nachhaltige Platte noch recht neu ist und beim G\u00f6ttinger Objekt von Wucherpfennig und seinem Team zum ersten Mal verarbeitet wurde, war die Applikation kein Problem: \u201eAlle Arbeitsschritte entsprechen denen von Standard-D\u00e4mmplatten, hier gibt es keine Unterschiede\u201c, freut sich Wucherpfennig. Also lief die Baustelle genauso schnell und einfach wie gewohnt: Die 160 Millimeter dicken Platten wurden \u2013 wieder aus \u00f6kologischen Gr\u00fcnden \u2013 mit dem mineralischen Leichtm\u00f6rtel StoLevell Novo verklebt und anschlie\u00dfend mit einem mineralischen Oberputz versehen. \u201eDas gibt dem Geb\u00e4ude Charakter mit sch\u00f6ner Kornstruktur\u201c, findet der Stuckateur.<\/p>\n<p><strong>Nachhaltig bis zur Farbe<\/strong><br \/>\nDer abschlie\u00dfende Anstrich erfolgte zweifach mit StoColor Lotusan AimS. Auch hier war es das Ziel, eine besonders umweltfreundliche L\u00f6sung zu finden. Bei dieser Fassadenfarbe basiert das Bindemittel zu 30 Prozent auf Kiefern\u00f6l aus Resten der Forstwirtschaft \u2013 sie ben\u00f6tigt also weniger fossile Rohstoffe als konventionelle Farben und ist somit die nachhaltigere Variante. Sie sch\u00fctzt ohne Biozide vor Befall mit Algen und Pilzen, Ablagerungen und Schmutz werden vom Regen einfach abgewaschen.<\/p>\n<p>Der Bauherren-Wunsch nach nachhaltigen Baustoffen wird in G\u00f6ttingen so gleich mehrfach beantwortet \u2013 und Wucherpfennig geht davon aus, dass sich der Trend zum umweltgerechten Bauen fortsetzen wird: \u201eSteigt die CO2-Steuer weiter, rechnen sich umweltfreundliche Systeme umso schneller. Wir haben jetzt schon Bauherren, die ihre Fassade urspr\u00fcnglich nur streichen wollten, jetzt aber aufgrund der Energiepreise auch d\u00e4mmen\u201c, res\u00fcmiert der Fassadenprofi.<\/p>\n<p>&nbsp;<\/p>\n<hr \/>\n<p>&nbsp;<\/p>\n<p>K A S T E N<br \/>\n<strong>D\u00e4mmplatte Top32 Biomass<br \/>\n<\/strong>Die Platte ist eine nachhaltige W\u00e4rmed\u00e4mmplatte aus expandiertem Polystyrol-Hartschaum. Sie besteht zu 100 Prozent aus nachwachsenden Rohstoffen der Land- und Forstwirtschaft (nach Biomassebilanz-Verfahren) und kann in den Fassadend\u00e4mmsystemen StoTherm AimS, StoTherm Classic und StoTherm Vario sowie im Innend\u00e4mmsystem StoTherm In SiMo verarbeitet werden.<\/p>\n<p>&nbsp;<\/p>\n<hr \/>\n<p>&nbsp;<\/p>\n<p>&nbsp;<\/p>\n<p><a href=\"http:\/\/www.pr-neu.de\/newsroom\/wordpress\/wp-content\/uploads\/2023\/09\/23-24_Interview_Wucherpfennig_06_Jan_Wucherpfennig_G-scaled.jpg\" target=\"_blank\" rel=\"noopener\"><img loading=\"lazy\" decoding=\"async\" class=\"aligncenter wp-image-16173 size-medium\" src=\"http:\/\/www.pr-neu.de\/newsroom\/wordpress\/wp-content\/uploads\/2023\/09\/23-24_Interview_Wucherpfennig_06_Jan_Wucherpfennig_G-300x200.jpg\" alt=\"\" width=\"300\" height=\"200\" srcset=\"https:\/\/www.pr-neu.de\/newsroom\/wordpress\/wp-content\/uploads\/2023\/09\/23-24_Interview_Wucherpfennig_06_Jan_Wucherpfennig_G-300x200.jpg 300w, https:\/\/www.pr-neu.de\/newsroom\/wordpress\/wp-content\/uploads\/2023\/09\/23-24_Interview_Wucherpfennig_06_Jan_Wucherpfennig_G-1024x683.jpg 1024w, https:\/\/www.pr-neu.de\/newsroom\/wordpress\/wp-content\/uploads\/2023\/09\/23-24_Interview_Wucherpfennig_06_Jan_Wucherpfennig_G-768x512.jpg 768w, https:\/\/www.pr-neu.de\/newsroom\/wordpress\/wp-content\/uploads\/2023\/09\/23-24_Interview_Wucherpfennig_06_Jan_Wucherpfennig_G-1536x1024.jpg 1536w, https:\/\/www.pr-neu.de\/newsroom\/wordpress\/wp-content\/uploads\/2023\/09\/23-24_Interview_Wucherpfennig_06_Jan_Wucherpfennig_G-2048x1366.jpg 2048w, https:\/\/www.pr-neu.de\/newsroom\/wordpress\/wp-content\/uploads\/2023\/09\/23-24_Interview_Wucherpfennig_06_Jan_Wucherpfennig_G-110x73.jpg 110w, https:\/\/www.pr-neu.de\/newsroom\/wordpress\/wp-content\/uploads\/2023\/09\/23-24_Interview_Wucherpfennig_06_Jan_Wucherpfennig_G-420x280.jpg 420w, https:\/\/www.pr-neu.de\/newsroom\/wordpress\/wp-content\/uploads\/2023\/09\/23-24_Interview_Wucherpfennig_06_Jan_Wucherpfennig_G-645x430.jpg 645w\" sizes=\"auto, (max-width: 300px) 100vw, 300px\" \/><\/a><\/p>\n<p style=\"text-align: center;\">\u201eDie nachhaltige Sto-D\u00e4mmplatte Top32 Biomass kann genauso schnell und einfach verarbeitet werden wie eine herk\u00f6mmliche EPS-Platte\u201c, sagt Jan Wucherpfennig, Stuckateur und Gesch\u00e4ftsf\u00fchrer der JWS GmbH aus Seulingen.<\/p>\n<p>&nbsp;<\/p>\n<p><a href=\"http:\/\/www.pr-neu.de\/newsroom\/wordpress\/wp-content\/uploads\/2023\/09\/23-24_Interview_Wucherpfennig_02_Baustelle_Fassadendaemmung_frontal_G-scaled.jpg\" target=\"_blank\" rel=\"noopener\"><img loading=\"lazy\" decoding=\"async\" class=\"aligncenter wp-image-16172 size-medium\" src=\"http:\/\/www.pr-neu.de\/newsroom\/wordpress\/wp-content\/uploads\/2023\/09\/23-24_Interview_Wucherpfennig_02_Baustelle_Fassadendaemmung_frontal_G-300x179.jpg\" alt=\"\" width=\"300\" height=\"179\" srcset=\"https:\/\/www.pr-neu.de\/newsroom\/wordpress\/wp-content\/uploads\/2023\/09\/23-24_Interview_Wucherpfennig_02_Baustelle_Fassadendaemmung_frontal_G-300x179.jpg 300w, https:\/\/www.pr-neu.de\/newsroom\/wordpress\/wp-content\/uploads\/2023\/09\/23-24_Interview_Wucherpfennig_02_Baustelle_Fassadendaemmung_frontal_G-1024x612.jpg 1024w, https:\/\/www.pr-neu.de\/newsroom\/wordpress\/wp-content\/uploads\/2023\/09\/23-24_Interview_Wucherpfennig_02_Baustelle_Fassadendaemmung_frontal_G-768x459.jpg 768w, https:\/\/www.pr-neu.de\/newsroom\/wordpress\/wp-content\/uploads\/2023\/09\/23-24_Interview_Wucherpfennig_02_Baustelle_Fassadendaemmung_frontal_G-1536x919.jpg 1536w, https:\/\/www.pr-neu.de\/newsroom\/wordpress\/wp-content\/uploads\/2023\/09\/23-24_Interview_Wucherpfennig_02_Baustelle_Fassadendaemmung_frontal_G-2048x1225.jpg 2048w, https:\/\/www.pr-neu.de\/newsroom\/wordpress\/wp-content\/uploads\/2023\/09\/23-24_Interview_Wucherpfennig_02_Baustelle_Fassadendaemmung_frontal_G-110x66.jpg 110w, https:\/\/www.pr-neu.de\/newsroom\/wordpress\/wp-content\/uploads\/2023\/09\/23-24_Interview_Wucherpfennig_02_Baustelle_Fassadendaemmung_frontal_G-420x251.jpg 420w, https:\/\/www.pr-neu.de\/newsroom\/wordpress\/wp-content\/uploads\/2023\/09\/23-24_Interview_Wucherpfennig_02_Baustelle_Fassadendaemmung_frontal_G-719x430.jpg 719w\" sizes=\"auto, (max-width: 300px) 100vw, 300px\" \/><\/a><\/p>\n<p style=\"text-align: center;\"><a href=\"http:\/\/www.pr-neu.de\/newsroom\/wordpress\/wp-content\/uploads\/2023\/09\/23-24_Interview_Wucherpfennig_04_Baustelle_Putzarbeiten_G-scaled.jpg\" target=\"_blank\" rel=\"noopener\"><img loading=\"lazy\" decoding=\"async\" class=\"aligncenter wp-image-16174 size-medium\" src=\"http:\/\/www.pr-neu.de\/newsroom\/wordpress\/wp-content\/uploads\/2023\/09\/23-24_Interview_Wucherpfennig_04_Baustelle_Putzarbeiten_G-300x234.jpg\" alt=\"\" width=\"300\" height=\"234\" srcset=\"https:\/\/www.pr-neu.de\/newsroom\/wordpress\/wp-content\/uploads\/2023\/09\/23-24_Interview_Wucherpfennig_04_Baustelle_Putzarbeiten_G-300x234.jpg 300w, https:\/\/www.pr-neu.de\/newsroom\/wordpress\/wp-content\/uploads\/2023\/09\/23-24_Interview_Wucherpfennig_04_Baustelle_Putzarbeiten_G-1024x800.jpg 1024w, https:\/\/www.pr-neu.de\/newsroom\/wordpress\/wp-content\/uploads\/2023\/09\/23-24_Interview_Wucherpfennig_04_Baustelle_Putzarbeiten_G-768x600.jpg 768w, https:\/\/www.pr-neu.de\/newsroom\/wordpress\/wp-content\/uploads\/2023\/09\/23-24_Interview_Wucherpfennig_04_Baustelle_Putzarbeiten_G-1536x1200.jpg 1536w, https:\/\/www.pr-neu.de\/newsroom\/wordpress\/wp-content\/uploads\/2023\/09\/23-24_Interview_Wucherpfennig_04_Baustelle_Putzarbeiten_G-2048x1600.jpg 2048w, https:\/\/www.pr-neu.de\/newsroom\/wordpress\/wp-content\/uploads\/2023\/09\/23-24_Interview_Wucherpfennig_04_Baustelle_Putzarbeiten_G-110x86.jpg 110w, https:\/\/www.pr-neu.de\/newsroom\/wordpress\/wp-content\/uploads\/2023\/09\/23-24_Interview_Wucherpfennig_04_Baustelle_Putzarbeiten_G-420x328.jpg 420w, https:\/\/www.pr-neu.de\/newsroom\/wordpress\/wp-content\/uploads\/2023\/09\/23-24_Interview_Wucherpfennig_04_Baustelle_Putzarbeiten_G-550x430.jpg 550w\" sizes=\"auto, (max-width: 300px) 100vw, 300px\" \/><\/a><\/p>\n<p style=\"text-align: center;\">Der Altbau wurde mit einer nachhaltigen D\u00e4mmplatte ged\u00e4mmt und verputzt.<\/p>\n<p style=\"text-align: center;\">Bilder: Martin Baitinger \/ Sto SE &amp; Co. KGaA<\/p>\n<p>&nbsp;<\/p>\n<p><a href=\"http:\/\/www.pr-neu.de\/newsroom\/wordpress\/wp-content\/uploads\/2023\/09\/23_24_Seulingen_1_G-scaled.jpg\" target=\"_blank\" rel=\"noopener\"><img loading=\"lazy\" decoding=\"async\" class=\"aligncenter wp-image-16178 size-medium\" src=\"http:\/\/www.pr-neu.de\/newsroom\/wordpress\/wp-content\/uploads\/2023\/09\/23_24_Seulingen_1_G-300x225.jpg\" alt=\"\" width=\"300\" height=\"225\" srcset=\"https:\/\/www.pr-neu.de\/newsroom\/wordpress\/wp-content\/uploads\/2023\/09\/23_24_Seulingen_1_G-300x225.jpg 300w, https:\/\/www.pr-neu.de\/newsroom\/wordpress\/wp-content\/uploads\/2023\/09\/23_24_Seulingen_1_G-1024x768.jpg 1024w, https:\/\/www.pr-neu.de\/newsroom\/wordpress\/wp-content\/uploads\/2023\/09\/23_24_Seulingen_1_G-768x576.jpg 768w, https:\/\/www.pr-neu.de\/newsroom\/wordpress\/wp-content\/uploads\/2023\/09\/23_24_Seulingen_1_G-1536x1152.jpg 1536w, https:\/\/www.pr-neu.de\/newsroom\/wordpress\/wp-content\/uploads\/2023\/09\/23_24_Seulingen_1_G-2048x1536.jpg 2048w, https:\/\/www.pr-neu.de\/newsroom\/wordpress\/wp-content\/uploads\/2023\/09\/23_24_Seulingen_1_G-110x83.jpg 110w, https:\/\/www.pr-neu.de\/newsroom\/wordpress\/wp-content\/uploads\/2023\/09\/23_24_Seulingen_1_G-420x315.jpg 420w, https:\/\/www.pr-neu.de\/newsroom\/wordpress\/wp-content\/uploads\/2023\/09\/23_24_Seulingen_1_G-573x430.jpg 573w\" sizes=\"auto, (max-width: 300px) 100vw, 300px\" \/><\/a><\/p>\n<p><a href=\"http:\/\/www.pr-neu.de\/newsroom\/wordpress\/wp-content\/uploads\/2023\/09\/23_24_Seulingen_2_G-scaled.jpg\" target=\"_blank\" rel=\"noopener\"><img loading=\"lazy\" decoding=\"async\" class=\"wp-image-16179 size-medium aligncenter\" src=\"http:\/\/www.pr-neu.de\/newsroom\/wordpress\/wp-content\/uploads\/2023\/09\/23_24_Seulingen_2_G-300x225.jpg\" alt=\"\" width=\"300\" height=\"225\" srcset=\"https:\/\/www.pr-neu.de\/newsroom\/wordpress\/wp-content\/uploads\/2023\/09\/23_24_Seulingen_2_G-300x225.jpg 300w, https:\/\/www.pr-neu.de\/newsroom\/wordpress\/wp-content\/uploads\/2023\/09\/23_24_Seulingen_2_G-1024x768.jpg 1024w, https:\/\/www.pr-neu.de\/newsroom\/wordpress\/wp-content\/uploads\/2023\/09\/23_24_Seulingen_2_G-768x576.jpg 768w, https:\/\/www.pr-neu.de\/newsroom\/wordpress\/wp-content\/uploads\/2023\/09\/23_24_Seulingen_2_G-1536x1152.jpg 1536w, https:\/\/www.pr-neu.de\/newsroom\/wordpress\/wp-content\/uploads\/2023\/09\/23_24_Seulingen_2_G-2048x1536.jpg 2048w, https:\/\/www.pr-neu.de\/newsroom\/wordpress\/wp-content\/uploads\/2023\/09\/23_24_Seulingen_2_G-110x83.jpg 110w, https:\/\/www.pr-neu.de\/newsroom\/wordpress\/wp-content\/uploads\/2023\/09\/23_24_Seulingen_2_G-420x315.jpg 420w, https:\/\/www.pr-neu.de\/newsroom\/wordpress\/wp-content\/uploads\/2023\/09\/23_24_Seulingen_2_G-573x430.jpg 573w\" sizes=\"auto, (max-width: 300px) 100vw, 300px\" \/><\/a><\/p>\n<p><a href=\"http:\/\/www.pr-neu.de\/newsroom\/wordpress\/wp-content\/uploads\/2023\/09\/23_24_Seulingen_3_G-scaled.jpg\" target=\"_blank\" rel=\"noopener\"><img loading=\"lazy\" decoding=\"async\" class=\"wp-image-16177 size-medium aligncenter\" src=\"http:\/\/www.pr-neu.de\/newsroom\/wordpress\/wp-content\/uploads\/2023\/09\/23_24_Seulingen_3_G-300x200.jpg\" alt=\"\" width=\"300\" height=\"200\" srcset=\"https:\/\/www.pr-neu.de\/newsroom\/wordpress\/wp-content\/uploads\/2023\/09\/23_24_Seulingen_3_G-300x200.jpg 300w, https:\/\/www.pr-neu.de\/newsroom\/wordpress\/wp-content\/uploads\/2023\/09\/23_24_Seulingen_3_G-1024x683.jpg 1024w, https:\/\/www.pr-neu.de\/newsroom\/wordpress\/wp-content\/uploads\/2023\/09\/23_24_Seulingen_3_G-768x512.jpg 768w, https:\/\/www.pr-neu.de\/newsroom\/wordpress\/wp-content\/uploads\/2023\/09\/23_24_Seulingen_3_G-1536x1024.jpg 1536w, https:\/\/www.pr-neu.de\/newsroom\/wordpress\/wp-content\/uploads\/2023\/09\/23_24_Seulingen_3_G-2048x1365.jpg 2048w, https:\/\/www.pr-neu.de\/newsroom\/wordpress\/wp-content\/uploads\/2023\/09\/23_24_Seulingen_3_G-110x73.jpg 110w, https:\/\/www.pr-neu.de\/newsroom\/wordpress\/wp-content\/uploads\/2023\/09\/23_24_Seulingen_3_G-420x280.jpg 420w, https:\/\/www.pr-neu.de\/newsroom\/wordpress\/wp-content\/uploads\/2023\/09\/23_24_Seulingen_3_G-645x430.jpg 645w\" sizes=\"auto, (max-width: 300px) 100vw, 300px\" \/><\/a><\/p>\n<p style=\"text-align: center;\">Altbau in Neu: Das Einfamilienhaus nach der Sanierung. Gut ged\u00e4mmt ist der Energiebedarf niedrig \u2013 und mit den nachhaltigen Baustoffen schonte der Bauherr die Umwelt schon w\u00e4hrend der Bauarbeiten.<\/p>\n<p style=\"text-align: center;\">Bilder: Michael Meschede \/ Sto SE &amp; Co. KGaA<\/p>\n<p>&nbsp;<\/p>\n<hr \/>\n<p>&nbsp;<\/p>\n<p>Abdruck honorarfrei, Belegexemplar erbeten<\/p>\n","protected":false},"excerpt":{"rendered":"<p>Jan Wucherpfennig ber\u00e4t h\u00e4ufig private Bauherren, die ihren Altbau sanieren m\u00f6chten. Der Stuckateur wei\u00df, worauf es ankommt: Eine neue Fassade soll das Haus dauerhaft vor der Witterung sch\u00fctzen, energetisch optimieren und lange sch\u00f6n bleiben \u2013 bei m\u00f6glichst niedrigen Baukosten.<\/p>\n","protected":false},"author":9,"featured_media":16178,"comment_status":"closed","ping_status":"open","sticky":false,"template":"","format":"standard","meta":{"footnotes":""},"categories":[15],"tags":[1973,124,187,2017,2075,504,2635],"class_list":["post-16183","post","type-post","status-publish","format-standard","has-post-thumbnail","hentry","category-sto","tag-altbau","tag-dammung","tag-fassade","tag-renovieren","tag-sanieren","tag-sto-2","tag-stuckateur"],"_links":{"self":[{"href":"https:\/\/www.pr-neu.de\/newsroom\/wp-json\/wp\/v2\/posts\/16183","targetHints":{"allow":["GET"]}}],"collection":[{"href":"https:\/\/www.pr-neu.de\/newsroom\/wp-json\/wp\/v2\/posts"}],"about":[{"href":"https:\/\/www.pr-neu.de\/newsroom\/wp-json\/wp\/v2\/types\/post"}],"author":[{"embeddable":true,"href":"https:\/\/www.pr-neu.de\/newsroom\/wp-json\/wp\/v2\/users\/9"}],"replies":[{"embeddable":true,"href":"https:\/\/www.pr-neu.de\/newsroom\/wp-json\/wp\/v2\/comments?post=16183"}],"version-history":[{"count":1,"href":"https:\/\/www.pr-neu.de\/newsroom\/wp-json\/wp\/v2\/posts\/16183\/revisions"}],"predecessor-version":[{"id":16184,"href":"https:\/\/www.pr-neu.de\/newsroom\/wp-json\/wp\/v2\/posts\/16183\/revisions\/16184"}],"wp:featuredmedia":[{"embeddable":true,"href":"https:\/\/www.pr-neu.de\/newsroom\/wp-json\/wp\/v2\/media\/16178"}],"wp:attachment":[{"href":"https:\/\/www.pr-neu.de\/newsroom\/wp-json\/wp\/v2\/media?parent=16183"}],"wp:term":[{"taxonomy":"category","embeddable":true,"href":"https:\/\/www.pr-neu.de\/newsroom\/wp-json\/wp\/v2\/categories?post=16183"},{"taxonomy":"post_tag","embeddable":true,"href":"https:\/\/www.pr-neu.de\/newsroom\/wp-json\/wp\/v2\/tags?post=16183"}],"curies":[{"name":"wp","href":"https:\/\/api.w.org\/{rel}","templated":true}]}}