{"id":16170,"date":"2023-09-19T08:00:28","date_gmt":"2023-09-19T06:00:28","guid":{"rendered":"https:\/\/www.pr-neu.de\/newsroom\/?p=16170"},"modified":"2023-09-19T11:48:14","modified_gmt":"2023-09-19T09:48:14","slug":"daemmstoff-nachhaltig-applikation-konventionell","status":"publish","type":"post","link":"https:\/\/www.pr-neu.de\/newsroom\/daemmstoff-nachhaltig-applikation-konventionell\/","title":{"rendered":"D\u00e4mmstoff: Nachhaltig &#8211; Applikation: Konventionell"},"content":{"rendered":"<p><u>Interview mit Stuckateurmeister Jan Wucherpfennig<\/u><\/p>\n<p><strong>Ein \u00f6kologisch orientierter Bauherr wollte sein Einfamilienhaus umweltfreundlich d\u00e4mmen. Stuckateur Jan Wucherpfennig, Gesch\u00e4ftsf\u00fchrer der JWS GmbH in Seulingen, empfahl die Sto-D\u00e4mmplatte Top32 Biomass. \u00dcber die Gr\u00fcnde spricht der Fassadenprofi im Interview.<\/strong><\/p>\n<p><strong>Herr Wucherpfennig, seit einiger Zeit verarbeiten Sie auch die D\u00e4mmplatte \u201eStoTop32 Biomass\u201c. Wie ging es los?<\/strong><br \/>\n<em>Jan Wucherpfennig<\/em>: Ein privater Bauherr fragte nach einem nachhaltigen D\u00e4mmstoff. Mineralwolle gefiel ihm zwar, war ihm aber im Vergleich zu Polystyrol zu teuer. Also haben wir ihm die neue EPS-Platte angeboten. Sie besteht vollst\u00e4ndig aus nachwachsenden Rohstoffen der Land- und Forstwirtschaft und das Preis-Leistungsverh\u00e4ltnis passt. Die Platte ist zwar etwas teurer als herk\u00f6mmliches EPS, erf\u00fcllt aber seine Anspr\u00fcche an die \u00d6kologie.<\/p>\n<p><strong>W\u00fcnschen Kunden h\u00e4ufig umweltfreundliche Bauprodukte?<\/strong><br \/>\n<em>Jan Wucherpfennig<\/em>: Immer h\u00e4ufiger, aber der Preis ist ebenso wichtig. Mit den StoTherm-Systemen nutzen wir ein breites Portfolio, mit dem wir auch preislich breit aufgestellt sind. Ich biete neben Mineralwolle h\u00e4ufig auch Holzweichfaser an, vorzugsweise bei Holzbauten. Da kompensieren F\u00f6rdermittel oft den Mehrpreis. Wer st\u00e4rker aufs Geld achtet, hat mit der D\u00e4mmplatte Top32 Biomass die perfekte L\u00f6sung: Sie ist \u00f6kologisch und liegt preislich unter Mineralwolle<\/p>\n<p><strong>Stichwort Verarbeitung. Was sagt Ihr Team zur neuen Platte?<\/strong><br \/>\n<em>Jan Wucherpfennig<\/em>: H\u00e4tte ich nichts gesagt, h\u00e4tte es keiner bemerkt. Optisch unterscheidet sie sich nicht von herk\u00f6mmlichen EPS-Platten, sie werden auch genauso schnell und einfach verarbeitet. Wir haben die 160 Millimeter dicken Platten mit dem hei\u00dfen Draht geschnitten. EPS verkleben wir meistens mit Klebeschaum. In diesem Fall haben wir aus \u00f6kologischen Gr\u00fcnden den mineralischen Leichtm\u00f6rtel StoLevell Novo gew\u00e4hlt. Als Oberputz ist der mineralische StoMiral auf der Fassade \u2013 gut zu verarbeiten und mit sch\u00f6ner Kornstruktur.<\/p>\n<p><strong>Und den Putz dann gestrichen \u2026<\/strong><br \/>\n<em>Jan Wucherpfennig<\/em>: \u2026 ja, zweimal mit StoColor Lotusan AimS. Die Fassadenfarbe ist ebenfalls sehr umweltfreundlich. 30 Prozent ihres Bindemittels ist aus Kiefern\u00f6l \u2013 auch das hat dem Bauherrn gefallen. Die Farbe sch\u00fctzt ohne biozide Filmschutzmittel vor Befall mit Algen und Pilzen. Schmutz wird vom Regen einfach abgewaschen.<\/p>\n<p>Bei Objekten mit gro\u00dfem Dach\u00fcberstand \u2013 wo der Regen also nicht hinkommt \u2013 empfehle ich StoColor Silco. Die Siliconharzfarbe sch\u00fctzt ebenfalls ausgezeichnet gegen Algen und Pilze, mit gutem Preis-Leistungs-Verh\u00e4ltnis.<\/p>\n<p><strong>Wie planen Sie den Einsatz umweltfreundlicher Baustoffe zuk\u00fcnftig?<\/strong><br \/>\n<em>Jan Wucherpfennig<\/em>: Die neuen Produkte haben mein Interesse am neuen D\u00e4mmsystem StoTherm AimS geweckt, dessen Beschichtungen zu 30 Prozent aus nachwachsenden Rohstoffen bestehen. Der Trend wird sicher weiter zum umweltgerechten Bauen gehen. Steigt die CO2-Steuer weiter, rechnen sich umweltfreundliche Systeme umso schneller. Wir haben jetzt schon Bauherren, die ihre Fassade urspr\u00fcnglich nur streichen wollten, jetzt aber aufgrund der Energiepreise auch d\u00e4mmen.<\/p>\n<p>&nbsp;<\/p>\n<hr \/>\n<p>&nbsp;<\/p>\n<p><strong>Zitat<\/strong><br \/>\n\u201eDie nachhaltige Sto-D\u00e4mmplatte Top32 Biomass kann genauso schnell und einfach verarbeitet werden wie eine herk\u00f6mmliche EPS-Platte. \u201e<br \/>\nJan Wucherpfennig, Gesch\u00e4ftsf\u00fchrer JWS GmbH, Seulingen<\/p>\n<p>JWS GmbH, 37136 Seulingen<br \/>\ngegr\u00fcndet: 2019<br \/>\nKernkompetenzen: Fassadenarbeiten, W\u00e4rmed\u00e4mmung,<br \/>\nInnenputze<br \/>\nAuftraggeber: Generalunternehmer,<br \/>\nprivate und \u00f6ffentliche Bauherren<br \/>\nMitarbeiter: 28<br \/>\nwww.jws-putz.de<\/p>\n<p>&nbsp;<\/p>\n<hr \/>\n<p>&nbsp;<\/p>\n<p>K A S T E N<br \/>\n<strong>D\u00e4mmplatte Top32 Biomass<\/strong><br \/>\nDie Platte ist eine nachhaltige und \u00f6kozertifizierte W\u00e4rmed\u00e4mmplatte aus expandiertem Polystyrol-Hartschaum. Sie besteht zu 100 Prozent aus nachwachsenden Rohstoffen der Land- und Forstwirtschaft (nach Biomassebilanz-Verfahren) und kann in den Fassadend\u00e4mmsystemen StoTherm AimS, StoTherm Classic und StoTherm Vario sowie im Innend\u00e4mmsystem StoTherm In SiMo verarbeitet werden.<\/p>\n<p>&nbsp;<\/p>\n<hr \/>\n<p>&nbsp;<\/p>\n<p><a href=\"http:\/\/www.pr-neu.de\/newsroom\/wordpress\/wp-content\/uploads\/2023\/09\/23-24_Interview_Wucherpfennig_02_Baustelle_Fassadendaemmung_frontal_G-scaled.jpg\" target=\"_blank\" rel=\"noopener\"><img loading=\"lazy\" decoding=\"async\" class=\"aligncenter wp-image-16172 size-medium\" src=\"http:\/\/www.pr-neu.de\/newsroom\/wordpress\/wp-content\/uploads\/2023\/09\/23-24_Interview_Wucherpfennig_02_Baustelle_Fassadendaemmung_frontal_G-300x179.jpg\" alt=\"\" width=\"300\" height=\"179\" srcset=\"https:\/\/www.pr-neu.de\/newsroom\/wordpress\/wp-content\/uploads\/2023\/09\/23-24_Interview_Wucherpfennig_02_Baustelle_Fassadendaemmung_frontal_G-300x179.jpg 300w, https:\/\/www.pr-neu.de\/newsroom\/wordpress\/wp-content\/uploads\/2023\/09\/23-24_Interview_Wucherpfennig_02_Baustelle_Fassadendaemmung_frontal_G-1024x612.jpg 1024w, https:\/\/www.pr-neu.de\/newsroom\/wordpress\/wp-content\/uploads\/2023\/09\/23-24_Interview_Wucherpfennig_02_Baustelle_Fassadendaemmung_frontal_G-768x459.jpg 768w, https:\/\/www.pr-neu.de\/newsroom\/wordpress\/wp-content\/uploads\/2023\/09\/23-24_Interview_Wucherpfennig_02_Baustelle_Fassadendaemmung_frontal_G-1536x919.jpg 1536w, https:\/\/www.pr-neu.de\/newsroom\/wordpress\/wp-content\/uploads\/2023\/09\/23-24_Interview_Wucherpfennig_02_Baustelle_Fassadendaemmung_frontal_G-2048x1225.jpg 2048w, https:\/\/www.pr-neu.de\/newsroom\/wordpress\/wp-content\/uploads\/2023\/09\/23-24_Interview_Wucherpfennig_02_Baustelle_Fassadendaemmung_frontal_G-110x66.jpg 110w, https:\/\/www.pr-neu.de\/newsroom\/wordpress\/wp-content\/uploads\/2023\/09\/23-24_Interview_Wucherpfennig_02_Baustelle_Fassadendaemmung_frontal_G-420x251.jpg 420w, https:\/\/www.pr-neu.de\/newsroom\/wordpress\/wp-content\/uploads\/2023\/09\/23-24_Interview_Wucherpfennig_02_Baustelle_Fassadendaemmung_frontal_G-719x430.jpg 719w\" sizes=\"auto, (max-width: 300px) 100vw, 300px\" \/><\/a><\/p>\n<p style=\"text-align: center;\"><a href=\"http:\/\/www.pr-neu.de\/newsroom\/wordpress\/wp-content\/uploads\/2023\/09\/23-24_Interview_Wucherpfennig_03_Baustelle_Fassadendaemmung_seitlich_G-scaled.jpg\" target=\"_blank\" rel=\"noopener\"><img loading=\"lazy\" decoding=\"async\" class=\"aligncenter wp-image-16171 size-medium\" src=\"http:\/\/www.pr-neu.de\/newsroom\/wordpress\/wp-content\/uploads\/2023\/09\/23-24_Interview_Wucherpfennig_03_Baustelle_Fassadendaemmung_seitlich_G-300x211.jpg\" alt=\"\" width=\"300\" height=\"211\" srcset=\"https:\/\/www.pr-neu.de\/newsroom\/wordpress\/wp-content\/uploads\/2023\/09\/23-24_Interview_Wucherpfennig_03_Baustelle_Fassadendaemmung_seitlich_G-300x211.jpg 300w, https:\/\/www.pr-neu.de\/newsroom\/wordpress\/wp-content\/uploads\/2023\/09\/23-24_Interview_Wucherpfennig_03_Baustelle_Fassadendaemmung_seitlich_G-1024x721.jpg 1024w, https:\/\/www.pr-neu.de\/newsroom\/wordpress\/wp-content\/uploads\/2023\/09\/23-24_Interview_Wucherpfennig_03_Baustelle_Fassadendaemmung_seitlich_G-768x540.jpg 768w, https:\/\/www.pr-neu.de\/newsroom\/wordpress\/wp-content\/uploads\/2023\/09\/23-24_Interview_Wucherpfennig_03_Baustelle_Fassadendaemmung_seitlich_G-1536x1081.jpg 1536w, https:\/\/www.pr-neu.de\/newsroom\/wordpress\/wp-content\/uploads\/2023\/09\/23-24_Interview_Wucherpfennig_03_Baustelle_Fassadendaemmung_seitlich_G-2048x1441.jpg 2048w, https:\/\/www.pr-neu.de\/newsroom\/wordpress\/wp-content\/uploads\/2023\/09\/23-24_Interview_Wucherpfennig_03_Baustelle_Fassadendaemmung_seitlich_G-110x77.jpg 110w, https:\/\/www.pr-neu.de\/newsroom\/wordpress\/wp-content\/uploads\/2023\/09\/23-24_Interview_Wucherpfennig_03_Baustelle_Fassadendaemmung_seitlich_G-420x296.jpg 420w, https:\/\/www.pr-neu.de\/newsroom\/wordpress\/wp-content\/uploads\/2023\/09\/23-24_Interview_Wucherpfennig_03_Baustelle_Fassadendaemmung_seitlich_G-611x430.jpg 611w\" sizes=\"auto, (max-width: 300px) 100vw, 300px\" \/><\/a><\/p>\n<p style=\"text-align: center;\">Das Einfamilienhaus fertig ged\u00e4mmt, vor dem Auftrag des Au\u00dfenputzes.<\/p>\n<p>&nbsp;<\/p>\n<p><a href=\"http:\/\/www.pr-neu.de\/newsroom\/wordpress\/wp-content\/uploads\/2023\/09\/23-24_Interview_Wucherpfennig_04_Baustelle_Putzarbeiten_G-scaled.jpg\" target=\"_blank\" rel=\"noopener\"><img loading=\"lazy\" decoding=\"async\" class=\"aligncenter wp-image-16174 size-medium\" src=\"http:\/\/www.pr-neu.de\/newsroom\/wordpress\/wp-content\/uploads\/2023\/09\/23-24_Interview_Wucherpfennig_04_Baustelle_Putzarbeiten_G-300x234.jpg\" alt=\"\" width=\"300\" height=\"234\" srcset=\"https:\/\/www.pr-neu.de\/newsroom\/wordpress\/wp-content\/uploads\/2023\/09\/23-24_Interview_Wucherpfennig_04_Baustelle_Putzarbeiten_G-300x234.jpg 300w, https:\/\/www.pr-neu.de\/newsroom\/wordpress\/wp-content\/uploads\/2023\/09\/23-24_Interview_Wucherpfennig_04_Baustelle_Putzarbeiten_G-1024x800.jpg 1024w, https:\/\/www.pr-neu.de\/newsroom\/wordpress\/wp-content\/uploads\/2023\/09\/23-24_Interview_Wucherpfennig_04_Baustelle_Putzarbeiten_G-768x600.jpg 768w, https:\/\/www.pr-neu.de\/newsroom\/wordpress\/wp-content\/uploads\/2023\/09\/23-24_Interview_Wucherpfennig_04_Baustelle_Putzarbeiten_G-1536x1200.jpg 1536w, https:\/\/www.pr-neu.de\/newsroom\/wordpress\/wp-content\/uploads\/2023\/09\/23-24_Interview_Wucherpfennig_04_Baustelle_Putzarbeiten_G-2048x1600.jpg 2048w, https:\/\/www.pr-neu.de\/newsroom\/wordpress\/wp-content\/uploads\/2023\/09\/23-24_Interview_Wucherpfennig_04_Baustelle_Putzarbeiten_G-110x86.jpg 110w, https:\/\/www.pr-neu.de\/newsroom\/wordpress\/wp-content\/uploads\/2023\/09\/23-24_Interview_Wucherpfennig_04_Baustelle_Putzarbeiten_G-420x328.jpg 420w, https:\/\/www.pr-neu.de\/newsroom\/wordpress\/wp-content\/uploads\/2023\/09\/23-24_Interview_Wucherpfennig_04_Baustelle_Putzarbeiten_G-550x430.jpg 550w\" sizes=\"auto, (max-width: 300px) 100vw, 300px\" \/><\/a><\/p>\n<p style=\"text-align: center;\">Auf der Baustelle arbeiteten die Fachhandwerker in Trupps, um die Fl\u00e4chen z\u00fcgig fertigzustellen.<\/p>\n<p>&nbsp;<\/p>\n<p><a href=\"http:\/\/www.pr-neu.de\/newsroom\/wordpress\/wp-content\/uploads\/2023\/09\/23-24_Interview_Wucherpfennig_06_Jan_Wucherpfennig_G-scaled.jpg\" target=\"_blank\" rel=\"noopener\"><img loading=\"lazy\" decoding=\"async\" class=\"aligncenter wp-image-16173 size-medium\" src=\"http:\/\/www.pr-neu.de\/newsroom\/wordpress\/wp-content\/uploads\/2023\/09\/23-24_Interview_Wucherpfennig_06_Jan_Wucherpfennig_G-300x200.jpg\" alt=\"\" width=\"300\" height=\"200\" srcset=\"https:\/\/www.pr-neu.de\/newsroom\/wordpress\/wp-content\/uploads\/2023\/09\/23-24_Interview_Wucherpfennig_06_Jan_Wucherpfennig_G-300x200.jpg 300w, https:\/\/www.pr-neu.de\/newsroom\/wordpress\/wp-content\/uploads\/2023\/09\/23-24_Interview_Wucherpfennig_06_Jan_Wucherpfennig_G-1024x683.jpg 1024w, https:\/\/www.pr-neu.de\/newsroom\/wordpress\/wp-content\/uploads\/2023\/09\/23-24_Interview_Wucherpfennig_06_Jan_Wucherpfennig_G-768x512.jpg 768w, https:\/\/www.pr-neu.de\/newsroom\/wordpress\/wp-content\/uploads\/2023\/09\/23-24_Interview_Wucherpfennig_06_Jan_Wucherpfennig_G-1536x1024.jpg 1536w, https:\/\/www.pr-neu.de\/newsroom\/wordpress\/wp-content\/uploads\/2023\/09\/23-24_Interview_Wucherpfennig_06_Jan_Wucherpfennig_G-2048x1366.jpg 2048w, https:\/\/www.pr-neu.de\/newsroom\/wordpress\/wp-content\/uploads\/2023\/09\/23-24_Interview_Wucherpfennig_06_Jan_Wucherpfennig_G-110x73.jpg 110w, https:\/\/www.pr-neu.de\/newsroom\/wordpress\/wp-content\/uploads\/2023\/09\/23-24_Interview_Wucherpfennig_06_Jan_Wucherpfennig_G-420x280.jpg 420w, https:\/\/www.pr-neu.de\/newsroom\/wordpress\/wp-content\/uploads\/2023\/09\/23-24_Interview_Wucherpfennig_06_Jan_Wucherpfennig_G-645x430.jpg 645w\" sizes=\"auto, (max-width: 300px) 100vw, 300px\" \/><\/a><\/p>\n<p style=\"text-align: center;\">Stuckateurmeister Jan Wucherpfennig.<\/p>\n<p>&nbsp;<\/p>\n<p style=\"text-align: center;\"><a href=\"http:\/\/www.pr-neu.de\/newsroom\/wordpress\/wp-content\/uploads\/2023\/09\/23-24_Interview_Wucherpfennig_07_Daemmplatte_Klebmoertel_G-scaled.jpg\" target=\"_blank\" rel=\"noopener\"><img loading=\"lazy\" decoding=\"async\" class=\"aligncenter wp-image-16175 size-medium\" src=\"http:\/\/www.pr-neu.de\/newsroom\/wordpress\/wp-content\/uploads\/2023\/09\/23-24_Interview_Wucherpfennig_07_Daemmplatte_Klebmoertel_G-300x200.jpg\" alt=\"\" width=\"300\" height=\"200\" srcset=\"https:\/\/www.pr-neu.de\/newsroom\/wordpress\/wp-content\/uploads\/2023\/09\/23-24_Interview_Wucherpfennig_07_Daemmplatte_Klebmoertel_G-300x200.jpg 300w, https:\/\/www.pr-neu.de\/newsroom\/wordpress\/wp-content\/uploads\/2023\/09\/23-24_Interview_Wucherpfennig_07_Daemmplatte_Klebmoertel_G-1024x683.jpg 1024w, https:\/\/www.pr-neu.de\/newsroom\/wordpress\/wp-content\/uploads\/2023\/09\/23-24_Interview_Wucherpfennig_07_Daemmplatte_Klebmoertel_G-768x512.jpg 768w, https:\/\/www.pr-neu.de\/newsroom\/wordpress\/wp-content\/uploads\/2023\/09\/23-24_Interview_Wucherpfennig_07_Daemmplatte_Klebmoertel_G-1536x1025.jpg 1536w, https:\/\/www.pr-neu.de\/newsroom\/wordpress\/wp-content\/uploads\/2023\/09\/23-24_Interview_Wucherpfennig_07_Daemmplatte_Klebmoertel_G-2048x1366.jpg 2048w, https:\/\/www.pr-neu.de\/newsroom\/wordpress\/wp-content\/uploads\/2023\/09\/23-24_Interview_Wucherpfennig_07_Daemmplatte_Klebmoertel_G-110x73.jpg 110w, https:\/\/www.pr-neu.de\/newsroom\/wordpress\/wp-content\/uploads\/2023\/09\/23-24_Interview_Wucherpfennig_07_Daemmplatte_Klebmoertel_G-420x280.jpg 420w, https:\/\/www.pr-neu.de\/newsroom\/wordpress\/wp-content\/uploads\/2023\/09\/23-24_Interview_Wucherpfennig_07_Daemmplatte_Klebmoertel_G-645x430.jpg 645w\" sizes=\"auto, (max-width: 300px) 100vw, 300px\" \/><\/a><br \/>\nDie Platten wurden im Punkt-Wulst-Verfahren auf die Fassade geklebt.<\/p>\n<p>&nbsp;<\/p>\n<p><a href=\"http:\/\/www.pr-neu.de\/newsroom\/wordpress\/wp-content\/uploads\/2023\/09\/23-24_Interview_Wucherpfennig_08_Fassade_Verputz_G-scaled.jpg\" target=\"_blank\" rel=\"noopener\"><img loading=\"lazy\" decoding=\"async\" class=\"aligncenter wp-image-16176 size-medium\" src=\"http:\/\/www.pr-neu.de\/newsroom\/wordpress\/wp-content\/uploads\/2023\/09\/23-24_Interview_Wucherpfennig_08_Fassade_Verputz_G-300x217.jpg\" alt=\"\" width=\"300\" height=\"217\" srcset=\"https:\/\/www.pr-neu.de\/newsroom\/wordpress\/wp-content\/uploads\/2023\/09\/23-24_Interview_Wucherpfennig_08_Fassade_Verputz_G-300x217.jpg 300w, https:\/\/www.pr-neu.de\/newsroom\/wordpress\/wp-content\/uploads\/2023\/09\/23-24_Interview_Wucherpfennig_08_Fassade_Verputz_G-1024x740.jpg 1024w, https:\/\/www.pr-neu.de\/newsroom\/wordpress\/wp-content\/uploads\/2023\/09\/23-24_Interview_Wucherpfennig_08_Fassade_Verputz_G-768x555.jpg 768w, https:\/\/www.pr-neu.de\/newsroom\/wordpress\/wp-content\/uploads\/2023\/09\/23-24_Interview_Wucherpfennig_08_Fassade_Verputz_G-1536x1110.jpg 1536w, https:\/\/www.pr-neu.de\/newsroom\/wordpress\/wp-content\/uploads\/2023\/09\/23-24_Interview_Wucherpfennig_08_Fassade_Verputz_G-2048x1480.jpg 2048w, https:\/\/www.pr-neu.de\/newsroom\/wordpress\/wp-content\/uploads\/2023\/09\/23-24_Interview_Wucherpfennig_08_Fassade_Verputz_G-110x79.jpg 110w, https:\/\/www.pr-neu.de\/newsroom\/wordpress\/wp-content\/uploads\/2023\/09\/23-24_Interview_Wucherpfennig_08_Fassade_Verputz_G-420x303.jpg 420w, https:\/\/www.pr-neu.de\/newsroom\/wordpress\/wp-content\/uploads\/2023\/09\/23-24_Interview_Wucherpfennig_08_Fassade_Verputz_G-595x430.jpg 595w\" sizes=\"auto, (max-width: 300px) 100vw, 300px\" \/><\/a><\/p>\n<p style=\"text-align: center;\">Anschlie\u00dfend wurde armiert und verputzt.<\/p>\n<p style=\"text-align: center;\">Bilder: Martin Baitinger \/ Sto SE &amp; Co. KGaA<\/p>\n<p>&nbsp;<\/p>\n<p><a href=\"http:\/\/www.pr-neu.de\/newsroom\/wordpress\/wp-content\/uploads\/2023\/09\/23_24_Seulingen_1_G-scaled.jpg\" target=\"_blank\" rel=\"noopener\"><img loading=\"lazy\" decoding=\"async\" class=\"aligncenter wp-image-16178 size-medium\" src=\"http:\/\/www.pr-neu.de\/newsroom\/wordpress\/wp-content\/uploads\/2023\/09\/23_24_Seulingen_1_G-300x225.jpg\" alt=\"\" width=\"300\" height=\"225\" srcset=\"https:\/\/www.pr-neu.de\/newsroom\/wordpress\/wp-content\/uploads\/2023\/09\/23_24_Seulingen_1_G-300x225.jpg 300w, https:\/\/www.pr-neu.de\/newsroom\/wordpress\/wp-content\/uploads\/2023\/09\/23_24_Seulingen_1_G-1024x768.jpg 1024w, https:\/\/www.pr-neu.de\/newsroom\/wordpress\/wp-content\/uploads\/2023\/09\/23_24_Seulingen_1_G-768x576.jpg 768w, https:\/\/www.pr-neu.de\/newsroom\/wordpress\/wp-content\/uploads\/2023\/09\/23_24_Seulingen_1_G-1536x1152.jpg 1536w, https:\/\/www.pr-neu.de\/newsroom\/wordpress\/wp-content\/uploads\/2023\/09\/23_24_Seulingen_1_G-2048x1536.jpg 2048w, https:\/\/www.pr-neu.de\/newsroom\/wordpress\/wp-content\/uploads\/2023\/09\/23_24_Seulingen_1_G-110x83.jpg 110w, https:\/\/www.pr-neu.de\/newsroom\/wordpress\/wp-content\/uploads\/2023\/09\/23_24_Seulingen_1_G-420x315.jpg 420w, https:\/\/www.pr-neu.de\/newsroom\/wordpress\/wp-content\/uploads\/2023\/09\/23_24_Seulingen_1_G-573x430.jpg 573w\" sizes=\"auto, (max-width: 300px) 100vw, 300px\" \/><\/a><\/p>\n<p><a href=\"http:\/\/www.pr-neu.de\/newsroom\/wordpress\/wp-content\/uploads\/2023\/09\/23_24_Seulingen_2_G-scaled.jpg\" target=\"_blank\" rel=\"noopener\"><img loading=\"lazy\" decoding=\"async\" class=\"wp-image-16179 size-medium aligncenter\" src=\"http:\/\/www.pr-neu.de\/newsroom\/wordpress\/wp-content\/uploads\/2023\/09\/23_24_Seulingen_2_G-300x225.jpg\" alt=\"\" width=\"300\" height=\"225\" srcset=\"https:\/\/www.pr-neu.de\/newsroom\/wordpress\/wp-content\/uploads\/2023\/09\/23_24_Seulingen_2_G-300x225.jpg 300w, https:\/\/www.pr-neu.de\/newsroom\/wordpress\/wp-content\/uploads\/2023\/09\/23_24_Seulingen_2_G-1024x768.jpg 1024w, https:\/\/www.pr-neu.de\/newsroom\/wordpress\/wp-content\/uploads\/2023\/09\/23_24_Seulingen_2_G-768x576.jpg 768w, https:\/\/www.pr-neu.de\/newsroom\/wordpress\/wp-content\/uploads\/2023\/09\/23_24_Seulingen_2_G-1536x1152.jpg 1536w, https:\/\/www.pr-neu.de\/newsroom\/wordpress\/wp-content\/uploads\/2023\/09\/23_24_Seulingen_2_G-2048x1536.jpg 2048w, https:\/\/www.pr-neu.de\/newsroom\/wordpress\/wp-content\/uploads\/2023\/09\/23_24_Seulingen_2_G-110x83.jpg 110w, https:\/\/www.pr-neu.de\/newsroom\/wordpress\/wp-content\/uploads\/2023\/09\/23_24_Seulingen_2_G-420x315.jpg 420w, https:\/\/www.pr-neu.de\/newsroom\/wordpress\/wp-content\/uploads\/2023\/09\/23_24_Seulingen_2_G-573x430.jpg 573w\" sizes=\"auto, (max-width: 300px) 100vw, 300px\" \/><\/a><\/p>\n<p><a href=\"http:\/\/www.pr-neu.de\/newsroom\/wordpress\/wp-content\/uploads\/2023\/09\/23_24_Seulingen_3_G-scaled.jpg\" target=\"_blank\" rel=\"noopener\"><img loading=\"lazy\" decoding=\"async\" class=\"wp-image-16177 size-medium aligncenter\" src=\"http:\/\/www.pr-neu.de\/newsroom\/wordpress\/wp-content\/uploads\/2023\/09\/23_24_Seulingen_3_G-300x200.jpg\" alt=\"\" width=\"300\" height=\"200\" srcset=\"https:\/\/www.pr-neu.de\/newsroom\/wordpress\/wp-content\/uploads\/2023\/09\/23_24_Seulingen_3_G-300x200.jpg 300w, https:\/\/www.pr-neu.de\/newsroom\/wordpress\/wp-content\/uploads\/2023\/09\/23_24_Seulingen_3_G-1024x683.jpg 1024w, https:\/\/www.pr-neu.de\/newsroom\/wordpress\/wp-content\/uploads\/2023\/09\/23_24_Seulingen_3_G-768x512.jpg 768w, https:\/\/www.pr-neu.de\/newsroom\/wordpress\/wp-content\/uploads\/2023\/09\/23_24_Seulingen_3_G-1536x1024.jpg 1536w, https:\/\/www.pr-neu.de\/newsroom\/wordpress\/wp-content\/uploads\/2023\/09\/23_24_Seulingen_3_G-2048x1365.jpg 2048w, https:\/\/www.pr-neu.de\/newsroom\/wordpress\/wp-content\/uploads\/2023\/09\/23_24_Seulingen_3_G-110x73.jpg 110w, https:\/\/www.pr-neu.de\/newsroom\/wordpress\/wp-content\/uploads\/2023\/09\/23_24_Seulingen_3_G-420x280.jpg 420w, https:\/\/www.pr-neu.de\/newsroom\/wordpress\/wp-content\/uploads\/2023\/09\/23_24_Seulingen_3_G-645x430.jpg 645w\" sizes=\"auto, (max-width: 300px) 100vw, 300px\" \/><\/a><\/p>\n<p style=\"text-align: center;\">Altbau in Neu: Das Einfamilienhaus nach der Sanierung. Gut ged\u00e4mmt ist der Energiebedarf niedrig \u2013 und mit den nachhaltigen Baustoffen schonten Stuckateur und Bauherr die Umwelt schon w\u00e4hrend der Bauarbeiten.<\/p>\n<p style=\"text-align: center;\">Bilder: Michael Meschede \/ Sto SE &amp; Co. KGaA<\/p>\n<p>&nbsp;<\/p>\n<hr \/>\n<p>&nbsp;<\/p>\n<p>Abdruck honorarfrei, Belegexemplar erbeten<\/p>\n","protected":false},"excerpt":{"rendered":"<p>Stuckateur Jan Wucherpfennig, Gesch\u00e4ftsf\u00fchrer der JWS GmbH in Seulingen, empfiehlt die Sto-D\u00e4mmplatte Top32 Biomass. \u00dcber die Gr\u00fcnde spricht der Fassadenprofi im Interview.<\/p>\n","protected":false},"author":9,"featured_media":16173,"comment_status":"closed","ping_status":"open","sticky":false,"template":"","format":"standard","meta":{"footnotes":""},"categories":[15],"tags":[1587,124,187,2017,2075,2633,504],"class_list":["post-16170","post","type-post","status-publish","format-standard","has-post-thumbnail","hentry","category-sto","tag-daemmplatte","tag-dammung","tag-fassade","tag-renovieren","tag-sanieren","tag-satuckateur","tag-sto-2"],"_links":{"self":[{"href":"https:\/\/www.pr-neu.de\/newsroom\/wp-json\/wp\/v2\/posts\/16170","targetHints":{"allow":["GET"]}}],"collection":[{"href":"https:\/\/www.pr-neu.de\/newsroom\/wp-json\/wp\/v2\/posts"}],"about":[{"href":"https:\/\/www.pr-neu.de\/newsroom\/wp-json\/wp\/v2\/types\/post"}],"author":[{"embeddable":true,"href":"https:\/\/www.pr-neu.de\/newsroom\/wp-json\/wp\/v2\/users\/9"}],"replies":[{"embeddable":true,"href":"https:\/\/www.pr-neu.de\/newsroom\/wp-json\/wp\/v2\/comments?post=16170"}],"version-history":[{"count":3,"href":"https:\/\/www.pr-neu.de\/newsroom\/wp-json\/wp\/v2\/posts\/16170\/revisions"}],"predecessor-version":[{"id":16182,"href":"https:\/\/www.pr-neu.de\/newsroom\/wp-json\/wp\/v2\/posts\/16170\/revisions\/16182"}],"wp:featuredmedia":[{"embeddable":true,"href":"https:\/\/www.pr-neu.de\/newsroom\/wp-json\/wp\/v2\/media\/16173"}],"wp:attachment":[{"href":"https:\/\/www.pr-neu.de\/newsroom\/wp-json\/wp\/v2\/media?parent=16170"}],"wp:term":[{"taxonomy":"category","embeddable":true,"href":"https:\/\/www.pr-neu.de\/newsroom\/wp-json\/wp\/v2\/categories?post=16170"},{"taxonomy":"post_tag","embeddable":true,"href":"https:\/\/www.pr-neu.de\/newsroom\/wp-json\/wp\/v2\/tags?post=16170"}],"curies":[{"name":"wp","href":"https:\/\/api.w.org\/{rel}","templated":true}]}}