{"id":16152,"date":"2023-09-11T08:00:03","date_gmt":"2023-09-11T06:00:03","guid":{"rendered":"https:\/\/www.pr-neu.de\/newsroom\/?p=16152"},"modified":"2023-09-08T14:16:25","modified_gmt":"2023-09-08T12:16:25","slug":"balkonablaeufe-fuer-betonplatten","status":"publish","type":"post","link":"https:\/\/www.pr-neu.de\/newsroom\/balkonablaeufe-fuer-betonplatten\/","title":{"rendered":"Balkonabl\u00e4ufe f\u00fcr Betonplatten"},"content":{"rendered":"<p><u>Loro-X Serien I und IV<\/u><\/p>\n<p><strong>Speziell f\u00fcr die Entw\u00e4sserung von Balkonen aus Betonfertigteilen aus wasserundurchl\u00e4ssigem Beton sind die Abl\u00e4ufe der Loro-Serien I und IV entwickelt. Mit dem breiten Sortiment an Formst\u00fccken bieten beide Serien hohe Flexibilit\u00e4t und somit L\u00f6sungen f\u00fcr unterschiedliche Balkonaufbauten<\/strong><\/p>\n<p>Die Serie IV aus feuerverzinktem Stahl eignet sich mit Glocke ohne Haltenocken f\u00fcr den direkten Einbau in Balkone aus wasserundurchl\u00e4ssigem Beton in Platten von 95 bis 220 mm Dicke. Mit dem flexibel positionierbaren Aufnahmering bleibt der Einschub-Winkel f\u00fcr das von oben kommende Rohr bei der bauseitigen Montage frei w\u00e4hlbar. Dadurch ist ein sicherer Ablauf \u00fcber mehrere Geschosse stets einfach realisierbar. Eine zus\u00e4tzliche Befestigung in der senkrechten Version (bis 3,00 m) ist durch die Lagesicherheit der Abl\u00e4ufe f\u00fcr das Rohrsystem nicht notwendig.<\/p>\n<p>Die Serie I gibt es mit senkrechtem und mit seitlichem Ablauf. Sie ist f\u00fcr den Einbau im Betonwerk optimiert: Die Balkonplatte kommt dann mit einbetoniertem Grundk\u00f6rper zur Baustelle. Dort sind dann nur noch die Siebe einzusetzen und die Fallrohre k\u00f6nnen durch den Ablauf ohne zus\u00e4tzliche Langmuffe problemlos montiert werden. In der senkrechten Ausf\u00fchrung l\u00e4sst die integrierte Glocke die Steckmuffe verschwinden und ist als Einzel- oder Direktablauf lieferbar. Die Serie I gibt in der senkrechten Version in DN 50, 70 und 100.<\/p>\n<p>&nbsp;<\/p>\n<hr \/>\n<p style=\"text-align: center;\">\n<p><a href=\"http:\/\/www.pr-neu.de\/newsroom\/wordpress\/wp-content\/uploads\/2023\/09\/23_13_Serie_I_1_G-scaled.jpg\" target=\"_blank\" rel=\"noopener\"><img loading=\"lazy\" decoding=\"async\" class=\"aligncenter wp-image-16155 size-medium\" src=\"http:\/\/www.pr-neu.de\/newsroom\/wordpress\/wp-content\/uploads\/2023\/09\/23_13_Serie_I_1_G-300x129.jpg\" alt=\"\" width=\"300\" height=\"129\" srcset=\"https:\/\/www.pr-neu.de\/newsroom\/wordpress\/wp-content\/uploads\/2023\/09\/23_13_Serie_I_1_G-300x129.jpg 300w, https:\/\/www.pr-neu.de\/newsroom\/wordpress\/wp-content\/uploads\/2023\/09\/23_13_Serie_I_1_G-1024x439.jpg 1024w, https:\/\/www.pr-neu.de\/newsroom\/wordpress\/wp-content\/uploads\/2023\/09\/23_13_Serie_I_1_G-768x329.jpg 768w, https:\/\/www.pr-neu.de\/newsroom\/wordpress\/wp-content\/uploads\/2023\/09\/23_13_Serie_I_1_G-1536x658.jpg 1536w, https:\/\/www.pr-neu.de\/newsroom\/wordpress\/wp-content\/uploads\/2023\/09\/23_13_Serie_I_1_G-2048x878.jpg 2048w, https:\/\/www.pr-neu.de\/newsroom\/wordpress\/wp-content\/uploads\/2023\/09\/23_13_Serie_I_1_G-110x47.jpg 110w, https:\/\/www.pr-neu.de\/newsroom\/wordpress\/wp-content\/uploads\/2023\/09\/23_13_Serie_I_1_G-420x180.jpg 420w, https:\/\/www.pr-neu.de\/newsroom\/wordpress\/wp-content\/uploads\/2023\/09\/23_13_Serie_I_1_G-770x330.jpg 770w\" sizes=\"auto, (max-width: 300px) 100vw, 300px\" \/><\/a><\/p>\n<p>&nbsp;<\/p>\n<p><a href=\"http:\/\/www.pr-neu.de\/newsroom\/wordpress\/wp-content\/uploads\/2023\/09\/23_13_Serie_I_2_G-scaled.jpg\" target=\"_blank\" rel=\"noopener\"><img loading=\"lazy\" decoding=\"async\" class=\"aligncenter wp-image-16156 size-medium\" src=\"http:\/\/www.pr-neu.de\/newsroom\/wordpress\/wp-content\/uploads\/2023\/09\/23_13_Serie_I_2_G-233x300.jpg\" alt=\"\" width=\"233\" height=\"300\" srcset=\"https:\/\/www.pr-neu.de\/newsroom\/wordpress\/wp-content\/uploads\/2023\/09\/23_13_Serie_I_2_G-233x300.jpg 233w, https:\/\/www.pr-neu.de\/newsroom\/wordpress\/wp-content\/uploads\/2023\/09\/23_13_Serie_I_2_G-794x1024.jpg 794w, https:\/\/www.pr-neu.de\/newsroom\/wordpress\/wp-content\/uploads\/2023\/09\/23_13_Serie_I_2_G-768x991.jpg 768w, https:\/\/www.pr-neu.de\/newsroom\/wordpress\/wp-content\/uploads\/2023\/09\/23_13_Serie_I_2_G-1191x1536.jpg 1191w, https:\/\/www.pr-neu.de\/newsroom\/wordpress\/wp-content\/uploads\/2023\/09\/23_13_Serie_I_2_G-1587x2048.jpg 1587w, https:\/\/www.pr-neu.de\/newsroom\/wordpress\/wp-content\/uploads\/2023\/09\/23_13_Serie_I_2_G-85x110.jpg 85w, https:\/\/www.pr-neu.de\/newsroom\/wordpress\/wp-content\/uploads\/2023\/09\/23_13_Serie_I_2_G-326x420.jpg 326w, https:\/\/www.pr-neu.de\/newsroom\/wordpress\/wp-content\/uploads\/2023\/09\/23_13_Serie_I_2_G-333x430.jpg 333w, https:\/\/www.pr-neu.de\/newsroom\/wordpress\/wp-content\/uploads\/2023\/09\/23_13_Serie_I_2_G-scaled.jpg 1984w\" sizes=\"auto, (max-width: 233px) 100vw, 233px\" \/><\/a><\/p>\n<p style=\"text-align: center;\">Serie I f\u00fcr die Balkonentw\u00e4sserung: Senkrechter und seitlicher Auslauf.<\/p>\n<p>&nbsp;<\/p>\n<p><a href=\"http:\/\/www.pr-neu.de\/newsroom\/wordpress\/wp-content\/uploads\/2023\/09\/23_13_Balko_Serie_IV_G-scaled.jpg\" target=\"_blank\" rel=\"noopener\"><img loading=\"lazy\" decoding=\"async\" class=\"aligncenter wp-image-16154 size-medium\" src=\"http:\/\/www.pr-neu.de\/newsroom\/wordpress\/wp-content\/uploads\/2023\/09\/23_13_Balko_Serie_IV_G-171x300.jpg\" alt=\"\" width=\"171\" height=\"300\" srcset=\"https:\/\/www.pr-neu.de\/newsroom\/wordpress\/wp-content\/uploads\/2023\/09\/23_13_Balko_Serie_IV_G-171x300.jpg 171w, https:\/\/www.pr-neu.de\/newsroom\/wordpress\/wp-content\/uploads\/2023\/09\/23_13_Balko_Serie_IV_G-583x1024.jpg 583w, https:\/\/www.pr-neu.de\/newsroom\/wordpress\/wp-content\/uploads\/2023\/09\/23_13_Balko_Serie_IV_G-768x1348.jpg 768w, https:\/\/www.pr-neu.de\/newsroom\/wordpress\/wp-content\/uploads\/2023\/09\/23_13_Balko_Serie_IV_G-875x1536.jpg 875w, https:\/\/www.pr-neu.de\/newsroom\/wordpress\/wp-content\/uploads\/2023\/09\/23_13_Balko_Serie_IV_G-1167x2048.jpg 1167w, https:\/\/www.pr-neu.de\/newsroom\/wordpress\/wp-content\/uploads\/2023\/09\/23_13_Balko_Serie_IV_G-63x110.jpg 63w, https:\/\/www.pr-neu.de\/newsroom\/wordpress\/wp-content\/uploads\/2023\/09\/23_13_Balko_Serie_IV_G-239x420.jpg 239w, https:\/\/www.pr-neu.de\/newsroom\/wordpress\/wp-content\/uploads\/2023\/09\/23_13_Balko_Serie_IV_G-245x430.jpg 245w, https:\/\/www.pr-neu.de\/newsroom\/wordpress\/wp-content\/uploads\/2023\/09\/23_13_Balko_Serie_IV_G-scaled.jpg 1458w\" sizes=\"auto, (max-width: 171px) 100vw, 171px\" \/><\/a><\/p>\n<p style=\"text-align: center;\">Die Serie IV \u00fcberzeugt mit flexibel positionierbarem Aufnahmering anstatt fixen Haltenocken. Die Glocke nimmt die Steckmuffe nicht sichtbar auf.<\/p>\n<p>&nbsp;<\/p>\n<p><a href=\"http:\/\/www.pr-neu.de\/newsroom\/wordpress\/wp-content\/uploads\/2023\/09\/23_13_Systemskizze_G-scaled.jpg\" target=\"_blank\" rel=\"noopener\"><img loading=\"lazy\" decoding=\"async\" class=\"aligncenter wp-image-16153 size-medium\" src=\"http:\/\/www.pr-neu.de\/newsroom\/wordpress\/wp-content\/uploads\/2023\/09\/23_13_Systemskizze_G-300x225.jpg\" alt=\"\" width=\"300\" height=\"225\" srcset=\"https:\/\/www.pr-neu.de\/newsroom\/wordpress\/wp-content\/uploads\/2023\/09\/23_13_Systemskizze_G-300x225.jpg 300w, https:\/\/www.pr-neu.de\/newsroom\/wordpress\/wp-content\/uploads\/2023\/09\/23_13_Systemskizze_G-1024x768.jpg 1024w, https:\/\/www.pr-neu.de\/newsroom\/wordpress\/wp-content\/uploads\/2023\/09\/23_13_Systemskizze_G-768x576.jpg 768w, https:\/\/www.pr-neu.de\/newsroom\/wordpress\/wp-content\/uploads\/2023\/09\/23_13_Systemskizze_G-1536x1152.jpg 1536w, https:\/\/www.pr-neu.de\/newsroom\/wordpress\/wp-content\/uploads\/2023\/09\/23_13_Systemskizze_G-2048x1536.jpg 2048w, https:\/\/www.pr-neu.de\/newsroom\/wordpress\/wp-content\/uploads\/2023\/09\/23_13_Systemskizze_G-110x83.jpg 110w, https:\/\/www.pr-neu.de\/newsroom\/wordpress\/wp-content\/uploads\/2023\/09\/23_13_Systemskizze_G-420x315.jpg 420w, https:\/\/www.pr-neu.de\/newsroom\/wordpress\/wp-content\/uploads\/2023\/09\/23_13_Systemskizze_G-573x430.jpg 573w\" sizes=\"auto, (max-width: 300px) 100vw, 300px\" \/><\/a><\/p>\n<p style=\"text-align: center;\">Balkonablauf und Anbindung an das Fallrohr \u00fcber mehrere Etagen.<\/p>\n<p style=\"text-align: center;\">Alle Bilder: Loro<\/p>\n<p>&nbsp;<\/p>\n<hr \/>\n<p>&nbsp;<\/p>\n<p>Abdruck honorarfrei, Belegexemplar erbeten<\/p>\n","protected":false},"excerpt":{"rendered":"<p>Speziell f\u00fcr die Entw\u00e4sserung von Balkonen aus Betonfertigteilen aus wasserundurchl\u00e4ssigem Beton sind die Abl\u00e4ufe der Loro-Serien I und IV entwickelt.<\/p>\n","protected":false},"author":9,"featured_media":16153,"comment_status":"closed","ping_status":"open","sticky":false,"template":"","format":"standard","meta":{"footnotes":""},"categories":[1531],"tags":[2623,1907,1855,1673,1669,1689],"class_list":["post-16152","post","type-post","status-publish","format-standard","has-post-thumbnail","hentry","category-loro","tag-abflus","tag-ablauf","tag-balkon","tag-entwaesserung","tag-loro","tag-rohr"],"_links":{"self":[{"href":"https:\/\/www.pr-neu.de\/newsroom\/wp-json\/wp\/v2\/posts\/16152","targetHints":{"allow":["GET"]}}],"collection":[{"href":"https:\/\/www.pr-neu.de\/newsroom\/wp-json\/wp\/v2\/posts"}],"about":[{"href":"https:\/\/www.pr-neu.de\/newsroom\/wp-json\/wp\/v2\/types\/post"}],"author":[{"embeddable":true,"href":"https:\/\/www.pr-neu.de\/newsroom\/wp-json\/wp\/v2\/users\/9"}],"replies":[{"embeddable":true,"href":"https:\/\/www.pr-neu.de\/newsroom\/wp-json\/wp\/v2\/comments?post=16152"}],"version-history":[{"count":1,"href":"https:\/\/www.pr-neu.de\/newsroom\/wp-json\/wp\/v2\/posts\/16152\/revisions"}],"predecessor-version":[{"id":16157,"href":"https:\/\/www.pr-neu.de\/newsroom\/wp-json\/wp\/v2\/posts\/16152\/revisions\/16157"}],"wp:featuredmedia":[{"embeddable":true,"href":"https:\/\/www.pr-neu.de\/newsroom\/wp-json\/wp\/v2\/media\/16153"}],"wp:attachment":[{"href":"https:\/\/www.pr-neu.de\/newsroom\/wp-json\/wp\/v2\/media?parent=16152"}],"wp:term":[{"taxonomy":"category","embeddable":true,"href":"https:\/\/www.pr-neu.de\/newsroom\/wp-json\/wp\/v2\/categories?post=16152"},{"taxonomy":"post_tag","embeddable":true,"href":"https:\/\/www.pr-neu.de\/newsroom\/wp-json\/wp\/v2\/tags?post=16152"}],"curies":[{"name":"wp","href":"https:\/\/api.w.org\/{rel}","templated":true}]}}