{"id":16137,"date":"2023-09-07T08:00:55","date_gmt":"2023-09-07T06:00:55","guid":{"rendered":"https:\/\/www.pr-neu.de\/newsroom\/?p=16137"},"modified":"2023-09-06T13:58:07","modified_gmt":"2023-09-06T11:58:07","slug":"know-how-von-ts-aluminium","status":"publish","type":"post","link":"https:\/\/www.pr-neu.de\/newsroom\/know-how-von-ts-aluminium\/","title":{"rendered":"Know-how von TS-Aluminium"},"content":{"rendered":"<p><u>TS-Aluminium Seminare 2024: praxisnah in der DACH-Region<\/u><\/p>\n<p><strong>Mit den aktuellen Terminen f\u00fcr 2024 weitet TS-Aluminium sein Seminarangebot aus und pr\u00e4sentiert sich serviceorientiert und kundennah in der gesamten DACH-Region.<\/strong><\/p>\n<p>Als Partner des Handwerks teilt TS-Aluminium sein Fachwissen bei den Themen Sommergarten-, Wintergarten- und Terrassendachbau. F\u00fcr 2024 ist die Zahl der Seminare und Veranstaltungsorte nochmals gestiegen. Der f\u00fchrende Profil-Hersteller veranstaltet von Januar bis M\u00e4rz neben den Seminaren zu Planung und Montage auch Fortbildungen zu Social Media und zur Software WigaCad \u2013 jeweils zugeschnitten auf die Anforderungen von Planern oder Monteuren.<\/p>\n<p>In den bereits 2023 gestarteten Social-Media-Seminaren lernen Metallverarbeiter, Bauelemente-H\u00e4ndler, Wintergarten- und Sommergarten-Profis den Umgang mit Instagram als Marketingwerkzeug, um Auftr\u00e4ge und Mitarbeiter zu gewinnen. Das Format ist das erste seiner Art, welches direkt auf die Bed\u00fcrfnisse und Gegebenheiten der Fachbetriebe zugeschnitten ist. Die Teilnehmenden erfahren, wie sie eine loyale und umsatzstarke Followerschaft aufbauen und Instagram mit wenig Zeitaufwand m\u00f6glichst gewinnbringend und effizient nutzen.<\/p>\n<p>Das Seminar f\u00fcr Planer umfasst Grundlagen zur Planung von Sommerg\u00e4rten, Winterg\u00e4rten und Terrassend\u00e4chern, inklusive hilfreicher Tools wie dem Online-Konfigurator. Neben Schneelastermittlung und Profilauswahl erfahren Planer unter anderem alles Wichtige \u00fcber die St\u00fctzenauswahl und Rinnen- und Tr\u00e4ger\u00fcberst\u00e4nde. F\u00fcr die Planungssoftware WigaCad veranstaltet TS-Aluminium 2024 erstmals ein eigenst\u00e4ndiges Seminar. Mit dem Programm lassen sich Projekte grafisch ansprechend darstellen, das erforderliche Material, Zuschnitt- und Glasma\u00dfe ermitteln und Preise kalkulieren. Das Seminar f\u00fcr Montage-Teams vermittelt kompaktes Wissen zum fachgerechten Bau der Profil-Konstruktionen. Dabei kombiniert TS-Aluminium theoretische Grundlagen in Statik, L\u00fcftung und W\u00e4rmeschutz mit der Montage in der Praxis \u2013 anschaulich in den neuen Seminarzentren in Gro\u00dfefehn und Burgst\u00e4dt.<\/p>\n<p>Anmeldung unter <a href=\"https:\/\/www.ts-alu.de\/seminare\">www.ts-alu.de\/seminare<\/a><\/p>\n<p>&nbsp;<\/p>\n<hr \/>\n<p>&nbsp;<\/p>\n<p><strong><u>Die Seminar-Termine 2024<\/u><\/strong><\/p>\n<p>&nbsp;<\/p>\n<p><strong>TS Seminar Planung f\u00fcr Winterg\u00e4rten, Sommerg\u00e4rten und Terrassend\u00e4cher<\/strong><\/p>\n<p>16.01.2024 Burgst\u00e4dt<\/p>\n<p>18.01.2024 Burgst\u00e4dt<\/p>\n<p>30.01.2024 Graz<\/p>\n<p>31.01.2024 St. P\u00f6lten<\/p>\n<p>14.02.2024 Gro\u00dfefehn<\/p>\n<p>29.02.2024 Gro\u00dfefehn<\/p>\n<p>Teilnahmegeb\u00fchr: 98 Euro zzgl. MwSt.<\/p>\n<p>&nbsp;<\/p>\n<p><strong>TS Seminar Montage f\u00fcr Winterg\u00e4rten, Sommerg\u00e4rten und Terrassend\u00e4cher<\/strong><\/p>\n<p>17.01.2024 Burgst\u00e4dt<\/p>\n<p>19.01.2024 Burgst\u00e4dt<\/p>\n<p>15.02.2024 Gro\u00dfefehn<\/p>\n<p>01.03.2024 Gro\u00dfefehn<\/p>\n<p>Teilnahmegeb\u00fchr: 98 Euro zzgl. MwSt.<\/p>\n<p>&nbsp;<\/p>\n<p><strong>TS Seminar Social-Media: \u201eInstagram-Marketing f\u00fcr Metallverarbeiter\u201c<\/strong><\/p>\n<p>15.01.2024 Gro\u00dfefehn<\/p>\n<p>16.01.2024 Gro\u00dfefehn<\/p>\n<p>23.01.2024 Burgst\u00e4dt<\/p>\n<p>30.01.2024 M\u00fcnchen<\/p>\n<p>06.02.2024 Pforzheim<\/p>\n<p>07.02.2024 K\u00f6ln<\/p>\n<p>Teilnahmegeb\u00fchr: 179 Euro zzgl. MwSt.<\/p>\n<p>&nbsp;<\/p>\n<p><strong>TS Seminar Software WigaCad<\/strong><\/p>\n<p>05.02.2024 Gro\u00dfefehn (Anf\u00e4nger)<\/p>\n<p>06.02.2024 Gro\u00dfefehn (Profi)<\/p>\n<p>12.02.2024 Burgst\u00e4dt (Anf\u00e4nger)<\/p>\n<p>13.02.2024 Burgst\u00e4dt (Profi)<\/p>\n<p>Teilnahmegeb\u00fchr: 98 Euro zzgl. MwSt.<\/p>\n<p>&nbsp;<\/p>\n<hr \/>\n<p>Abdruck honorarfrei, Belegexemplar erbeten<\/p>\n","protected":false},"excerpt":{"rendered":"<p>Mit den aktuellen Terminen f\u00fcr 2024 weitet TS-Aluminium sein Seminarangebot aus und pr\u00e4sentiert sich serviceorientiert und kundennah in der gesamten DACH-Region.<\/p>\n","protected":false},"author":10,"featured_media":13939,"comment_status":"closed","ping_status":"open","sticky":false,"template":"","format":"standard","meta":{"footnotes":""},"categories":[1761],"tags":[1969,461,2326,1893,1881,1793,2621,635],"class_list":["post-16137","post","type-post","status-publish","format-standard","has-post-thumbnail","hentry","category-ts-aluminium","tag-montage","tag-seminar","tag-social-media-seminare","tag-sommergarten","tag-terassendach","tag-ts-aluminium","tag-wigacad","tag-wintergarten"],"_links":{"self":[{"href":"https:\/\/www.pr-neu.de\/newsroom\/wp-json\/wp\/v2\/posts\/16137","targetHints":{"allow":["GET"]}}],"collection":[{"href":"https:\/\/www.pr-neu.de\/newsroom\/wp-json\/wp\/v2\/posts"}],"about":[{"href":"https:\/\/www.pr-neu.de\/newsroom\/wp-json\/wp\/v2\/types\/post"}],"author":[{"embeddable":true,"href":"https:\/\/www.pr-neu.de\/newsroom\/wp-json\/wp\/v2\/users\/10"}],"replies":[{"embeddable":true,"href":"https:\/\/www.pr-neu.de\/newsroom\/wp-json\/wp\/v2\/comments?post=16137"}],"version-history":[{"count":2,"href":"https:\/\/www.pr-neu.de\/newsroom\/wp-json\/wp\/v2\/posts\/16137\/revisions"}],"predecessor-version":[{"id":16151,"href":"https:\/\/www.pr-neu.de\/newsroom\/wp-json\/wp\/v2\/posts\/16137\/revisions\/16151"}],"wp:featuredmedia":[{"embeddable":true,"href":"https:\/\/www.pr-neu.de\/newsroom\/wp-json\/wp\/v2\/media\/13939"}],"wp:attachment":[{"href":"https:\/\/www.pr-neu.de\/newsroom\/wp-json\/wp\/v2\/media?parent=16137"}],"wp:term":[{"taxonomy":"category","embeddable":true,"href":"https:\/\/www.pr-neu.de\/newsroom\/wp-json\/wp\/v2\/categories?post=16137"},{"taxonomy":"post_tag","embeddable":true,"href":"https:\/\/www.pr-neu.de\/newsroom\/wp-json\/wp\/v2\/tags?post=16137"}],"curies":[{"name":"wp","href":"https:\/\/api.w.org\/{rel}","templated":true}]}}