{"id":16130,"date":"2023-09-11T08:00:03","date_gmt":"2023-09-11T06:00:03","guid":{"rendered":"https:\/\/www.pr-neu.de\/newsroom\/?p=16130"},"modified":"2023-09-19T09:56:56","modified_gmt":"2023-09-19T07:56:56","slug":"branchentreff-fuer-metallverarbeiter","status":"publish","type":"post","link":"https:\/\/www.pr-neu.de\/newsroom\/branchentreff-fuer-metallverarbeiter\/","title":{"rendered":"Branchentreff f\u00fcr Metallverarbeiter"},"content":{"rendered":"<p><u>Profi-Wissen von TS-Aluminium<\/u><\/p>\n<p><strong>Beim Branchentreff von TS-Aluminium erfahren Metallverarbeiter Know-how zur Positionierung des eigenen Betriebs, zum Marken-Aufbau und zum rechtssicheren Bauen und Verkaufen. Die Vortragsreihe findet im M\u00e4rz 2024 statt, zur Wahl stehen die Standorte Leipzig, Hannover, D\u00fcsseldorf und M\u00fcnchen.<\/strong><\/p>\n<p>Um sich als Sommergarten-, Wintergarten- und Terrassendachbauer durchzusetzen gilt es, sich im Wettbewerb klar zu positionieren. Als Partner des Handwerks organisiert TS-Aluminium jetzt einen Branchentreff, bei dem Verarbeiter Profi-Wissen zum Aufbau ihrer Marke sammeln und ihr Know-how zum rechtssicheren Bauen und Verkaufen erweitern. Unter dem Motto \u201eFollow us\u201c veranstaltet der Hersteller an vier Terminen Impulsvortr\u00e4ge, um Betriebe bei ihrer Positionierung zu unterst\u00fctzen.<\/p>\n<p>Im Vortrag von Marketing-Experte Oliver Prim \u201eDein Handwerk, deine Marke\u201c geht es darum, Nutzenversprechen zu kommunizieren und die richtigen Kunden und potenzielle Mitarbeiter auf sich aufmerksam machen. Die juristischen Aspekte des Wintergartenbaus von Vertragsgestaltung bis Widerruf behandelt der Impulsvortrag des Rechtsanwalts und Notars Dr. Stephan Kleinjohann \u201eRechtssicher bauen und verkaufen\u201c. \u201eRock dein Handwerk \u2013 mehr Marke, mehr Fachkr\u00e4fte, mehr Freiheit\u201c besch\u00e4ftigt sich neben der gelebten Kundenbegeisterung in Verkauf und Montage auch mit dem Aufbau einer Kunden- und Arbeitgeber-Marke \u2013 ein Vortrag des Branchenexperten Armin Leinen. Die Branchentreffen finden in Leipzig, Hannover, D\u00fcsseldorf und M\u00fcnchen statt.<\/p>\n<p>Fragen an Kim-Sarah Ukena (Telefon: +49 (0) 4943 9191-805)<\/p>\n<p>Anmeldung unter <a href=\"http:\/\/www.ts-alu.de\/seminare\">www.ts-alu.de\/seminare<\/a><\/p>\n<p>&nbsp;<\/p>\n<hr \/>\n<p>&nbsp;<\/p>\n<p><strong><u>Die Branchentreff-Termine 2024<\/u><\/strong><\/p>\n<p>&nbsp;<\/p>\n<p><strong>FOLLOW US \u2013 Der Branchentreff<\/strong><\/p>\n<p>12.03.2024 Leipzig<\/p>\n<p>13.03.2024 Hannover<\/p>\n<p>14.03.2024 D\u00fcsseldorf<\/p>\n<p>19.03.2024 M\u00fcnchen<\/p>\n<p>Teilnahmegeb\u00fchr: 149 Euro zzgl. MwSt.<\/p>\n<p>&nbsp;<\/p>\n<hr \/>\n<p>&nbsp;<\/p>\n<p style=\"text-align: center;\"><img loading=\"lazy\" decoding=\"async\" class=\"size-medium wp-image-16213 aligncenter\" src=\"http:\/\/www.pr-neu.de\/newsroom\/wordpress\/wp-content\/uploads\/2023\/09\/23-14_TS-Aluminium_Branchentreff_K-300x182.jpg\" alt=\"\" width=\"300\" height=\"182\" srcset=\"https:\/\/www.pr-neu.de\/newsroom\/wordpress\/wp-content\/uploads\/2023\/09\/23-14_TS-Aluminium_Branchentreff_K-300x182.jpg 300w, https:\/\/www.pr-neu.de\/newsroom\/wordpress\/wp-content\/uploads\/2023\/09\/23-14_TS-Aluminium_Branchentreff_K-1024x620.jpg 1024w, https:\/\/www.pr-neu.de\/newsroom\/wordpress\/wp-content\/uploads\/2023\/09\/23-14_TS-Aluminium_Branchentreff_K-768x465.jpg 768w, https:\/\/www.pr-neu.de\/newsroom\/wordpress\/wp-content\/uploads\/2023\/09\/23-14_TS-Aluminium_Branchentreff_K-1536x930.jpg 1536w, https:\/\/www.pr-neu.de\/newsroom\/wordpress\/wp-content\/uploads\/2023\/09\/23-14_TS-Aluminium_Branchentreff_K-110x67.jpg 110w, https:\/\/www.pr-neu.de\/newsroom\/wordpress\/wp-content\/uploads\/2023\/09\/23-14_TS-Aluminium_Branchentreff_K-420x254.jpg 420w, https:\/\/www.pr-neu.de\/newsroom\/wordpress\/wp-content\/uploads\/2023\/09\/23-14_TS-Aluminium_Branchentreff_K-710x430.jpg 710w, https:\/\/www.pr-neu.de\/newsroom\/wordpress\/wp-content\/uploads\/2023\/09\/23-14_TS-Aluminium_Branchentreff_K.jpg 1652w\" sizes=\"auto, (max-width: 300px) 100vw, 300px\" \/><\/p>\n<p style=\"text-align: center;\">Beim Branchentreff von TS-Aluminium erfahren Metallverarbeiter Know-how zur Positionierung des eigenen Betriebs, zum Marken-Aufbau und zum rechtssicheren Bauen und Verkaufen (v.l. TS-Aluminium Gesch\u00e4ftsf\u00fchrer Rainer Trauernicht, Rechtsanwalt und Notar Dr. Stephan Kleinjohann, Marketing-Experte Oliver Prim, Branchenexperte Armin Leinen).<\/p>\n<p style=\"text-align: center;\">Bild: TS-Aluminium-Profilsysteme GmbH &amp; Co. KG<\/p>\n<p>&nbsp;<\/p>\n<hr \/>\n<p>Abdruck honorarfrei, Belegexemplar erbeten<\/p>\n","protected":false},"excerpt":{"rendered":"<p>Beim Branchentreff von TS-Aluminium erfahren Metallverarbeiter Know-how zur Positionierung des eigenen Betriebs, zum Marken-Aufbau und zum rechtssicheren Bauen und Verkaufen. Die Vortragsreihe findet im M\u00e4rz 2024 statt, zur Wahl stehen die Standorte Leipzig, Hannover, D\u00fcsseldorf und M\u00fcnchen.<\/p>\n","protected":false},"author":10,"featured_media":16131,"comment_status":"closed","ping_status":"open","sticky":false,"template":"","format":"standard","meta":{"footnotes":""},"categories":[1761],"tags":[2615,1893,1793,635],"class_list":["post-16130","post","type-post","status-publish","format-standard","has-post-thumbnail","hentry","category-ts-aluminium","tag-branchentreff","tag-sommergarten","tag-ts-aluminium","tag-wintergarten"],"_links":{"self":[{"href":"https:\/\/www.pr-neu.de\/newsroom\/wp-json\/wp\/v2\/posts\/16130","targetHints":{"allow":["GET"]}}],"collection":[{"href":"https:\/\/www.pr-neu.de\/newsroom\/wp-json\/wp\/v2\/posts"}],"about":[{"href":"https:\/\/www.pr-neu.de\/newsroom\/wp-json\/wp\/v2\/types\/post"}],"author":[{"embeddable":true,"href":"https:\/\/www.pr-neu.de\/newsroom\/wp-json\/wp\/v2\/users\/10"}],"replies":[{"embeddable":true,"href":"https:\/\/www.pr-neu.de\/newsroom\/wp-json\/wp\/v2\/comments?post=16130"}],"version-history":[{"count":4,"href":"https:\/\/www.pr-neu.de\/newsroom\/wp-json\/wp\/v2\/posts\/16130\/revisions"}],"predecessor-version":[{"id":16215,"href":"https:\/\/www.pr-neu.de\/newsroom\/wp-json\/wp\/v2\/posts\/16130\/revisions\/16215"}],"wp:featuredmedia":[{"embeddable":true,"href":"https:\/\/www.pr-neu.de\/newsroom\/wp-json\/wp\/v2\/media\/16131"}],"wp:attachment":[{"href":"https:\/\/www.pr-neu.de\/newsroom\/wp-json\/wp\/v2\/media?parent=16130"}],"wp:term":[{"taxonomy":"category","embeddable":true,"href":"https:\/\/www.pr-neu.de\/newsroom\/wp-json\/wp\/v2\/categories?post=16130"},{"taxonomy":"post_tag","embeddable":true,"href":"https:\/\/www.pr-neu.de\/newsroom\/wp-json\/wp\/v2\/tags?post=16130"}],"curies":[{"name":"wp","href":"https:\/\/api.w.org\/{rel}","templated":true}]}}