{"id":16127,"date":"2023-11-21T08:00:30","date_gmt":"2023-11-21T07:00:30","guid":{"rendered":"https:\/\/www.pr-neu.de\/newsroom\/?p=16127"},"modified":"2025-10-06T10:44:37","modified_gmt":"2025-10-06T08:44:37","slug":"das-dach-unter-den-lamellendaechern","status":"publish","type":"post","link":"https:\/\/www.pr-neu.de\/newsroom\/das-dach-unter-den-lamellendaechern\/","title":{"rendered":"Das Dach unter den Lamellend\u00e4chern"},"content":{"rendered":"<p><u>Lamellendach tr\u00e4gt bis 350 kg\/m\u00b2 Schnee<\/u><\/p>\n<p><strong>Mit einer Tragf\u00e4higkeit von 350 Kilogramm\/Quadratmeter ist das Lamellendach von TS-Aluminium au\u00dfergew\u00f6hnlich hoch belastbar und bietet so selbst in schneereichen Gebieten hohe Sicherheit. Die innovative Lamellensteuerung erm\u00f6glicht die individuelle Wahl zwischen Sonne und Schatten unter dem Dach. Aufgrund der Statik ist es nicht nur als Beschattung, sondern auch als Dach nutzbar.<br \/>\n<\/strong><\/p>\n<p>Die Qualit\u00e4t eines Terrassendaches zeigt sich in seiner Witterungsbest\u00e4ndigkeit. Wind wirkt besonders auf Lamellend\u00e4cher, im Winter kann es zu hohen Schneelasten kommen. Hohe Sicherheit bietet hier das neue Lamellendach von TS-Aluminium: Es tr\u00e4gt geschlossen Auflasten bis 350 Kilogramm pro Quadratmeter. Diese hohe Tragf\u00e4higkeit ist Beleg f\u00fcr die Stabilit\u00e4t der Konstruktion, die auch bei starkem Wind nicht zu Schaden kommt. Aus diesem Grund ist es nicht nur als Beschattung, sondern auch als Dach nutzbar.<\/p>\n<p>Es \u00fcberzeugt zudem durch seine Funktionsvielfalt: Die bis 135 Grad drehbaren Lamellen regulieren Licht, Schatten und nat\u00fcrliche Bel\u00fcftung unter dem Dach ganz nach Wunsch \u2013 bequem per App oder Fernbedienung. Eine hochwertige Wetterautomatik (Regenw\u00e4chter) sorgt daf\u00fcr, dass sich das Dach bei Niederschlag von alleine schlie\u00dft.<\/p>\n<p>Als erstes \u00dcberdachungssystem ist die Kombination von Flachdach und Lamellendach m\u00f6glich. Weitere Ausstattungsoptionen wie LED-Beleuchtung oder Heizsysteme erweitern die Individualisierbarkeit. Der Farbton des Lamellendaches ist mit der werkseitigen Pulverbeschichtung frei w\u00e4hlbar, die Profile kommen gleich im Wunschfarbton auf die Baustelle.<\/p>\n<p>Konstruktionen bis 6,00 Meter Breite und 4,50 Meter Tiefe f\u00fcgen sich durch das geradlinige Design harmonisch in die Architektur von Haus und Garten ein \u2013 egal ob freistehend oder direkt vor die Wand montiert. In der Breite sind bei der Flachdach- und Lamellendach-Kombination keine Grenzen gesetzt, Elemente lassen sich einfach koppeln. Der Zuschnitt des Systems erfolgt einfach und ohne Spezialwerkzeug. Ebenso besteht die Option, ein Dach vorkonfektioniert, also als auf Ma\u00df zugeschnittenen Bausatz zu beziehen.<\/p>\n<p>Mehr Infos unter:<br \/>\nhttps:\/\/www.ts-alu.com\/produkte\/dachprofilsysteme\/lamellendach\/<\/p>\n<p>&nbsp;<\/p>\n<p>&nbsp;<\/p>\n<hr \/>\n<p>&nbsp;<\/p>\n<p><a href=\"http:\/\/www.pr-neu.de\/newsroom\/wordpress\/wp-content\/uploads\/2023\/09\/23-06_Lamellendach_Traglast_G-scaled.jpg\" target=\"_blank\" rel=\"noopener\"><img loading=\"lazy\" decoding=\"async\" class=\"aligncenter wp-image-16128 size-medium\" src=\"http:\/\/www.pr-neu.de\/newsroom\/wordpress\/wp-content\/uploads\/2023\/09\/23-06_Lamellendach_Traglast_G-300x236.jpg\" alt=\"\" width=\"300\" height=\"236\" srcset=\"https:\/\/www.pr-neu.de\/newsroom\/wordpress\/wp-content\/uploads\/2023\/09\/23-06_Lamellendach_Traglast_G-300x236.jpg 300w, https:\/\/www.pr-neu.de\/newsroom\/wordpress\/wp-content\/uploads\/2023\/09\/23-06_Lamellendach_Traglast_G-1024x806.jpg 1024w, https:\/\/www.pr-neu.de\/newsroom\/wordpress\/wp-content\/uploads\/2023\/09\/23-06_Lamellendach_Traglast_G-768x605.jpg 768w, https:\/\/www.pr-neu.de\/newsroom\/wordpress\/wp-content\/uploads\/2023\/09\/23-06_Lamellendach_Traglast_G-1536x1209.jpg 1536w, https:\/\/www.pr-neu.de\/newsroom\/wordpress\/wp-content\/uploads\/2023\/09\/23-06_Lamellendach_Traglast_G-2048x1613.jpg 2048w, https:\/\/www.pr-neu.de\/newsroom\/wordpress\/wp-content\/uploads\/2023\/09\/23-06_Lamellendach_Traglast_G-110x87.jpg 110w, https:\/\/www.pr-neu.de\/newsroom\/wordpress\/wp-content\/uploads\/2023\/09\/23-06_Lamellendach_Traglast_G-420x331.jpg 420w, https:\/\/www.pr-neu.de\/newsroom\/wordpress\/wp-content\/uploads\/2023\/09\/23-06_Lamellendach_Traglast_G-546x430.jpg 546w\" sizes=\"auto, (max-width: 300px) 100vw, 300px\" \/><\/a><\/p>\n<p style=\"text-align: center;\">Das Lamellendach von TS-Aluminium tr\u00e4gt geschlossen bis 350 Kilogramm Schneelast pro Quadratmeter \u2013 und ist nicht nur eine Beschattung, sondern auch ein Dach.<br \/>\nBild: TS-Aluminium-Profilsysteme GmbH &amp; Co. KG<\/p>\n<p>&nbsp;<\/p>\n<hr \/>\n<p>Abdruck honorarfrei, Belegexemplar erbeten<\/p>\n","protected":false},"excerpt":{"rendered":"<p>Mit einer Tragf\u00e4higkeit von 350 Kilogramm\/Quadratmeter ist das Lamellendach von TS-Aluminium au\u00dfergew\u00f6hnlich hoch belastbar und bietet so selbst in schneereichen Gebieten hohe Sicherheit.<\/p>\n","protected":false},"author":10,"featured_media":16128,"comment_status":"closed","ping_status":"open","sticky":false,"template":"","format":"standard","meta":{"footnotes":""},"categories":[1761],"tags":[80,1671,1883,2613,1793],"class_list":["post-16127","post","type-post","status-publish","format-standard","has-post-thumbnail","hentry","category-ts-aluminium","tag-beschattung","tag-flachdach","tag-lamellendach","tag-schnee","tag-ts-aluminium"],"_links":{"self":[{"href":"https:\/\/www.pr-neu.de\/newsroom\/wp-json\/wp\/v2\/posts\/16127","targetHints":{"allow":["GET"]}}],"collection":[{"href":"https:\/\/www.pr-neu.de\/newsroom\/wp-json\/wp\/v2\/posts"}],"about":[{"href":"https:\/\/www.pr-neu.de\/newsroom\/wp-json\/wp\/v2\/types\/post"}],"author":[{"embeddable":true,"href":"https:\/\/www.pr-neu.de\/newsroom\/wp-json\/wp\/v2\/users\/10"}],"replies":[{"embeddable":true,"href":"https:\/\/www.pr-neu.de\/newsroom\/wp-json\/wp\/v2\/comments?post=16127"}],"version-history":[{"count":5,"href":"https:\/\/www.pr-neu.de\/newsroom\/wp-json\/wp\/v2\/posts\/16127\/revisions"}],"predecessor-version":[{"id":17946,"href":"https:\/\/www.pr-neu.de\/newsroom\/wp-json\/wp\/v2\/posts\/16127\/revisions\/17946"}],"wp:featuredmedia":[{"embeddable":true,"href":"https:\/\/www.pr-neu.de\/newsroom\/wp-json\/wp\/v2\/media\/16128"}],"wp:attachment":[{"href":"https:\/\/www.pr-neu.de\/newsroom\/wp-json\/wp\/v2\/media?parent=16127"}],"wp:term":[{"taxonomy":"category","embeddable":true,"href":"https:\/\/www.pr-neu.de\/newsroom\/wp-json\/wp\/v2\/categories?post=16127"},{"taxonomy":"post_tag","embeddable":true,"href":"https:\/\/www.pr-neu.de\/newsroom\/wp-json\/wp\/v2\/tags?post=16127"}],"curies":[{"name":"wp","href":"https:\/\/api.w.org\/{rel}","templated":true}]}}