{"id":16123,"date":"2023-09-11T08:00:38","date_gmt":"2023-09-11T06:00:38","guid":{"rendered":"https:\/\/www.pr-neu.de\/newsroom\/?p=16123"},"modified":"2023-09-19T09:54:38","modified_gmt":"2023-09-19T07:54:38","slug":"ts-aluminium-eroeffnet-schulungszentrum","status":"publish","type":"post","link":"https:\/\/www.pr-neu.de\/newsroom\/ts-aluminium-eroeffnet-schulungszentrum\/","title":{"rendered":"TS-Aluminium er\u00f6ffnet Schulungszentrum"},"content":{"rendered":"<p><u>TS-Aluminium Akademie startet 2024<\/u><\/p>\n<p><strong>Mehr gelernt vor Ort \u2013 TS-Aluminium bietet in seinem neuen Schulungszentrum Montage- und Planungsseminare f\u00fcr Fachbetriebe an. 2024 wird in den neuen R\u00e4umen in Gro\u00dfefehn und Burgst\u00e4dt der Grundstein f\u00fcr die TS-Aluminium Akademie gelegt. Neben Schulungen an Produkten entwickeln die Profis hier gemeinsam mit den Metallbauern auch Konzepte f\u00fcr Showrooms und Ausstellungen auf wenig Raum f\u00fcr die Betriebe.<\/strong><\/p>\n<p>Um seinen Partnern die neuesten Produkte und Weiterentwicklungen n\u00e4her zu bringen, hat TS-Aluminium jetzt Seminar- und Schulungszentren am Stammsitz in Gro\u00dfefehn und in Burgst\u00e4dt (Sachsen) er\u00f6ffnet. In Theorie und Praxis erfahren Metallverarbeiter Tipps und Hinweise zur Montage von Sommerg\u00e4rten, Winterg\u00e4rten, Terrassend\u00e4chern und Lamellend\u00e4chern. Das Angebot findet bereits Anklang: Die ersten Planungsseminare besuchten 76 Teilnehmer und Teilnehmerinnen. Am ersten Montageseminar nahmen 127 Verarbeiter teil.<\/p>\n<p>Innerhalb von nur drei Monaten wurde ein Geb\u00e4ude in Gro\u00dfefehn umgebaut. Hier erarbeitet TS-Aluminium gemeinsam mit Fachbetrieben auch Konzepte f\u00fcr Ausstellungen auf kleinem Raum. In Burgst\u00e4dt, dem zweiten Unternehmensstandort, wurde parallel eine Au\u00dfenstelle eingerichtet. Der Anbieter von Aluminium-Profilsystemen bietet Montage- und Einzelseminare zur Besichtigung der Produkte an.<\/p>\n<p>Ab Januar 2024 stehen Gruppenseminare zur Montage und Planung rund um Winterg\u00e4rten, Sommerg\u00e4rten und Lamellend\u00e4chern auf dem Programm. Zudem wird die Akademie um einen Branchentreff erweitert. Dieses neue Modul bietet \u00fcber die klassischen Planungs- und Verarbeitungs-Themen hinaus weitere Service-Themen f\u00fcr Unternehmer an \u2013 unter anderem Marketing, Recht und Marktpositionierung. So bietet TS-Aluminium seinen Partner-Unternehmen noch mehr Unterst\u00fctzung.<\/p>\n<p>&nbsp;<\/p>\n<hr \/>\n<p>&nbsp;<\/p>\n<p style=\"text-align: center;\"><img loading=\"lazy\" decoding=\"async\" class=\"size-medium wp-image-16210 aligncenter\" src=\"http:\/\/www.pr-neu.de\/newsroom\/wordpress\/wp-content\/uploads\/2023\/09\/23-04_Schulungszentrum_Groessefehn_K-300x200.jpg\" alt=\"\" width=\"300\" height=\"200\" srcset=\"https:\/\/www.pr-neu.de\/newsroom\/wordpress\/wp-content\/uploads\/2023\/09\/23-04_Schulungszentrum_Groessefehn_K-300x200.jpg 300w, https:\/\/www.pr-neu.de\/newsroom\/wordpress\/wp-content\/uploads\/2023\/09\/23-04_Schulungszentrum_Groessefehn_K-1024x681.jpg 1024w, https:\/\/www.pr-neu.de\/newsroom\/wordpress\/wp-content\/uploads\/2023\/09\/23-04_Schulungszentrum_Groessefehn_K-768x511.jpg 768w, https:\/\/www.pr-neu.de\/newsroom\/wordpress\/wp-content\/uploads\/2023\/09\/23-04_Schulungszentrum_Groessefehn_K-1536x1022.jpg 1536w, https:\/\/www.pr-neu.de\/newsroom\/wordpress\/wp-content\/uploads\/2023\/09\/23-04_Schulungszentrum_Groessefehn_K-2048x1363.jpg 2048w, https:\/\/www.pr-neu.de\/newsroom\/wordpress\/wp-content\/uploads\/2023\/09\/23-04_Schulungszentrum_Groessefehn_K-110x73.jpg 110w, https:\/\/www.pr-neu.de\/newsroom\/wordpress\/wp-content\/uploads\/2023\/09\/23-04_Schulungszentrum_Groessefehn_K-420x279.jpg 420w, https:\/\/www.pr-neu.de\/newsroom\/wordpress\/wp-content\/uploads\/2023\/09\/23-04_Schulungszentrum_Groessefehn_K-646x430.jpg 646w\" sizes=\"auto, (max-width: 300px) 100vw, 300px\" \/><\/p>\n<p style=\"text-align: center;\">TS-Aluminium baute am Standort Gro\u00dfefehn ein bestehendes Geb\u00e4ude zu einem Schulungszentrum um. In Theorie und Praxis erfahren Metallverarbeiter Tipps und Hinweise zur Montage von Sommerg\u00e4rten, Winterg\u00e4rten, Terrassend\u00e4chern und Lamellend\u00e4chern.<\/p>\n<p>&nbsp;<\/p>\n<p><img loading=\"lazy\" decoding=\"async\" class=\"size-medium wp-image-16211 aligncenter\" src=\"http:\/\/www.pr-neu.de\/newsroom\/wordpress\/wp-content\/uploads\/2023\/09\/23-04_Schulungszentrum_Burgstaedt_K-300x169.jpg\" alt=\"\" width=\"300\" height=\"169\" srcset=\"https:\/\/www.pr-neu.de\/newsroom\/wordpress\/wp-content\/uploads\/2023\/09\/23-04_Schulungszentrum_Burgstaedt_K-300x169.jpg 300w, https:\/\/www.pr-neu.de\/newsroom\/wordpress\/wp-content\/uploads\/2023\/09\/23-04_Schulungszentrum_Burgstaedt_K-1024x576.jpg 1024w, https:\/\/www.pr-neu.de\/newsroom\/wordpress\/wp-content\/uploads\/2023\/09\/23-04_Schulungszentrum_Burgstaedt_K-768x432.jpg 768w, https:\/\/www.pr-neu.de\/newsroom\/wordpress\/wp-content\/uploads\/2023\/09\/23-04_Schulungszentrum_Burgstaedt_K-1536x864.jpg 1536w, https:\/\/www.pr-neu.de\/newsroom\/wordpress\/wp-content\/uploads\/2023\/09\/23-04_Schulungszentrum_Burgstaedt_K-2048x1152.jpg 2048w, https:\/\/www.pr-neu.de\/newsroom\/wordpress\/wp-content\/uploads\/2023\/09\/23-04_Schulungszentrum_Burgstaedt_K-110x62.jpg 110w, https:\/\/www.pr-neu.de\/newsroom\/wordpress\/wp-content\/uploads\/2023\/09\/23-04_Schulungszentrum_Burgstaedt_K-420x236.jpg 420w, https:\/\/www.pr-neu.de\/newsroom\/wordpress\/wp-content\/uploads\/2023\/09\/23-04_Schulungszentrum_Burgstaedt_K-770x430.jpg 770w, https:\/\/www.pr-neu.de\/newsroom\/wordpress\/wp-content\/uploads\/2023\/09\/23-04_Schulungszentrum_Burgstaedt_K-764x430.jpg 764w\" sizes=\"auto, (max-width: 300px) 100vw, 300px\" \/><\/p>\n<p style=\"text-align: center;\">In Burgst\u00e4dt, dem zweiten Unternehmensstandort, richtete TS-Aluminium parallel eine Au\u00dfenstelle ein.<\/p>\n<p style=\"text-align: center;\">Bilder: TS-Aluminium-Profilsysteme GmbH &amp; Co. KG<\/p>\n<p>&nbsp;<\/p>\n<hr \/>\n<p>Abdruck honorarfrei, Belegexemplar erbeten<\/p>\n","protected":false},"excerpt":{"rendered":"<p>Mehr gelernt vor Ort \u2013 TS-Aluminium bietet in seinem neuen Schulungszentrum Montage- und Planungsseminare f\u00fcr Fachbetriebe an.<\/p>\n","protected":false},"author":10,"featured_media":16125,"comment_status":"closed","ping_status":"open","sticky":false,"template":"","format":"standard","meta":{"footnotes":""},"categories":[1761],"tags":[2611,1969,462,1793],"class_list":["post-16123","post","type-post","status-publish","format-standard","has-post-thumbnail","hentry","category-ts-aluminium","tag-akademie","tag-montage","tag-seminare","tag-ts-aluminium"],"_links":{"self":[{"href":"https:\/\/www.pr-neu.de\/newsroom\/wp-json\/wp\/v2\/posts\/16123","targetHints":{"allow":["GET"]}}],"collection":[{"href":"https:\/\/www.pr-neu.de\/newsroom\/wp-json\/wp\/v2\/posts"}],"about":[{"href":"https:\/\/www.pr-neu.de\/newsroom\/wp-json\/wp\/v2\/types\/post"}],"author":[{"embeddable":true,"href":"https:\/\/www.pr-neu.de\/newsroom\/wp-json\/wp\/v2\/users\/10"}],"replies":[{"embeddable":true,"href":"https:\/\/www.pr-neu.de\/newsroom\/wp-json\/wp\/v2\/comments?post=16123"}],"version-history":[{"count":4,"href":"https:\/\/www.pr-neu.de\/newsroom\/wp-json\/wp\/v2\/posts\/16123\/revisions"}],"predecessor-version":[{"id":16212,"href":"https:\/\/www.pr-neu.de\/newsroom\/wp-json\/wp\/v2\/posts\/16123\/revisions\/16212"}],"wp:featuredmedia":[{"embeddable":true,"href":"https:\/\/www.pr-neu.de\/newsroom\/wp-json\/wp\/v2\/media\/16125"}],"wp:attachment":[{"href":"https:\/\/www.pr-neu.de\/newsroom\/wp-json\/wp\/v2\/media?parent=16123"}],"wp:term":[{"taxonomy":"category","embeddable":true,"href":"https:\/\/www.pr-neu.de\/newsroom\/wp-json\/wp\/v2\/categories?post=16123"},{"taxonomy":"post_tag","embeddable":true,"href":"https:\/\/www.pr-neu.de\/newsroom\/wp-json\/wp\/v2\/tags?post=16123"}],"curies":[{"name":"wp","href":"https:\/\/api.w.org\/{rel}","templated":true}]}}