{"id":16116,"date":"2023-09-11T08:00:08","date_gmt":"2023-09-11T06:00:08","guid":{"rendered":"https:\/\/www.pr-neu.de\/newsroom\/?p=16116"},"modified":"2023-09-14T10:39:01","modified_gmt":"2023-09-14T08:39:01","slug":"sicherheit-und-ambiente-in-einem","status":"publish","type":"post","link":"https:\/\/www.pr-neu.de\/newsroom\/sicherheit-und-ambiente-in-einem\/","title":{"rendered":"Sicherheit und Ambiente in einem"},"content":{"rendered":"<p><u>LED-Garagenbeleuchtung von Teckentrup<\/u><\/p>\n<p><strong>Licht erhellt nicht nur das Dunkel, sondern schafft auch Sicherheit und Ambiente \u2013 das gilt auch rund um die Garage. LED-Garagenbeleuchtungen von Teckentrup bieten hier die perfekte L\u00f6sung: Optisch ansprechend, mit geringem Energieverbrauch und auch im Bestand leicht zu installieren.<\/strong><\/p>\n<p>Mit dem Fokus auf durchg\u00e4ngiges Design und maximale Sicher\u00adheit ist die Teckentrup LED-Garagenbeleuchtung die Antwort auf die Bed\u00fcrfnisse von modernen Hausbesitzern. Eine optimale Ausleuchtung schreckt potenzielle Einbrecher ab und verleiht der Garage eine ansprechende Optik. Die LEDs strahlen sowohl innen als auch au\u00dfen, wodurch eine optimale Ausleuchtung mit gro\u00dfer Reichweite erreicht wird. Die Kombination aus Schutz und \u00c4sthetik bietet Komfort, Zuverl\u00e4ssigkeit und Sicherheit zugleich.<\/p>\n<p>Im Vergleich zu klassischen Ambientebeleuchtungen, die oft nur schwaches Licht bieten, setzt die Teckentrup Au\u00dfenbeleuchtung f\u00fcr Garagen auf leistungsstarke LED-Leisten. Diese beleuchten die gesamte Einfahrt mit filigraner Eleganz und sorgen so f\u00fcr ein sicheres Gef\u00fchl.<\/p>\n<p>Die Teckentrup Beleuchtungskonzepte basieren auf hochwerti\u00adgen und witterungsbest\u00e4ndigen LED-Leisten f\u00fcr den Au\u00dfenein\u00adsatz im Sturz der Garage. Mit 1.500 Lumen pro Meter und einer Lichtfarbe von 4.000 Kelvin leuchten sie die Fl\u00e4che vor dem Garagentor hervorragend aus. Smart-Home-Steuerung und Dimmbarkeit sind optional erh\u00e4ltlich, alternativ kann die Beleuchtung \u00fcber den Antrieb gesteuert werden. Sogar Garagen anderer Hersteller k\u00f6nnen damit nachger\u00fcstet werden und sie passen dank modularer L\u00e4ngen zu den g\u00e4ngigen Torbreiten.<\/p>\n<p>Die magnetischen LED-Stripes f\u00fcr Innen sorgen mit 6.000 Lumen Lichtleistung und neutralwei\u00dfem Licht schnell f\u00fcr optimale Sicht in der Garage \u2013 auch in der Nacht. Analog zur Au\u00dfenbeleuchtung lassen sie sich \u00fcber einen Bewegungs\u00admelder automatisch schalten.<\/p>\n<p>Fast wie ein K\u00fchlschrankmagnet: Die einfache Montage mittels magnetischer Befestigung an den Laufschienen der Tore erm\u00f6g\u00adlicht eine schnelle Installation in nur 15 Minuten. Mit maximal 72 Watt Verbrauch sind die LEDs zudem sehr verbrauchsarm.<\/p>\n<p>&nbsp;<\/p>\n<hr \/>\n<p>&nbsp;<\/p>\n<p><a href=\"http:\/\/www.pr-neu.de\/newsroom\/wordpress\/wp-content\/uploads\/2023\/09\/23-17-Beleuchtung_K.jpg\" target=\"_blank\" rel=\"noopener\"><img loading=\"lazy\" decoding=\"async\" class=\"wp-image-16117 size-medium aligncenter\" src=\"http:\/\/www.pr-neu.de\/newsroom\/wordpress\/wp-content\/uploads\/2023\/09\/23-17-Beleuchtung_K-300x150.jpg\" alt=\"\" width=\"300\" height=\"150\" srcset=\"https:\/\/www.pr-neu.de\/newsroom\/wordpress\/wp-content\/uploads\/2023\/09\/23-17-Beleuchtung_K-300x150.jpg 300w, https:\/\/www.pr-neu.de\/newsroom\/wordpress\/wp-content\/uploads\/2023\/09\/23-17-Beleuchtung_K-1024x511.jpg 1024w, https:\/\/www.pr-neu.de\/newsroom\/wordpress\/wp-content\/uploads\/2023\/09\/23-17-Beleuchtung_K-768x383.jpg 768w, https:\/\/www.pr-neu.de\/newsroom\/wordpress\/wp-content\/uploads\/2023\/09\/23-17-Beleuchtung_K-1536x766.jpg 1536w, https:\/\/www.pr-neu.de\/newsroom\/wordpress\/wp-content\/uploads\/2023\/09\/23-17-Beleuchtung_K-2048x1021.jpg 2048w, https:\/\/www.pr-neu.de\/newsroom\/wordpress\/wp-content\/uploads\/2023\/09\/23-17-Beleuchtung_K-110x55.jpg 110w, https:\/\/www.pr-neu.de\/newsroom\/wordpress\/wp-content\/uploads\/2023\/09\/23-17-Beleuchtung_K-420x209.jpg 420w, https:\/\/www.pr-neu.de\/newsroom\/wordpress\/wp-content\/uploads\/2023\/09\/23-17-Beleuchtung_K-770x384.jpg 770w\" sizes=\"auto, (max-width: 300px) 100vw, 300px\" \/><\/a><\/p>\n<p style=\"text-align: center;\">Die Teckentrup Au\u00dfenbeleuchtung f\u00fcr Garagentore illuminiert die gesamte Einfahrt und punktet mit filigraner und eleganter Optik. LED-Stripes leuchten mit neutralwei\u00dfem Licht die gesamte Garage vollst\u00e4ndig aus. Viele herk\u00f6mmliche Beleuchtungen an Garagentorantrieben sind h\u00e4ufig nur punktuell ausgerichtet und leuchten die Garage nicht optimal aus.<\/p>\n<p style=\"text-align: center;\">Bild: Teckentrup<\/p>\n<p>&nbsp;<\/p>\n<hr \/>\n<p>Abdruck honorarfrei, Belegexemplar erbeten<\/p>\n","protected":false},"excerpt":{"rendered":"<p>LED-Garagenbeleuchtungen von Teckentrup bieten hier die perfekte Licht-L\u00f6sung: Optisch ansprechend, mit geringem Energieverbrauch und auch im Bestand leicht zu installieren.<\/p>\n","protected":false},"author":9,"featured_media":16117,"comment_status":"closed","ping_status":"open","sticky":false,"template":"","format":"standard","meta":{"footnotes":""},"categories":[18],"tags":[2603,2605,2607,565],"class_list":["post-16116","post","type-post","status-publish","format-standard","has-post-thumbnail","hentry","category-teckentrup","tag-aussenbeleuchtung","tag-garagentore","tag-led-leisten","tag-teckentrup"],"_links":{"self":[{"href":"https:\/\/www.pr-neu.de\/newsroom\/wp-json\/wp\/v2\/posts\/16116","targetHints":{"allow":["GET"]}}],"collection":[{"href":"https:\/\/www.pr-neu.de\/newsroom\/wp-json\/wp\/v2\/posts"}],"about":[{"href":"https:\/\/www.pr-neu.de\/newsroom\/wp-json\/wp\/v2\/types\/post"}],"author":[{"embeddable":true,"href":"https:\/\/www.pr-neu.de\/newsroom\/wp-json\/wp\/v2\/users\/9"}],"replies":[{"embeddable":true,"href":"https:\/\/www.pr-neu.de\/newsroom\/wp-json\/wp\/v2\/comments?post=16116"}],"version-history":[{"count":6,"href":"https:\/\/www.pr-neu.de\/newsroom\/wp-json\/wp\/v2\/posts\/16116\/revisions"}],"predecessor-version":[{"id":16191,"href":"https:\/\/www.pr-neu.de\/newsroom\/wp-json\/wp\/v2\/posts\/16116\/revisions\/16191"}],"wp:featuredmedia":[{"embeddable":true,"href":"https:\/\/www.pr-neu.de\/newsroom\/wp-json\/wp\/v2\/media\/16117"}],"wp:attachment":[{"href":"https:\/\/www.pr-neu.de\/newsroom\/wp-json\/wp\/v2\/media?parent=16116"}],"wp:term":[{"taxonomy":"category","embeddable":true,"href":"https:\/\/www.pr-neu.de\/newsroom\/wp-json\/wp\/v2\/categories?post=16116"},{"taxonomy":"post_tag","embeddable":true,"href":"https:\/\/www.pr-neu.de\/newsroom\/wp-json\/wp\/v2\/tags?post=16116"}],"curies":[{"name":"wp","href":"https:\/\/api.w.org\/{rel}","templated":true}]}}